{"id":584015,"date":"2023-05-17T00:00:16","date_gmt":"2023-05-17T06:00:16","guid":{"rendered":"https:\/\/www.diarioimagen.net\/?p=584015"},"modified":"2023-05-17T00:30:42","modified_gmt":"2023-05-17T06:30:42","slug":"2-9-millones-de-cruceristas-llegan-a-mexico-torruco","status":"publish","type":"post","link":"https:\/\/www.diarioimagen.net\/?p=584015","title":{"rendered":"2.9 millones de cruceristas llegan a M\u00e9xico: Torruco"},"content":{"rendered":"<h2>Hora 14<\/h2>\n<h5>Mauricio Conde Olivares<\/h5>\n<p>&nbsp;<\/p>\n<p>La protecci\u00f3n al n\u00facleo familiar y de grupos vulnerables como son las ni\u00f1as, ni\u00f1os y adolescentes es la principal l\u00ednea de acci\u00f3n del gobierno municipal en Benito Ju\u00e1rez, cuya cabecera es Canc\u00fan, encabezado por Ana Paty Peralta, pues no todo en el principal destino tur\u00edstico de M\u00e9xico son sol y playas, tambi\u00e9n sobresale su crisol pluricultural fruto de intensa migraci\u00f3n tanto de nacionales como extranjeros junto con un innegable \u00e9xito econ\u00f3mico que atrae muchos positivos pero tambi\u00e9n rubros negativos, que deben ser visibilizados.<\/p>\n<p>En una de sus actividades p\u00fablicas en su extensa agenda, ayer la Presidenta Municipal, Ana Paty Peralta, reconoci\u00f3 la labor y otorg\u00f3 la indumentaria completa para 36 elementos del Grupo Especializado en Atenci\u00f3n a la Violencia Familiar y de G\u00e9nero (GEAVIG).<\/p>\n<p>As\u00ed se expres\u00f3: \u201cCon esta entrega de uniformes al personal del Grupo Especializado en Atenci\u00f3n a la Violencia Familiar y de G\u00e9nero (GEAVIG), equipamos a nuestras mujeres y hombres que cumplen con una funci\u00f3n sumamente importante de atender a las v\u00edctimas de estos hechos y a quienes enaltecen nuestra instituci\u00f3n por su compromiso de servir, salvaguardar y velar por la seguridad de las y los cancunenses y muy en especial de nuestras ni\u00f1as, ni\u00f1os, adolescentes y mujeres\u201d.<\/p>\n<p>En el evento en la explanada de la Secretar\u00eda Municipal de Seguridad P\u00fablica y Tr\u00e1nsito, coment\u00f3 al personal que esta vestimenta oficial es para su seguridad, para que siempre brinden un servicio profesional bien identificados y con una correcta imagen, as\u00ed como para que los ubiquen y reconozcan en las calles como servidores p\u00fablicos con alto compromiso, que ayudar\u00e1n a la ciudadan\u00eda ante una situaci\u00f3n de abuso o violencia.<\/p>\n<p>\u201cCuentan con todo mi apoyo y mi respaldo para la instituci\u00f3n, para ustedes nuestros elementos y para los retos que una ciudad l\u00edder en el ramo tur\u00edstico en Latinoam\u00e9rica requiere. Pero tambi\u00e9n necesitamos del compromiso de todas y todos para hacer de Canc\u00fan la transformaci\u00f3n que necesita en materia de seguridad\u201d, dijo.<\/p>\n<p>En presencia de la presidenta honoraria del DIF Quintana Roo, Ver\u00f3nica Lezama Espinosa, en representaci\u00f3n de la gobernadora Mara Lezama, as\u00ed como otras autoridades municipales y estatales, la Primera Autoridad Municipal resalt\u00f3 que Benito Ju\u00e1rez se suma a la iniciativa estatal del Nuevo Modelo de Seguridad Ciudadana, que se sustenta en los principios para preservar la libertad, salvaguardar los derechos humanos y restablecer la paz y el orden, con el cual se trabaja de la mano y con todo el apoyo para lograr el bienestar de las y los cancunenses.<\/p>\n<p>\u201cQuiero decirles que reconocemos su trabajo, su entrega y su compromiso; que con ustedes estamos haciendo una gran diferencia, con tareas de prevenci\u00f3n, sensibilizaci\u00f3n, investigaci\u00f3n, diagn\u00f3stico, atenci\u00f3n y acompa\u00f1amiento a las v\u00edctimas de violencia familiar y de g\u00e9nero. Hoy Canc\u00fan nos une por este objetivo: que sepan nuestras ni\u00f1as, ni\u00f1os, adolescentes y mujeres, que no est\u00e1n solos y que estamos dispuestos a alzar la voz para protegerlos y defenderlos\u201d, afirm\u00f3.<\/p>\n<p>Como parte del protocolo, la Presidenta Municipal entreg\u00f3 los juegos de uniformes completos consistentes en pantal\u00f3n, playera tipo polo, chaqueta, botas t\u00e1cticas y zapatos tipo choclo, adem\u00e1s otorg\u00f3 un reconocimiento especial a Aurora X\u00f3chitl Cort\u00e9s Hern\u00e1ndez, por 30 a\u00f1os de servicio en la corporaci\u00f3n policiaca, dentro de los cuales cinco han sido como parte de GEAVIG.<\/p>\n<p>Por otra parte, le comento que la secretaria de Medio Ambiente y Recursos Naturales, Mar\u00eda Luisa Albores Gonz\u00e1lez, inform\u00f3 que en los tramos 5, 6 y 7 del proyecto Tren Maya se trabaja para seguir incrementando la superficie de conservaci\u00f3n de los recursos naturales con la creaci\u00f3n de m\u00e1s \u00c1reas Naturales Protegidas.<\/p>\n<p>Explic\u00f3 que en julio del 2022 se decret\u00f3 el \u00c1rea de Protecci\u00f3n de Flora y Fauna Jaguar, con 2,249.7 hect\u00e1reas, y este a\u00f1o se sumar\u00e1 el ANP El Mangle, en Puerto Morelos, con 505.2 hect\u00e1reas, h\u00e1bitat de mangle, cocodrilo, iguana espinosa rayada, mono ara\u00f1a, entre otras especies.<\/p>\n<p>Asimismo, se avanza en la ampliaci\u00f3n de la Reserva de la Biosfera Calakmul, que consta de 723 mil hect\u00e1reas, a la cual se suman 626 mil hect\u00e1reas para tener el espacio de reserva de zona tropical m\u00e1s grande de Am\u00e9rica despu\u00e9s de Las Amazonas, con la que se pretende garantizar la conectividad entre el ANP Laguna de T\u00e9rminos y el ANP Calakmul, indic\u00f3 la titular de la Semarnat.<\/p>\n<p>De forma paralela se trabaja en la creaci\u00f3n de un parque tem\u00e1tico y espacio educativo que conectar\u00e1 al Parque Nacional Tulum, al APFF Jaguar y a la Reserva de la Biosfera Caribe Mexicano.<\/p>\n<p>En cuanto al trabajo con las comunidades, indic\u00f3 que se han desarrollado 418 proyectos forestales con una inversi\u00f3n de 392.9 millones de pesos, que constan de cursos de capacitaci\u00f3n para la conservaci\u00f3n y uso sustentable de recursos forestales, brigadas rurales de vigilancia, manejo del fuego, protecci\u00f3n contra incendios forestales y sanidad forestal, entre otras acciones.<\/p>\n<p>Finalmente, para el cuidado de macizos forestales se tiene la participaci\u00f3n de 99 brigadas de vigilancia, prevenci\u00f3n y combate de incendios entre Campeche y Quintana Roo y que se mantendr\u00e1n vigentes desde el 2021 al 2025.<\/p>\n<p>Tambi\u00e9n, le participo que el secretario de Turismo del Gobierno de M\u00e9xico, Miguel Torruco Marqu\u00e9s, dio a conocer que en el primer trimestre de 2023 arribaron a los diferentes puertos de nuestro pa\u00eds dos millones 978 mil pasajeros en cruceros, lo que representa un incremento de 85.3% respecto al mismo periodo del a\u00f1o pasado, y de 8.5% comparado con el primer trimestre de 2019.<\/p>\n<p>El titular de la Secretar\u00eda de Turismo (Sectur) inform\u00f3 que en el periodo enero marzo de 2023, se registr\u00f3 la llegada de 995 cruceros, representando un incremento de 27.4%\u00a0 a lo registrado en el mismo periodo de 2022. Destac\u00f3 que la llegada de excursionistas en cruceros a M\u00e9xico, los primeros tres meses del a\u00f1o, represent\u00f3 un ingreso en divisas de 241 millones de d\u00f3lares, esto es 104% comparado con el primer trimestre de 2022; y un incremento de 28.5% lo captado de enero a marzo de 2019.\u00a0\u00a0 Indic\u00f3 que, en el primer trimestre del a\u00f1o, el gasto promedio fue de 80.9 d\u00f3lares, superando en 10.1% a lo registrado en el mismo periodo de 2022 de 73.5 d\u00f3lares.<\/p>\n<p>El secretario de Turismo se\u00f1al\u00f3 que los puertos que recibieron mayor n\u00famero de pasajeros en crucero en M\u00e9xico en este lapso fueron: Cozumel y Mahahual, en Quintana Roo; Cabo San Lucas, Baja California Sur; Ensenada, Baja California; y Puerto Vallarta, Jalisco; los cuales representaron el 88.3% del total de pasajeros.<\/p>\n<p>Torruco Marqu\u00e9s detall\u00f3 que, en los primeros tres meses del a\u00f1o, Cozumel, Quintana Roo, registr\u00f3 409 arribos, y un mill\u00f3n 289 mil 437 pasajeros; una variaci\u00f3n de 18.9% y 115.1% m\u00e1s que el a\u00f1o pasado.\u00a0 Mahahual, Quintana Roo, report\u00f3 145 llegadas, con 489 mil 587 cruceristas, esto es 22% menos embarcaciones, sin embargo, representa 48.5% m\u00e1s pasajeros que en el primer trimestre de 2022.<\/p>\n<p>De enero a marzo de 2023, a Cabo San Lucas, Baja California, arribaron 100 embarcaciones con un total de 304 mil 614 pasajeros; lo que significa 26.6% y 132.4%, respectivamente, comparado con 2022.<\/p>\n<p>El titular de Sectur precis\u00f3 que Ensenada, Baja California, registr\u00f3 el arribo de 92 cruceros, en los cuales llegaron 274 mil 352 pasajeros; un incremento de 253.8% y 506.1%, respectivamente contra el mismo periodo de 2022.<\/p>\n<p>En el periodo enero-marzo 2023, Puerto Vallarta, Jalisco, llegaron 72 cruceros y 221 mil 593 pasajeros, esto representa un crecimiento de 28.6% y 113.8%, respectivamente, respecto al primer trimestre de 2022.<\/p>\n<p>En otro orden, conviene que sepa que la Fiscal\u00eda Especializada de Asuntos Internos de la Fiscal\u00eda General de la Rep\u00fablica, ha integrado una carpeta de investigaci\u00f3n por la contrataci\u00f3n y adquisici\u00f3n del sistema PEGASUS, para la entonces PGR, todo ello en el a\u00f1o de 2014.<\/p>\n<p>La contrataci\u00f3n fue hecha por Tom\u00e1s \u201cZ\u201d, ex titular de la AIC; Judith Aracely \u201cG\u201d, ex oficial mayor; Vidal \u201cD\u201d, ex titular de la PFM; y Rigoberto \u201cG\u201d, ex director de Informaci\u00f3n sobre Actividades Delictivas, del Centro Nacional de Planeaci\u00f3n, An\u00e1lisis e Informaci\u00f3n para el Combate a la Delincuencia.<\/p>\n<p>Los delitos imputados son peculado, fraude equiparado, uso indebido de atribuciones y facultades, y asociaci\u00f3n delictuosa. El monto de la operaci\u00f3n fue de 460 millones de pesos, por un sistema que no tiene la nueva Administraci\u00f3n Federal; que nunca ha usado la FGR, y que fue adquirido il\u00edcitamente.<\/p>\n<p>Esta investigaci\u00f3n es independiente de la ya judicializada por la FGR, debido a diversas intervenciones ilegales por el uso de Pegasus en la administraci\u00f3n pasada y de las que se cuenta con vinculaciones a proceso, de lo cual se ha informado oportunamente; empero, lo anterior ser\u00e1 motivo de otro an\u00e1lisis en posterior entrega de <strong><em>Hora 14<\/em><\/strong>.<\/p>\n<p><em><a href=\"mailto:%20mauricio_conde@msn.com\" target=\"_blank\" rel=\"noopener noreferrer\">mauricioconde59@outlook.com<\/a><\/em><br \/>\n<em>Twitter: <a href=\"https:\/\/twitter.com\/mauconde\" target=\"_blank\" rel=\"noopener\">@mauconde<\/a><\/em><\/p>\n","protected":false},"excerpt":{"rendered":"<p><span style=\"color: #005497;\"><strong>Mauricio Conde Olivares<\/strong><\/span><\/p>\n","protected":false},"author":3,"featured_media":0,"comment_status":"open","ping_status":"open","sticky":false,"template":"","format":"standard","meta":{"_monsterinsights_skip_tracking":false,"_monsterinsights_sitenote_active":false,"_monsterinsights_sitenote_note":"","_monsterinsights_sitenote_category":0,"footnotes":""},"categories":[35889],"tags":[43712,43674,44860],"class_list":["post-584015","post","type-post","status-publish","format-standard","hentry","category-mauricio-conde-olivares","tag-mauricio-conde-olivares","tag-opinion","tag-hora-14"],"_links":{"self":[{"href":"https:\/\/www.diarioimagen.net\/index.php?rest_route=\/wp\/v2\/posts\/584015","targetHints":{"allow":["GET"]}}],"collection":[{"href":"https:\/\/www.diarioimagen.net\/index.php?rest_route=\/wp\/v2\/posts"}],"about":[{"href":"https:\/\/www.diarioimagen.net\/index.php?rest_route=\/wp\/v2\/types\/post"}],"author":[{"embeddable":true,"href":"https:\/\/www.diarioimagen.net\/index.php?rest_route=\/wp\/v2\/users\/3"}],"replies":[{"embeddable":true,"href":"https:\/\/www.diarioimagen.net\/index.php?rest_route=%2Fwp%2Fv2%2Fcomments&post=584015"}],"version-history":[{"count":0,"href":"https:\/\/www.diarioimagen.net\/index.php?rest_route=\/wp\/v2\/posts\/584015\/revisions"}],"wp:attachment":[{"href":"https:\/\/www.diarioimagen.net\/index.php?rest_route=%2Fwp%2Fv2%2Fmedia&parent=584015"}],"wp:term":[{"taxonomy":"category","embeddable":true,"href":"https:\/\/www.diarioimagen.net\/index.php?rest_route=%2Fwp%2Fv2%2Fcategories&post=584015"},{"taxonomy":"post_tag","embeddable":true,"href":"https:\/\/www.diarioimagen.net\/index.php?rest_route=%2Fwp%2Fv2%2Ftags&post=584015"}],"curies":[{"name":"wp","href":"https:\/\/api.w.org\/{rel}","templated":true}]}}