{"id":584020,"date":"2023-05-17T00:02:53","date_gmt":"2023-05-17T06:02:53","guid":{"rendered":"https:\/\/www.diarioimagen.net\/?p=584020"},"modified":"2023-05-17T00:35:45","modified_gmt":"2023-05-17T06:35:45","slug":"el-reconocimiento-a-annie-pardo-no-es-patito","status":"publish","type":"post","link":"https:\/\/www.diarioimagen.net\/?p=584020","title":{"rendered":"\u00bfEl reconocimiento a Annie Pardo no es \u201cpatito\u201d?"},"content":{"rendered":"<h2>La Retaguardia<\/h2>\n<h5>Adriana Moreno Cordero<\/h5>\n<p>&nbsp;<\/p>\n<ul>\n<li><strong><em>Maestros de la CNTE acusan a su c\u00fapula de \u201ccharra y corrupta\u201d<\/em><\/strong><\/li>\n<\/ul>\n<p>&nbsp;<\/p>\n<p>\u00bfPor qu\u00e9 en su gustad\u00edsimo \u201cstand-up\u201d ma\u00f1anero el presidente <strong>Andr\u00e9s Manuel L\u00f3pez Obrador<\/strong> no ha dicho nada sobre el Premio Nacional de Ciencias 2022, en la categor\u00eda de Ciencias F\u00edsico-Matem\u00e1ticas y Naturales, que recibi\u00f3 la se\u00f1ora <strong>Annie Pardo,<\/strong> madre de su \u201ccorcholata\u201d favorita,? Sin duda, la cient\u00edfica no necesit\u00f3 acudir a la Plaza Santo Domingo, a donde est\u00e1n los t\u00edtulos \u201cpatito\u201d y como ella es tambi\u00e9n otra de las consentidas de Palacio Nacional, pues no ocup\u00f3 nada m\u00e1s; teniendo una hija a la que todas las encuestas de cara a la presidencial de 2024, la colocan con algo as\u00ed como el 45 por ciento de las preferencias, dejando en un lejano 29 por ciento al secretario de Relaciones Exteriores, <strong>Marcelo Ebrard,<\/strong> y en un tercer lugar, la sorpresa la dio el diputado del PT, <strong>Gerardo Fern\u00e1ndez Noro\u00f1a<\/strong>, quien se supone que ha relegado al cuarto sitio, ni m\u00e1s ni menos que al flamante secretario de Gobernaci\u00f3n, <strong>Ad\u00e1n Augusto L\u00f3pez Hern\u00e1ndez<\/strong>. \u00bfSer\u00e1?<\/p>\n<p>Esto \u00faltimo porque se dice desde hace mucho tiempo, que las encuestas son de quien las compra y -seg\u00fan se sabe- en Palacio Nacional les ha dado por adquirir todo tipo de sondeos, siempre y cuando reporten que Morena ser\u00e1 el ganador y con una condici\u00f3n m\u00e1s, que les vendan a los de esta errada y llamada Cuarta Transformaci\u00f3n que obtendr\u00e1n de forma casi, casi garantizada la mayor\u00eda absoluta, misma que les urge para sacar adelante las \u00faltimas ocurrencias de L\u00f3pez Obrador.<\/p>\n<p>El Presidente ha guardado silencio tanto en el hurac\u00e1n en el que estar\u00eda metido el secretario de la Defensa Nacional, <strong>Luis Cresencio Sandoval<\/strong>, como en el premio que recibi\u00f3 la doctora Pardo, pero -eso s\u00ed, no ha cesado en dirigir ataques diarios a la Suprema Corte de Justicia de la Naci\u00f3n y en general, al Poder Judicial. Este asunto ha trascendido las fronteras nacionales y para muestra, ah\u00ed est\u00e1 lo dicho por la International\u00a0Bar Association (IBA)<strong>, <\/strong>una de las organizaciones de juristas m\u00e1s prestigiosas a nivel mundial, que manifest\u00f3 su inquietud por la necedad de L\u00f3pez Obrador por acabar -as\u00ed de plano- con el Poder Judicial y someterlo al Ejecutivo, \u201ctras la profusi\u00f3n de\u00a0graves y repetidos comentarios\u00a0que afectan la integridad de la Suprema Corte de Justicia de la Naci\u00f3n\u201d, se\u00f1al\u00f3 la Presidenta de la IBA, <strong>Almudena Arp\u00f3n de Mend\u00edvil Aldama<\/strong>, que agreg\u00f3 que con esta actitud del tabasque\u00f1o, lo \u00fanico que conseguir\u00e1 es ahuyentar la inversi\u00f3n.<\/p>\n<p>Finalmente, se consign\u00f3 en este espacio en anterior entrega, que los maestros de la Coordinadora Nacional de Trabajadores de la Educaci\u00f3n (CNTE) ya se le hab\u00edan volteado a L\u00f3pez Obrador. Y si alguna duda hubiera, ayer por la ma\u00f1ana intentaron entrar de manera por dem\u00e1s violenta a Palacio Nacional.<\/p>\n<p>El papel de los mentores de la Coordinadora, desde varias administraciones atr\u00e1s, ha sido el ser una oposici\u00f3n radical. Lo que nunca imagin\u00f3 el Ejecutivo es que lo ser\u00edan tambi\u00e9n para \u00e9l.<\/p>\n<p><strong>Pedro Hern\u00e1ndez Morales<\/strong>, CNTE, Secci\u00f3n 9 de la CDMX, habl\u00f3 a nombre de la Coordinadora reiter\u00f3 que el aumento otorgado, que el tabasque\u00f1o anunci\u00f3 con \u201cbombo y platillo\u201d, es insuficiente porque con mucho, no logra resarcir el de por s\u00ed mermado poder adquisitivo<\/p>\n<p>Record\u00f3 que en administraciones anteriores, el aumento no rebasaba el 4 por ciento y por ende, los salarios profesionales contin\u00faan con un rezago porque deber\u00edan tener una recuperaci\u00f3n importante.<\/p>\n<p>Lo interesante es que Hern\u00e1ndez Morales se lanz\u00f3 directo contra la c\u00fapula del CNTE, al acusarla de ser una dirigencia \u201ccharra y corrupta\u201d.<\/p>\n<p>Asimismo, el dirigente de la Secci\u00f3n 9, hizo \u00e9nfasis en que en Palacio Nacional se busca extinguir la Direcci\u00f3n de Educaci\u00f3n Ind\u00edgena Intercultural, o en todo caso, que dependa del Instituto Ind\u00edgena. Demandaron que se retire la iniciativa que pretend\u00eda bajo un esquema de ahorro y austeridad, acabar con dicha direcci\u00f3n<\/p>\n<p>En lo que respecta a los maestros de Oaxaca, la situaci\u00f3n no es mejor. Maestros de la legendaria Secci\u00f3n 22 de la Coordinadora, cerraron el aeropuerto de esta entidad y frente a esto, El gobernador Salom\u00f3n Jara ha demostrado no tener la capacidad de controlar a quienes supuso sus aliados.<\/p>\n<p>As\u00ed es que, \u00bfesta errada y llamada Cuarta Transformaci\u00f3n podr\u00e1 con esta bomba o les explotar\u00e1 en las manos? Al tiempo.<\/p>\n<p style=\"text-align: center;\"><strong>Municiones<\/strong><\/p>\n<p>*** En su calidad de integrantes del Consejo Asesor Econ\u00f3mico de la Presidencia de la Rep\u00fablica, llegaron a Palacio Nacional, convocados por el tabasque\u00f1o, entre otros: <strong>Miguel Rinc\u00f3n<\/strong>, el compadre favorito ni m\u00e1s ni menos que del presidente L\u00f3pez Obrador que como corresponde, se encarg\u00f3 de pintar el rosado mundo de <em>Amlolandia<\/em> y optimista, se\u00f1al\u00f3 que M\u00e9xico crece por arriba del 3 por ciento. Tambi\u00e9n estuvieron <strong>Carlos Hank<\/strong>, de Grupo Banorte y\u00a0 <strong>Germ\u00e1n Larrea<\/strong>, de Grupo M\u00e9xico, justo el mismo d\u00eda en que el Ejecutivo dio el visto bueno para que Larrea adquiera Citibanamex. En su ma\u00f1anera manifest\u00f3: \u201cNo hay de parte del gobierno ninguna inconformidad ni ning\u00fan problema en que se lleve a cabo esa operaci\u00f3n\u2026 Tenemos diferencias con ellos pero ese es otro asunto. En los corrillos pol\u00edticos y econ\u00f3micos se dice que la venta de Citibanamex bien podr\u00eda ser un distractor para que -para variar- no se aborden los temas preocupantes y con los que nunca ha podido esta errada y llamada Cuarta Transformaci\u00f3n. Adem\u00e1s, en caso de cerrarse la operaci\u00f3n, de la que todav\u00eda no hay fecha, s\u00ed es un negocio redondo para ellos porque lo compraron muy por debajo de su valor, ya que Citibanamex pas\u00f3 a ser el primer banco de M\u00e9xico a caer al tercer o cuarto lugar. Adem\u00e1s, los analistas especializados en estas cuestiones, manejan los nombres de Javier Arrigunaga o Pedro Aspe, ex secretario de Hacienda, para presidir a Grupo Banamex.<\/p>\n<p>*** Lo que hace el presidente de la Junta de Coordinaci\u00f3n Pol\u00edtica de la C\u00e1mara de Diputados, <strong>Ignacio Mier<\/strong>, con tal de convertirse en el candidato de Morena al gobierno de Puebla. Despu\u00e9s del rid\u00edculo, ahora resulta que est\u00e1 promocionando llevar a cabo una especie de foro abierto, para que se debata su propuesta de que ministros y magistrados sean electos por voto directo, mediante la obligada consulta \u201cpatito\u201d y asegura que invitar\u00e1 hasta al ex candidato y exdirigente del PRI, <strong>Roberto Madrazo<\/strong> y al ministro en retiro, <strong>Jos\u00e9 Ram\u00f3n Coss\u00edo<\/strong>. Hay que recordar que Morena ha realizado en el pasado reciente, diversos parlamentos abiertos con ocurri\u00f3 con la reforma el\u00e9ctrica y lo \u00fanico que consigui\u00f3 fue dejar hablar s\u00f3lo a las voces que a ellos les conven\u00eda. Total, un rotundo fracaso y este \u00faltimo, no tiene por qu\u00e9 ser la diferencia.<\/p>\n<p><u><a href=\"mailto:morcora@gmail.com\" target=\"_blank\" rel=\"noopener noreferrer\"><em>morcora@gmail.com<\/em><\/a><\/u><\/p>\n","protected":false},"excerpt":{"rendered":"<p><span style=\"color: #005497;\"><strong>Adriana Moreno Cordero<\/strong><\/span><\/p>\n","protected":false},"author":3,"featured_media":0,"comment_status":"open","ping_status":"open","sticky":false,"template":"","format":"standard","meta":{"_monsterinsights_skip_tracking":false,"_monsterinsights_sitenote_active":false,"_monsterinsights_sitenote_note":"","_monsterinsights_sitenote_category":0,"footnotes":""},"categories":[69370],"tags":[69369,69368,43674],"class_list":["post-584020","post","type-post","status-publish","format-standard","hentry","category-adriana-moreno-cordero","tag-adriana-moreno-cordero","tag-la-retaguardia","tag-opinion"],"_links":{"self":[{"href":"https:\/\/www.diarioimagen.net\/index.php?rest_route=\/wp\/v2\/posts\/584020","targetHints":{"allow":["GET"]}}],"collection":[{"href":"https:\/\/www.diarioimagen.net\/index.php?rest_route=\/wp\/v2\/posts"}],"about":[{"href":"https:\/\/www.diarioimagen.net\/index.php?rest_route=\/wp\/v2\/types\/post"}],"author":[{"embeddable":true,"href":"https:\/\/www.diarioimagen.net\/index.php?rest_route=\/wp\/v2\/users\/3"}],"replies":[{"embeddable":true,"href":"https:\/\/www.diarioimagen.net\/index.php?rest_route=%2Fwp%2Fv2%2Fcomments&post=584020"}],"version-history":[{"count":0,"href":"https:\/\/www.diarioimagen.net\/index.php?rest_route=\/wp\/v2\/posts\/584020\/revisions"}],"wp:attachment":[{"href":"https:\/\/www.diarioimagen.net\/index.php?rest_route=%2Fwp%2Fv2%2Fmedia&parent=584020"}],"wp:term":[{"taxonomy":"category","embeddable":true,"href":"https:\/\/www.diarioimagen.net\/index.php?rest_route=%2Fwp%2Fv2%2Fcategories&post=584020"},{"taxonomy":"post_tag","embeddable":true,"href":"https:\/\/www.diarioimagen.net\/index.php?rest_route=%2Fwp%2Fv2%2Ftags&post=584020"}],"curies":[{"name":"wp","href":"https:\/\/api.w.org\/{rel}","templated":true}]}}