{"id":584023,"date":"2023-05-17T00:04:49","date_gmt":"2023-05-17T06:04:49","guid":{"rendered":"https:\/\/www.diarioimagen.net\/?p=584023"},"modified":"2023-05-17T00:42:12","modified_gmt":"2023-05-17T06:42:12","slug":"uso-de-recursos-publicos-delito-grave","status":"publish","type":"post","link":"https:\/\/www.diarioimagen.net\/?p=584023","title":{"rendered":"Uso de recursos p\u00fablicos, delito grave"},"content":{"rendered":"<h2>Desde el portal<\/h2>\n<h5>\u00c1ngel Soriano<\/h5>\n<p>&nbsp;<\/p>\n<p>El presidente Andr\u00e9s Manuel L\u00f3pez Obrador dijo que todos los gobernadores y presidentes municipales -los funcionarios p\u00fablicos-, saben que el uso de recursos p\u00fablicos para apoyar a candidatos constituye un delito grave, c\u00e1rcel sin derecho a fianza, por lo que no deben entrometerse en actividades pol\u00edticas-electorales.<\/p>\n<p>Esto, en relaci\u00f3n a las quejas de algunos aspirantes a puestos p\u00fablicos en campa\u00f1a por el trato privilegiado a unos o a unas y el desd\u00e9n con el que son tratados otros, lo cual hace que se realice una contienda desigual porque mientras al preferido del gobernador o del alcalde se ponen los recursos disponibles del estado -que son los impuestos a los ciudadanos-, a otros se les regatean.<\/p>\n<p>La jefa de Gobierno de la CDMX, Claudia Sheinbaum, dijo que todos est\u00e1n de acuerdo en que no haya uso de recursos p\u00fablicos, pero reconoci\u00f3 que algunos mandatarios, alcaldes o diputados, han expresado sus preferencias personales en relaci\u00f3n a la disputa por la candidatura presidencial, pero no es posible evitar aunque s\u00ed los apoyos oficiales.<\/p>\n<p>Se\u00f1al\u00f3 que ella cuando viaja a los estados va invitada por universidades o instituciones aut\u00f3nomas u organizaciones civiles, pero al no poderse despojar \u201cde la cachucha\u201d que ostenta, mantiene una relaci\u00f3n institucional con las autoridades de los lugares que visita, cuidando que no se mezcle lo electoral con lo oficial. Queda todo a criterio del elector y del candidato.<\/p>\n<p style=\"text-align: center;\"><strong>TURBULENCIAS<br \/>\nInvitados a Palacio Nacional<\/strong><\/p>\n<p>Luego que el presidente L\u00f3pez Obrador revel\u00f3 que ten\u00eda una solicitud de Carlos Loret de Mola de entrevistarlo, dijo que no aceptaba, pues no acostumbra reunirse con mercenarios del periodismo, en tanto que el canciller Marcelo Ebrard s\u00ed ofreci\u00f3 a Joaqu\u00edn L\u00f3pez-D\u00f3riga -otro comunicador cuestionado por el tabasque\u00f1o- aceptar ser entrevistado ya como Presidente, en\u00a0 octubre pr\u00f3ximo, en Palacio Nacional. \u201cYo no tengo tiempo de atenderlos, quiz\u00e1 el nuevo presidente o presidenta, sin cooptarlos o comprarlos, los pueda atender\u201d, se\u00f1al\u00f3 el tabasque\u00f1o\u2026 El senador Ricardo Monreal denunci\u00f3 a gobernadores que re\u00fanen hasta 30 mil personas para recibir a \u201ccorcholatas\u201d de Morena en sus estados y pidi\u00f3 piso parejo para todos o la aplicaci\u00f3n de la Ley electoral que establece reglas en las contiendas. Ebrard tambi\u00e9n se quej\u00f3 del mal trato que recibi\u00f3 en Oaxaca en relaci\u00f3n a la apote\u00f3sica reuni\u00f3n para Sheinbaum, pero reiter\u00f3 que no ser\u00e1 el dedazo quien decida la candidatura presidencial, sino que ser\u00e1 el pueblo\u2026 Otra vez ha sido cuestionada la labor al frente del deporte nacional de la sonorense Ana Guevara por falta de apoyo a los deportistas que, con recursos p\u00fablicos, acuden a los eventos internacionales y en muchas ocasiones ponen el nombre de M\u00e9xico muy en alto pese a que se cuenta con presupuesto para apoyar a los j\u00f3venes. Y aunque el presidente AMLO desminti\u00f3 que no se apoy\u00f3 al equipo de nataci\u00f3n, familiares de las campeonas dicen lo contrario\u2026 Incremento salarial arriba de la inflaci\u00f3n, basificaci\u00f3n y revisi\u00f3n a las jubilaciones que fueron en retroceso durante los gobiernos neoliberales ofreci\u00f3 el presidente Andr\u00e9s Manuel L\u00f3pez Obrador a los maestros y maestras en su d\u00eda, en tanto que los mentores disidentes calificaron el incremento salarial como insuficiente y realizaron marchas y plantones, como es costumbre, en diferentes ciudades del pa\u00eds. El Centro Hist\u00f3rico de la ciudad de Oaxaca nuevamente qued\u00f3 convertido en un enorme mercado con casas de campa\u00f1a y maestros acampando en la v\u00eda p\u00fablica, inconformes con la falta de atenci\u00f3n a sus exigencias\u2026 La oposici\u00f3n tiene medio centenar de aspirantes a la candidatura presidencial dijo el presidente L\u00f3pez Obrador al considerar que conf\u00eda en la continuidad del proyecto de transformaci\u00f3n que se ha consolidado ya y que ser\u00e1 dif\u00edcil dar marcha atr\u00e1s.<\/p>\n<p><u><a href=\"mailto:asorianocarrasco@yahoo.com\" target=\"_blank\" rel=\"noopener noreferrer\"><em>asorianocarrasco@yahoo.com<\/em><\/a><br \/>\n<em><a href=\"https:\/\/revistabrecha.com\" target=\"_blank\" rel=\"noopener noreferrer\">www.revistabrecha.com<\/a><br \/>\n<\/em><\/u><em>facebook oficial <a href=\"https:\/\/es-la.facebook.com\/RevistaBrecha.Oficial\" target=\"_blank\" rel=\"noopener\">@BrechaRevista<\/a><\/em><\/p>\n","protected":false},"excerpt":{"rendered":"<p><span style=\"color: #005497;\"><strong>\u00c1ngel Soriano<\/strong><\/span><\/p>\n","protected":false},"author":3,"featured_media":0,"comment_status":"open","ping_status":"open","sticky":false,"template":"","format":"standard","meta":{"_monsterinsights_skip_tracking":false,"_monsterinsights_sitenote_active":false,"_monsterinsights_sitenote_note":"","_monsterinsights_sitenote_category":0,"footnotes":""},"categories":[135],"tags":[85,86,43674],"class_list":["post-584023","post","type-post","status-publish","format-standard","hentry","category-angel-soriano-opinion","tag-angel-soriano","tag-desde-el-portal","tag-opinion"],"_links":{"self":[{"href":"https:\/\/www.diarioimagen.net\/index.php?rest_route=\/wp\/v2\/posts\/584023","targetHints":{"allow":["GET"]}}],"collection":[{"href":"https:\/\/www.diarioimagen.net\/index.php?rest_route=\/wp\/v2\/posts"}],"about":[{"href":"https:\/\/www.diarioimagen.net\/index.php?rest_route=\/wp\/v2\/types\/post"}],"author":[{"embeddable":true,"href":"https:\/\/www.diarioimagen.net\/index.php?rest_route=\/wp\/v2\/users\/3"}],"replies":[{"embeddable":true,"href":"https:\/\/www.diarioimagen.net\/index.php?rest_route=%2Fwp%2Fv2%2Fcomments&post=584023"}],"version-history":[{"count":0,"href":"https:\/\/www.diarioimagen.net\/index.php?rest_route=\/wp\/v2\/posts\/584023\/revisions"}],"wp:attachment":[{"href":"https:\/\/www.diarioimagen.net\/index.php?rest_route=%2Fwp%2Fv2%2Fmedia&parent=584023"}],"wp:term":[{"taxonomy":"category","embeddable":true,"href":"https:\/\/www.diarioimagen.net\/index.php?rest_route=%2Fwp%2Fv2%2Fcategories&post=584023"},{"taxonomy":"post_tag","embeddable":true,"href":"https:\/\/www.diarioimagen.net\/index.php?rest_route=%2Fwp%2Fv2%2Ftags&post=584023"}],"curies":[{"name":"wp","href":"https:\/\/api.w.org\/{rel}","templated":true}]}}