{"id":584025,"date":"2023-05-17T00:05:14","date_gmt":"2023-05-17T06:05:14","guid":{"rendered":"https:\/\/www.diarioimagen.net\/?p=584025"},"modified":"2023-05-17T00:41:39","modified_gmt":"2023-05-17T06:41:39","slug":"planes-presidenciales-avanzan","status":"publish","type":"post","link":"https:\/\/www.diarioimagen.net\/?p=584025","title":{"rendered":"Planes presidenciales, avanzan"},"content":{"rendered":"<h2>Perfil de M\u00e9xico<\/h2>\n<h5>Armando R\u00edos Ruiz<\/h5>\n<p>&nbsp;<\/p>\n<p>No puedo precisar y creo que nadie podr\u00eda, a d\u00f3nde llevar\u00e1 el esfuerzo de un grupo de mexicanos preocupados como millones, por el rumbo que ha tomado el pa\u00eds a partir del arribo de Andr\u00e9s Manuel a la Presidencia, hace ya m\u00e1s de cuatro a\u00f1os. No obstante, puedo imaginar que a ning\u00fan lugar, por tener muy en cuenta que lo que se diga y se haga, no conmover\u00e1 un \u00e1pice al aludido.<\/p>\n<p>Sabemos que no tiene la m\u00ednima capacidad de registrar pena o congoja por nada que se diga de sus disparates en su gobernanza. Esto s\u00f3lo aviva sus rabietas y acelera sus se\u00f1alamientos en contra de quienes considera sus adversarios. Motiva sus ataques en contra y su prurito de azuzar a sus seguidores para ponerlos al filo de los enfrentamientos, por hoy verbales.<\/p>\n<p>Se nota igualmente, que sus actos obedecen a un plan ideado y madurado hace mucho. Antes de incursionar por primera vez en las contiendas por la Presidencia. Se nota que pens\u00f3 primero: \u201c\u00bfc\u00f3mo hago para derrotar al PRI?\u201d Y entonces madur\u00f3 la idea de conquistar a los pobres o a las clases m\u00e1s vulnerables por el hecho de no contar ni con recursos ni con educaci\u00f3n ni con cultura. Pero s\u00ed con resentimientos arraigados ancestralmente.<\/p>\n<p>Esta fue la primera parte de su plan. Despu\u00e9s concibi\u00f3 el modelo que desear\u00eda implantar si alguna vez llegaba la oportunidad y Pe\u00f1a Nieto, en su calidad de Presidente cuya corrupci\u00f3n no encontr\u00f3 l\u00edmite, se la dio a cambio de obtener licencia de gastar los millones de pesos que obtuvo, sin la preocupaci\u00f3n de vivir perseguido. Hoy est\u00e1 fuera de los aires mexicanos.<\/p>\n<p>El plan result\u00f3 un gran \u00e9xito. Los adeptos no cambian ni cambiar\u00e1n su forma de pensar. Se muestran ciegos, sordos, profundamente ignaros y adem\u00e1s, justifican todo lo que ocurre en el seno de su mandato. Si este se\u00f1or llevara a cabo una aniquilaci\u00f3n masiva de quienes no piensan como \u00e9l, la justificar\u00edan y estar\u00edan dispuestos a participar activamente a su favor.<\/p>\n<p>Impuso a sus seguidores se\u00f1alamientos en contra de la clase contraria, como fif\u00edes, conservadores, pirrurris y toda la gama de adjetivos que sus complejos le dictan y \u00e9stos encontraron el eco deseado porque, ignorantes y resentidos igual que su maestro y gu\u00eda (por eso se identifican plenamente) concibieron haber encontrado al fin lo que tanto necesitaban.<\/p>\n<p>Pero para reforzar la estrategia, compr\u00f3 tambi\u00e9n las conciencias de las fuerzas armadas, otrora conscientes de su papel de defensoras de la naci\u00f3n. Hoy cualquiera sabe que los m\u00e1ximos mandantes en esas agrupaciones olvidaron su papel y se dedican a acumular riqueza a la vista de los mexicanos. Sin ninguna verg\u00fcenza. Sin el m\u00ednimo rubor. \u00bfPor qu\u00e9 esta decisi\u00f3n inesperada a favor de los uniformados? Porque son necesarios para contrarrestar cualquier brote en contra de la clase gobernante. El precio es bastante alto, pero lo vale para el que manda.<\/p>\n<p>Hoy es necesario que todo lo que pueda incidir en alg\u00fan brote en contra del gobierno, encuentre respuesta r\u00e1pida de ciertas fuerzas. Gran parte del pueblo ya est\u00e1 en la bolsa de esos planes. Los soldados, controlados por los grandes jerarcas, est\u00e1n obedientes y los de arriba perfectamente \u201cmaiceados\u201d. El Legislativo, entendido formalmente como un poder paralelo al Ejecutivo, obediente a la voluntad de \u00e9ste, hecha trizas.<\/p>\n<p>Otro poder que se ha construido como coadyuvante en la ejecuci\u00f3n de las tareas m\u00e1s sucias, se ha dejado en manos de los criminales, quienes ya han dado demasiadas muestras de su capacidad de operaci\u00f3n, porque son los que, cuando ha sido necesario, se han dedicado a intimidar, a secuestrar y asesinar a los que son considerados enemigos en momentos electorales.<\/p>\n<p>Es decir, el aparato de defensa est\u00e1 perfectamente montado, aunque a\u00fan queda por ejecutar destrucciones de instituciones que a\u00fan impiden la consumaci\u00f3n total del plan, como la Suprema Corte, \u00faltimo basti\u00f3n de la defensa de M\u00e9xico de un aspirante a dictador, a la que el Presidente no ha vacilado en enviarle incondicionales a amedrentar a sus valientes representantes.<\/p>\n<p><a href=\"mailto:ariosruiz@gmail.com\" target=\"_blank\" rel=\"noopener noreferrer\"><em>ariosruiz@gmail.com<\/em><\/a><\/p>\n","protected":false},"excerpt":{"rendered":"<p><span style=\"color: #005497;\"><strong>Armando R\u00edos Ruiz<\/strong><\/span><\/p>\n","protected":false},"author":3,"featured_media":0,"comment_status":"open","ping_status":"open","sticky":false,"template":"","format":"standard","meta":{"_monsterinsights_skip_tracking":false,"_monsterinsights_sitenote_active":false,"_monsterinsights_sitenote_note":"","_monsterinsights_sitenote_category":0,"footnotes":""},"categories":[88405],"tags":[88407,43674,91193],"class_list":["post-584025","post","type-post","status-publish","format-standard","hentry","category-armando-rios-ruiz","tag-armando-rios-ruiz","tag-opinion","tag-perfil-de-mexico"],"_links":{"self":[{"href":"https:\/\/www.diarioimagen.net\/index.php?rest_route=\/wp\/v2\/posts\/584025","targetHints":{"allow":["GET"]}}],"collection":[{"href":"https:\/\/www.diarioimagen.net\/index.php?rest_route=\/wp\/v2\/posts"}],"about":[{"href":"https:\/\/www.diarioimagen.net\/index.php?rest_route=\/wp\/v2\/types\/post"}],"author":[{"embeddable":true,"href":"https:\/\/www.diarioimagen.net\/index.php?rest_route=\/wp\/v2\/users\/3"}],"replies":[{"embeddable":true,"href":"https:\/\/www.diarioimagen.net\/index.php?rest_route=%2Fwp%2Fv2%2Fcomments&post=584025"}],"version-history":[{"count":0,"href":"https:\/\/www.diarioimagen.net\/index.php?rest_route=\/wp\/v2\/posts\/584025\/revisions"}],"wp:attachment":[{"href":"https:\/\/www.diarioimagen.net\/index.php?rest_route=%2Fwp%2Fv2%2Fmedia&parent=584025"}],"wp:term":[{"taxonomy":"category","embeddable":true,"href":"https:\/\/www.diarioimagen.net\/index.php?rest_route=%2Fwp%2Fv2%2Fcategories&post=584025"},{"taxonomy":"post_tag","embeddable":true,"href":"https:\/\/www.diarioimagen.net\/index.php?rest_route=%2Fwp%2Fv2%2Ftags&post=584025"}],"curies":[{"name":"wp","href":"https:\/\/api.w.org\/{rel}","templated":true}]}}