{"id":584099,"date":"2023-05-18T00:06:24","date_gmt":"2023-05-18T06:06:24","guid":{"rendered":"https:\/\/www.diarioimagen.net\/?p=584099"},"modified":"2023-05-19T03:23:40","modified_gmt":"2023-05-19T09:23:40","slug":"facultad-de-arquitectura-y-diseno-de-la-uaemex-vincula-a-su-alumnado-con-el-sector-de-la-construccion","status":"publish","type":"post","link":"https:\/\/www.diarioimagen.net\/?p=584099","title":{"rendered":"Facultad de Arquitectura y Dise\u00f1o de la UAEM\u00e9x vincula a su alumnado con el sector de la construcci\u00f3n"},"content":{"rendered":"<p>&nbsp;<\/p>\n<div id=\"attachment_584194\" style=\"width: 470px\" class=\"wp-caption aligncenter\"><a href=\"https:\/\/www.diarioimagen.net\/?attachment_id=584194\" rel=\"attachment wp-att-584194\"><img loading=\"lazy\" decoding=\"async\" aria-describedby=\"caption-attachment-584194\" class=\"size-full wp-image-584194\" src=\"https:\/\/www.diarioimagen.net\/wp-content\/uploads\/2023\/05\/uaem-facultad.jpg\" alt=\"\" width=\"460\" height=\"270\" \/><\/a><p id=\"caption-attachment-584194\" class=\"wp-caption-text\">El director de la Facultad, Xavier Gayt\u00e1n Zepeda, destac\u00f3 que se debe reflexionar desde la academia, la industria, el gobierno y la sociedad en conjunto del buen uso que se debe dar a los recursos naturales, procurando en todo momento un crecimiento responsable, con sostenibilidad social, econ\u00f3mica, ambiental y espacial.<\/p><\/div>\n<p>&nbsp;<\/p>\n<p><strong>Toluca, Estado de M\u00e9xico.\u2014 <\/strong>Con el prop\u00f3sito de vincular al alumnado, al profesorado y al personal administrativo con las empresas de construcci\u00f3n, a trav\u00e9s de expositores y talleres, la Universidad Aut\u00f3noma del Estado de M\u00e9xico (UAEM\u00e9x), mediante la Facultad de Arquitectura y Dise\u00f1o, llev\u00f3 a cabo la Expo FAD Primavera 2023<\/p>\n<p>Acompa\u00f1ando del coordinador de Docencia de la Licenciatura en Arquitectura, Fernando Jaime Mendoza Hern\u00e1ndez; el director de la Facultad, Xavier Gayt\u00e1n Zepeda, destac\u00f3 que en conmemoraci\u00f3n del 3 de mayo, d\u00eda que es asociado con los trabajadores de la industria de la construcci\u00f3n en M\u00e9xico, se debe reflexionar desde la academia, la industria, el gobierno y la sociedad en conjunto, sobre el buen uso que se debe dar a los recursos naturales, procurando en todo momento, un crecimiento responsable, con sostenibilidad social, econ\u00f3mica, ambiental y espacial.<\/p>\n<p>\u201cLa nueva agenda urbana de ONU Habitat refiere que a\u00fan existen muchos retos complejos por afrontar para alcanzar los Objetivos del Desarrollo Sostenible, incluido el objetivo 11, que es lograr que las ciudades y asentamientos humanos sean inclusivos, seguros, resilientes y sostenibles\u201d, abund\u00f3.<\/p>\n<p>En este sentido, la presidenta de la Sociedad Urbanistas del Estado de M\u00e9xico, Samara de Le\u00f3n Garc\u00eda, apunt\u00f3 que esta exposici\u00f3n es un ejercicio que permite la vinculaci\u00f3n entre la arquitectura y el urbanismo que permitan tejer puentes con la sociedad para fortalecer el trabajo en ambas materias.<\/p>\n<p>Durante la inauguraci\u00f3n se llev\u00f3 a cabo la colocaci\u00f3n de stands de emprendedores universitarios de la Facultad de Arquitectura y Dise\u00f1o, as\u00ed como de expositores de empresas del Estado de M\u00e9xico vinculadas con la construcci\u00f3n como Helvex e Interceramic para conocer los nuevos productos y servicios que ofrecen a las y los miembros de la industria de la construcci\u00f3n.<\/p>\n<p>Al acto acudi\u00f3 el Mariachi \u201cGallos Universitarios\u201d de la Aut\u00f3noma mexiquense, con el prop\u00f3sito de preservar la tradici\u00f3n del <em>D\u00eda de la Cruz<\/em>, el cual se celebra el 3 de mayo. De acuerdo con el historiador Heriberto Ram\u00edrez Due\u00f1as, la tradici\u00f3n de colocar una cruz adornada en la cima de las obras comenz\u00f3 en el siglo XX en el gremio de la construcci\u00f3n, con la finalidad de que el trabajo de edificaci\u00f3n llegue a buen t\u00e9rmino.<\/p>\n","protected":false},"excerpt":{"rendered":"<p>Con el prop\u00f3sito de vincular al alumnado, al profesorado y al personal administrativo con las empresas de construcci\u00f3n, a trav\u00e9s de expositores y talleres, la Universidad Aut\u00f3noma del Estado de M\u00e9xico (UAEM\u00e9x), mediante la Facultad de Arquitectura y Dise\u00f1o, llev\u00f3 a cabo la Expo FAD Primavera 2023<\/p>\n","protected":false},"author":3,"featured_media":584194,"comment_status":"open","ping_status":"open","sticky":false,"template":"","format":"standard","meta":{"_monsterinsights_skip_tracking":false,"_monsterinsights_sitenote_active":false,"_monsterinsights_sitenote_note":"","_monsterinsights_sitenote_category":0,"footnotes":""},"categories":[5],"tags":[43675,452,67878,86580],"class_list":["post-584099","post","type-post","status-publish","format-standard","has-post-thumbnail","hentry","category-estado-de-mexico","tag-estado-de-mexico","tag-toluca","tag-uaemex","tag-vincula"],"_links":{"self":[{"href":"https:\/\/www.diarioimagen.net\/index.php?rest_route=\/wp\/v2\/posts\/584099","targetHints":{"allow":["GET"]}}],"collection":[{"href":"https:\/\/www.diarioimagen.net\/index.php?rest_route=\/wp\/v2\/posts"}],"about":[{"href":"https:\/\/www.diarioimagen.net\/index.php?rest_route=\/wp\/v2\/types\/post"}],"author":[{"embeddable":true,"href":"https:\/\/www.diarioimagen.net\/index.php?rest_route=\/wp\/v2\/users\/3"}],"replies":[{"embeddable":true,"href":"https:\/\/www.diarioimagen.net\/index.php?rest_route=%2Fwp%2Fv2%2Fcomments&post=584099"}],"version-history":[{"count":0,"href":"https:\/\/www.diarioimagen.net\/index.php?rest_route=\/wp\/v2\/posts\/584099\/revisions"}],"wp:featuredmedia":[{"embeddable":true,"href":"https:\/\/www.diarioimagen.net\/index.php?rest_route=\/wp\/v2\/media\/584194"}],"wp:attachment":[{"href":"https:\/\/www.diarioimagen.net\/index.php?rest_route=%2Fwp%2Fv2%2Fmedia&parent=584099"}],"wp:term":[{"taxonomy":"category","embeddable":true,"href":"https:\/\/www.diarioimagen.net\/index.php?rest_route=%2Fwp%2Fv2%2Fcategories&post=584099"},{"taxonomy":"post_tag","embeddable":true,"href":"https:\/\/www.diarioimagen.net\/index.php?rest_route=%2Fwp%2Fv2%2Ftags&post=584099"}],"curies":[{"name":"wp","href":"https:\/\/api.w.org\/{rel}","templated":true}]}}