{"id":584112,"date":"2023-05-18T00:03:30","date_gmt":"2023-05-18T06:03:30","guid":{"rendered":"https:\/\/www.diarioimagen.net\/?p=584112"},"modified":"2023-05-18T01:45:44","modified_gmt":"2023-05-18T07:45:44","slug":"el-pri-tiene-los-dias-contados-aseguran-morenistas-en-edomex","status":"publish","type":"post","link":"https:\/\/www.diarioimagen.net\/?p=584112","title":{"rendered":"El PRI tiene los d\u00edas contados, aseguran morenistas en Edomex"},"content":{"rendered":"<p>&nbsp;<\/p>\n<ul>\n<li><em><strong>Ven triunfo de la abanderada guinda<\/strong><\/em><\/li>\n<\/ul>\n<p>&nbsp;<\/p>\n<div id=\"attachment_584216\" style=\"width: 470px\" class=\"wp-caption aligncenter\"><a href=\"https:\/\/www.diarioimagen.net\/?attachment_id=584216\" rel=\"attachment wp-att-584216\"><img loading=\"lazy\" decoding=\"async\" aria-describedby=\"caption-attachment-584216\" class=\"size-full wp-image-584216\" src=\"https:\/\/www.diarioimagen.net\/wp-content\/uploads\/2023\/05\/pri-tiene.jpg\" alt=\"\" width=\"460\" height=\"270\" \/><\/a><p id=\"caption-attachment-584216\" class=\"wp-caption-text\">L\u00edderes sociales de Morena en Naucalpan se pronunciaron en favor de la candidatura de la maestra Delfina G\u00f3mez a la gubernatura del Estado de M\u00e9xico.<\/p><\/div>\n<p>&nbsp;<\/p>\n<p><strong>Naucalpan, Estado de M\u00e9xico.\u2014<\/strong> Es inminente el triunfo electoral de la maestra Delfina G\u00f3mez, ya nadie podr\u00e1 detenerla, pues las y los mexiquenses quieren un cambio verdadero y no simulaciones.<\/p>\n<p>Asegur\u00f3 lo anterior el ex regidor Jes\u00fas Francisco Hern\u00e1ndez, luego de se\u00f1alar que \u201c las horas del PRI est\u00e1n contadas en el Estado de M\u00e9xico, pues la inseguridad y nula atenci\u00f3n a las mexiquenses es evidente\u201d.<\/p>\n<p>Por otra parte, l\u00edderes sociales de Morena asentados en el municipio de Naucalpan se pronunciaron en favor de la candidatura de la maestra Delfina G\u00f3mez a la gubernatura del Estado de M\u00e9xico y adelantaron que en la encuesta por la candidatura de su partido a la Presidencia de la Rep\u00fablica, votar\u00e1n por el proyecto de Ad\u00e1n Augusto L\u00f3pez, Secretario de Gobernaci\u00f3n.<\/p>\n<p>Entre los liderazgos se encuentran Jes\u00fas Francisco Hern\u00e1ndez y Alexa Mart\u00ednez, quienes coincidieron en que la figura de Ad\u00e1n Augusto L\u00f3pez garantiza la continuidad de los programas sociales de la \u201c4T\u201d.<\/p>\n<p>Paralelo al anuncio, los l\u00edderes sociales acompa\u00f1ados del delegado del titular de Gobernaci\u00f3n para Edomex, Carlos Alpizar, visitaron el mercado de El Molinito, donde saludaron a locatarios y vecinos que, atentos, los escucharon.<\/p>\n","protected":false},"excerpt":{"rendered":"<p>Es inminente el triunfo electoral de la maestra Delfina G\u00f3mez, ya nadie podr\u00e1 detenerla, pues las y los mexiquenses quieren un cambio verdadero y no simulaciones.<\/p>\n","protected":false},"author":3,"featured_media":584216,"comment_status":"open","ping_status":"open","sticky":false,"template":"","format":"standard","meta":{"_monsterinsights_skip_tracking":false,"_monsterinsights_sitenote_active":false,"_monsterinsights_sitenote_note":"","_monsterinsights_sitenote_category":0,"footnotes":""},"categories":[5],"tags":[43675,95046,970],"class_list":["post-584112","post","type-post","status-publish","format-standard","has-post-thumbnail","hentry","category-estado-de-mexico","tag-estado-de-mexico","tag-morenistas","tag-naucalpan"],"_links":{"self":[{"href":"https:\/\/www.diarioimagen.net\/index.php?rest_route=\/wp\/v2\/posts\/584112","targetHints":{"allow":["GET"]}}],"collection":[{"href":"https:\/\/www.diarioimagen.net\/index.php?rest_route=\/wp\/v2\/posts"}],"about":[{"href":"https:\/\/www.diarioimagen.net\/index.php?rest_route=\/wp\/v2\/types\/post"}],"author":[{"embeddable":true,"href":"https:\/\/www.diarioimagen.net\/index.php?rest_route=\/wp\/v2\/users\/3"}],"replies":[{"embeddable":true,"href":"https:\/\/www.diarioimagen.net\/index.php?rest_route=%2Fwp%2Fv2%2Fcomments&post=584112"}],"version-history":[{"count":0,"href":"https:\/\/www.diarioimagen.net\/index.php?rest_route=\/wp\/v2\/posts\/584112\/revisions"}],"wp:featuredmedia":[{"embeddable":true,"href":"https:\/\/www.diarioimagen.net\/index.php?rest_route=\/wp\/v2\/media\/584216"}],"wp:attachment":[{"href":"https:\/\/www.diarioimagen.net\/index.php?rest_route=%2Fwp%2Fv2%2Fmedia&parent=584112"}],"wp:term":[{"taxonomy":"category","embeddable":true,"href":"https:\/\/www.diarioimagen.net\/index.php?rest_route=%2Fwp%2Fv2%2Fcategories&post=584112"},{"taxonomy":"post_tag","embeddable":true,"href":"https:\/\/www.diarioimagen.net\/index.php?rest_route=%2Fwp%2Fv2%2Ftags&post=584112"}],"curies":[{"name":"wp","href":"https:\/\/api.w.org\/{rel}","templated":true}]}}