{"id":584116,"date":"2023-05-18T00:01:29","date_gmt":"2023-05-18T06:01:29","guid":{"rendered":"https:\/\/www.diarioimagen.net\/?p=584116"},"modified":"2023-05-18T01:46:22","modified_gmt":"2023-05-18T07:46:22","slug":"alejandra-del-moral-lista-para-segundo-debate-con-la-morenista-delfina-gomez","status":"publish","type":"post","link":"https:\/\/www.diarioimagen.net\/?p=584116","title":{"rendered":"Alejandra Del Moral, lista para segundo debate con la morenista Delfina G\u00f3mez"},"content":{"rendered":"<p>&nbsp;<\/p>\n<ul>\n<li><em><strong>Aspirantes a la gubernatura cara a cara<\/strong><\/em><\/li>\n<\/ul>\n<p><strong>\u00a0<\/strong><\/p>\n<h6>Arturo Baena<\/h6>\n<p>&nbsp;<\/p>\n<div id=\"attachment_584218\" style=\"width: 470px\" class=\"wp-caption aligncenter\"><a href=\"https:\/\/www.diarioimagen.net\/?attachment_id=584218\" rel=\"attachment wp-att-584218\"><img loading=\"lazy\" decoding=\"async\" aria-describedby=\"caption-attachment-584218\" class=\"size-full wp-image-584218\" src=\"https:\/\/www.diarioimagen.net\/wp-content\/uploads\/2023\/05\/alejandra-del-moral.jpg\" alt=\"\" width=\"460\" height=\"270\" \/><\/a><p id=\"caption-attachment-584218\" class=\"wp-caption-text\">Alejandra Del Moral Vela se declar\u00f3 lista para el debate de este jueves, donde las y los mexiquenses podr\u00e1n contrastar ideas, proyectos, trayectorias y capacidad.<\/p><\/div>\n<p>&nbsp;<\/p>\n<p><strong>Valle de M\u00e9xico.\u2014<\/strong> La candidata de la coalici\u00f3n Va por el Estado de M\u00e9xico a la gubernatura, Alejandra Del Moral Vela, se declar\u00f3 lista para el debate de este jueves 18, donde las y los mexiquenses podr\u00e1n contrastar ideas, proyectos, trayectorias y la capacidad de cada abanderada para gobernar una de las entidades m\u00e1s importantes del pa\u00eds.<\/p>\n<p>Asegur\u00f3 que lo que importa \u201ces que la gente nos vea y que los ciudadanos mexiquenses tengan la oportunidad, a trav\u00e9s de la televisi\u00f3n y plataformas digitales, de conocer las propuestas, que conozcan a las candidatas y que nos den la oportunidad de representarlos\u201d.<\/p>\n<p>\u201cNosotros no hemos descansado ni un solo d\u00eda, seguimos de manera contundente caminando el Estado de M\u00e9xico, para dar a conocer en todos los rincones de la entidad nuestras propuestas y proyectos\u201d, subray\u00f3.<\/p>\n<p>Alejandra Del Moral expuso que \u201ces muy importante que la ciudadan\u00eda mexiquense nos vea interactuar y vea nuestras capacidades\u201d, para elegir correctamente a su futura gobernadora.<\/p>\n<p>El segundo debate dentro del proceso electoral 2023 en el Estado de M\u00e9xico se llevar\u00e1 a cabo este jueves 18 de mayo a las 20:00 horas, ser\u00e1 moderado por la periodista Ginarely Valencia y se podr\u00e1 seguir en el sitio del Instituto Electoral del Estado de M\u00e9xico (IEEM) en youtube .com\/IEEMoficial y en las distintas plataformas digitales.<\/p>\n<p>Los temas que debatir\u00e1n las candidatas son: seguridad y justicia; econom\u00eda y empleo, as\u00ed como educaci\u00f3n, medio ambiente y desarrollo sustentable. La duraci\u00f3n del debate ser\u00e1 de 60 minutos.<\/p>\n","protected":false},"excerpt":{"rendered":"<p>La candidata de la coalici\u00f3n Va por el Estado de M\u00e9xico a la gubernatura, Alejandra Del Moral Vela, se declar\u00f3 lista para el debate de este jueves 18, donde las y los mexiquenses podr\u00e1n contrastar ideas, proyectos, trayectorias y la capacidad de cada abanderada para gobernar una de las entidades m\u00e1s importantes del pa\u00eds.<\/p>\n","protected":false},"author":3,"featured_media":584218,"comment_status":"open","ping_status":"open","sticky":false,"template":"","format":"standard","meta":{"_monsterinsights_skip_tracking":false,"_monsterinsights_sitenote_active":false,"_monsterinsights_sitenote_note":"","_monsterinsights_sitenote_category":0,"footnotes":""},"categories":[5],"tags":[13751,77235,34],"class_list":["post-584116","post","type-post","status-publish","format-standard","has-post-thumbnail","hentry","category-estado-de-mexico","tag-debate","tag-morenista","tag-valle-de-mexico"],"_links":{"self":[{"href":"https:\/\/www.diarioimagen.net\/index.php?rest_route=\/wp\/v2\/posts\/584116","targetHints":{"allow":["GET"]}}],"collection":[{"href":"https:\/\/www.diarioimagen.net\/index.php?rest_route=\/wp\/v2\/posts"}],"about":[{"href":"https:\/\/www.diarioimagen.net\/index.php?rest_route=\/wp\/v2\/types\/post"}],"author":[{"embeddable":true,"href":"https:\/\/www.diarioimagen.net\/index.php?rest_route=\/wp\/v2\/users\/3"}],"replies":[{"embeddable":true,"href":"https:\/\/www.diarioimagen.net\/index.php?rest_route=%2Fwp%2Fv2%2Fcomments&post=584116"}],"version-history":[{"count":0,"href":"https:\/\/www.diarioimagen.net\/index.php?rest_route=\/wp\/v2\/posts\/584116\/revisions"}],"wp:featuredmedia":[{"embeddable":true,"href":"https:\/\/www.diarioimagen.net\/index.php?rest_route=\/wp\/v2\/media\/584218"}],"wp:attachment":[{"href":"https:\/\/www.diarioimagen.net\/index.php?rest_route=%2Fwp%2Fv2%2Fmedia&parent=584116"}],"wp:term":[{"taxonomy":"category","embeddable":true,"href":"https:\/\/www.diarioimagen.net\/index.php?rest_route=%2Fwp%2Fv2%2Fcategories&post=584116"},{"taxonomy":"post_tag","embeddable":true,"href":"https:\/\/www.diarioimagen.net\/index.php?rest_route=%2Fwp%2Fv2%2Ftags&post=584116"}],"curies":[{"name":"wp","href":"https:\/\/api.w.org\/{rel}","templated":true}]}}