{"id":584118,"date":"2023-05-18T00:04:49","date_gmt":"2023-05-18T06:04:49","guid":{"rendered":"https:\/\/www.diarioimagen.net\/?p=584118"},"modified":"2023-05-18T01:46:57","modified_gmt":"2023-05-18T07:46:57","slug":"gana-delfina-gomez-simulacro-de-debate-en-la-fes-acatlan","status":"publish","type":"post","link":"https:\/\/www.diarioimagen.net\/?p=584118","title":{"rendered":"Gana Delfina G\u00f3mez simulacro de debate en la FES Acatl\u00e1n"},"content":{"rendered":"<p>&nbsp;<\/p>\n<p><a href=\"https:\/\/www.diarioimagen.net\/?attachment_id=584220\" rel=\"attachment wp-att-584220\"><img loading=\"lazy\" decoding=\"async\" class=\"aligncenter size-full wp-image-584220\" src=\"https:\/\/www.diarioimagen.net\/wp-content\/uploads\/2023\/05\/gana-delfina.jpg\" alt=\"\" width=\"460\" height=\"270\" \/><\/a><\/p>\n<p>&nbsp;<\/p>\n<p><strong>Naucalpan, Estado de M\u00e9xico.\u2014 <\/strong>Por 366 votos gan\u00f3 Delfina G\u00f3mez \u00c1lvarez, candidata a la gubernatura por los partidos Morena-PT-PVEM, en contra de 273 votos que alcanz\u00f3 Alejandra Del Moral, abanderada del PRI-PAN-PRD-NA, en el simulacro electoral universitario, realizado en la Facultad de Estudios Superiores (FES) Acatl\u00e1n por integrantes de Universitarix por la Democracia, organizaci\u00f3n juvenil constituida por diversos colectivos y movimientos sociales que buscan la verdadera democratizaci\u00f3n.<\/p>\n<p>Alejandro Torres, uno de los organizadores del simulacro que tuvo lugar el d\u00eda 16 de mayo en un horario de las 10:00 a las 17:30 horas en la FES Acatl\u00e1n, inform\u00f3 que este ejercicio democr\u00e1tico tiene el objetivo, en primer lugar,de fomentar la participaci\u00f3n ciudadana, la participaci\u00f3n pol\u00edtica de las y los j\u00f3venes, pero tambi\u00e9n para revelar a la opini\u00f3n p\u00fablica cu\u00e1les son las preferencias electorales que hay rumbo a esta elecci\u00f3n.<\/p>\n","protected":false},"excerpt":{"rendered":"<p>Por 366 votos gan\u00f3 Delfina G\u00f3mez \u00c1lvarez, candidata a la gubernatura por los partidos Morena-PT-PVEM, en contra de 273 votos que alcanz\u00f3 Alejandra Del Moral, abanderada del PRI-PAN-PRD-NA, en el simulacro electoral universitario, realizado en la Facultad de Estudios Superiores (FES) Acatl\u00e1n por integrantes de Universitarix por la Democracia, organizaci\u00f3n juvenil constituida por diversos colectivos y movimientos sociales que buscan la verdadera democratizaci\u00f3n.<\/p>\n","protected":false},"author":3,"featured_media":584220,"comment_status":"open","ping_status":"open","sticky":false,"template":"","format":"standard","meta":{"_monsterinsights_skip_tracking":false,"_monsterinsights_sitenote_active":false,"_monsterinsights_sitenote_note":"","_monsterinsights_sitenote_category":0,"footnotes":""},"categories":[5],"tags":[43675,67517,970],"class_list":["post-584118","post","type-post","status-publish","format-standard","has-post-thumbnail","hentry","category-estado-de-mexico","tag-estado-de-mexico","tag-fes-acatlan","tag-naucalpan"],"_links":{"self":[{"href":"https:\/\/www.diarioimagen.net\/index.php?rest_route=\/wp\/v2\/posts\/584118","targetHints":{"allow":["GET"]}}],"collection":[{"href":"https:\/\/www.diarioimagen.net\/index.php?rest_route=\/wp\/v2\/posts"}],"about":[{"href":"https:\/\/www.diarioimagen.net\/index.php?rest_route=\/wp\/v2\/types\/post"}],"author":[{"embeddable":true,"href":"https:\/\/www.diarioimagen.net\/index.php?rest_route=\/wp\/v2\/users\/3"}],"replies":[{"embeddable":true,"href":"https:\/\/www.diarioimagen.net\/index.php?rest_route=%2Fwp%2Fv2%2Fcomments&post=584118"}],"version-history":[{"count":0,"href":"https:\/\/www.diarioimagen.net\/index.php?rest_route=\/wp\/v2\/posts\/584118\/revisions"}],"wp:featuredmedia":[{"embeddable":true,"href":"https:\/\/www.diarioimagen.net\/index.php?rest_route=\/wp\/v2\/media\/584220"}],"wp:attachment":[{"href":"https:\/\/www.diarioimagen.net\/index.php?rest_route=%2Fwp%2Fv2%2Fmedia&parent=584118"}],"wp:term":[{"taxonomy":"category","embeddable":true,"href":"https:\/\/www.diarioimagen.net\/index.php?rest_route=%2Fwp%2Fv2%2Fcategories&post=584118"},{"taxonomy":"post_tag","embeddable":true,"href":"https:\/\/www.diarioimagen.net\/index.php?rest_route=%2Fwp%2Fv2%2Ftags&post=584118"}],"curies":[{"name":"wp","href":"https:\/\/api.w.org\/{rel}","templated":true}]}}