{"id":584156,"date":"2023-05-18T00:02:03","date_gmt":"2023-05-18T06:02:03","guid":{"rendered":"https:\/\/www.diarioimagen.net\/?p=584156"},"modified":"2023-05-18T00:14:36","modified_gmt":"2023-05-18T06:14:36","slug":"todo-queda-en-familia-en-la-carrera-por-candidatura-oficialista-en-puebla","status":"publish","type":"post","link":"https:\/\/www.diarioimagen.net\/?p=584156","title":{"rendered":"Todo queda en familia en la carrera por candidatura oficialista en Puebla"},"content":{"rendered":"<h2>La Retaguardia<\/h2>\n<h5>Adriana Moreno Cordero<\/h5>\n<p>&nbsp;<\/p>\n<ul>\n<li><strong><em>El Instituto Nacional Electoral ya es totalmente Morena<\/em><\/strong><\/li>\n<\/ul>\n<p>&nbsp;<\/p>\n<p>Todo queda en familia, as\u00ed podr\u00eda resumirse la carrera por la candidatura de Morena al gobierno de Puebla. Y es que luego de que el presidente de la Mesa Directiva de la C\u00e1mara del Senado de la Rep\u00fablica, <strong>Alejandro Armenta<\/strong>, hace todo lo posible y -por qu\u00e9 no-, hasta lo imposible para quedar bien ni m\u00e1s ni menos que con el presidente <strong>Andr\u00e9s Manuel L\u00f3pez Obrador<\/strong>, de inmediato, el presidente de la Junta de Coordinaci\u00f3n Pol\u00edtica de la C\u00e1mara de Diputados, <strong>Ignacio Mier Velazco<\/strong>, sinti\u00e9ndose amenazado por su pariente en esa alocada carrera, se \u201cpuso las pilas\u201d e hizo p\u00fablica la propuesta para que por v\u00eda directa, se elija a ministros de la Suprema Corte de Justicia de la Naci\u00f3n y \u00e9l, desde luego, llevar la batuta.<\/p>\n<p>Sin embargo, que se le adelantara el diputado Mier, es algo que el senador Armenta no pude permitir, por eso, ayer, en la sesi\u00f3n de la Comisi\u00f3n Permanente del Congreso de la Uni\u00f3n, en una acci\u00f3n que se antoja incre\u00edble, el senador poblano acus\u00f3 a la ministra-presidenta de la Corte, <strong>Norma Luc\u00eda Pi\u00f1a Hern\u00e1ndez<\/strong>, de intentar amenazarlo e incluso, plantado en la tribuna legislativa, mostr\u00f3 capturas de pantallas de WahtsApp argumentando que hab\u00eda recibido presuntos mensajes por parte de la ministra-presidenta, \u201ca las 9 con un minuto con la intenci\u00f3n de intimidar, presionar y pretender amenazar al suscrito por mi desempe\u00f1o como legislador federal\u201d.<\/p>\n<p>Es m\u00e1s, Alejandro Armenta, en una actitud un tanto cuanto sufrida, inform\u00f3 que en su calidad de presidente de la C\u00e1mara alta, envi\u00f3 una carta a la ministra Pi\u00f1a Hern\u00e1ndez para solicitarle verifique los hechos que tuvieron lugar el 16 de mayo, \u201ctoda vez que <strong>Francisco Tapia<\/strong>, quien se acredit\u00f3 como asesor de la ministra, mediante una serie de mensajes de WhatsApp, pretendi\u00f3 crear un canal de comunicaci\u00f3n entre el senador y la titular de la Corte\u201d.<\/p>\n<p>Lo anterior resulta verdaderamente incre\u00edble y por eso se se\u00f1ala que en el fondo del tema hay otra cuesti\u00f3n. \u00bfSer\u00e1 que los del partido oficial no recuerdan que la ministra Norma Pi\u00f1a acaba de recibir en Marruecos el premio de Derechos Humanos 2023, otorgado por la Asociaci\u00f3n Internacional de Mujeres Juezas (IAWJ por sus cifras en ingl\u00e9s)?<\/p>\n<p>Al recibir dicho reconocimiento, la presidenta de la SCJN, subray\u00f3 \u201cnuestra \u00fanica presi\u00f3n debe ser cumplir y hacer cumplir las leyes fundamentales que nuestros pa\u00edses han decidido darse, as\u00ed como los compromisos internacionales asumidos\u201d.<\/p>\n<p>Y con eso de que a estas alturas de su gesti\u00f3n, al presidente L\u00f3pez Obrador no le pueden salir con aquello de que la ley es la ley, pues su aversi\u00f3n y desprecio por el Poder Judicial, crece cada d\u00eda m\u00e1s y m\u00e1s, simplemente porque no se pliegan a sus \u00f3rdenes y ocurrencias.<\/p>\n<p>Sin embargo, no hay que perder de vista que en esta en\u00e9sima confrontaci\u00f3n del tabasque\u00f1o, en el fondo est\u00e1 \u00ad-como se anot\u00f3 en l\u00edneas anteriores- la disputa familiar por ser el candidato de Morena al gobierno de Puebla.<\/p>\n<p style=\"text-align: center;\"><strong>Municiones<\/strong><\/p>\n<p>*** En el marco del D\u00eda Mundial del Internet, <strong>Israel Jer\u00f3nimo L\u00f3pez<\/strong>, subsecretario de Educaci\u00f3n Media Superior de la secretar\u00eda de Educaci\u00f3n mexiquense, que encabeza <strong>Gerardo Monroy Serrano<\/strong>, presidi\u00f3 el primer foro organizado por el Conalep mexiquense , en Cuautitl\u00e1n Izcalli, cuya finalidad es reducir la brecha digital, fomentar el uso de nuevas tecnolog\u00edas y promover su accesibilidad a la red, as\u00ed como exponer las medidas de seguridad e implementaci\u00f3n de programas, normas y reglamentaci\u00f3n para la toma de conciencia social y la atenci\u00f3n a contenido riesgoso para las y los j\u00f3venes del estado que gobierna <strong>Alfredo Del Mazo Maza<\/strong>.<\/p>\n<p>*** Las ya pr\u00f3ximas elecciones en Coahuila y Estado de M\u00e9xico, se abordaron en la sesi\u00f3n de la Comisi\u00f3n Permanente. El coordinador de los senadores del PRI, <strong>Manuel A\u00f1orve Ba\u00f1os<\/strong>, asegur\u00f3 que el actual proceso es en muchos aspectos, un ensayo de lo que puede suceder y podemos esperar el pr\u00f3ximo a\u00f1o, en los comicios federales. \u201cY lamentablemente, lo que est\u00e1 quedando claro es que lo que podemos esperar de Morena es la ilegalidad: en los \u00faltimos meses hemos visto el uso faccioso de los programas sociales en beneficio de sus candidatos, y la entrega temprana de los apoyos para coaccionar el voto\u201d. Agreg\u00f3 que lo que se ha visto en las actuales campa\u00f1as electorales es \u201cla intervenci\u00f3n ilegal de funcionarios p\u00fablicos en las campa\u00f1as; y c\u00f3mo sin recato, sin decoro y sin el mayor sentido de la legalidad, se pasean por los estados para hacer campa\u00f1a usando recursos p\u00fablicos. Y lo m\u00e1s grave apenas la semana pasada, un abierto llamado por parte del titular del ejecutivo a votar por los candidatos de un partido\u201d.<\/p>\n<p>*** La prueba m\u00e1s clara de que el Instituto Nacional Electoral, (INE) es, con <strong>Guadalupe Taddei<\/strong> al frente, totalmente Morena, es que el presidente L\u00f3pez Obrador no fue objeto de sanci\u00f3n por parte de dicho Instituto, cuando es m\u00e1s que claro que es el jefe de campa\u00f1a de quien resulte ser la \u201ccorcholata\u201d ganadora en la accidentada contienda interna morenista. Resulta que los dos nuevos consejeros, <strong>Jorge Monta\u00f1o<\/strong> y <strong>Rita L\u00f3pez,<\/strong> votaron a favor de un proyecto de la Unidad de lo Contencioso, en el que se declara improcedente (no pod\u00eda ser de otra forma) una medida cautelar contra el tabasque\u00f1o por violar la imparcialidad al asegurar a los ciudadanos que si quer\u00edan la transformaci\u00f3n y las pensiones ya sab\u00edan por qui\u00e9n votar el pr\u00f3ximo a\u00f1o. Bueno, ah\u00ed est\u00e1n adem\u00e1s las recientes declaraciones del tabasque\u00f1o en su gustad\u00edsimo \u201cstand-up\u201d ma\u00f1anero, respecto a que los ciudadanos voten por el partido oficial para que pueda tener mayor\u00eda absoluta en el Congreso de la Uni\u00f3n.<\/p>\n<p>*** A temperaturas sumamente elevadas, ha llegado el abierto enfrentamiento entre dos de las \u201ccorcholatas\u201d\u00a0 de Palacio Nacional sin que nadie pueda detenerlo. El secretario de Relaciones Exteriores, le contest\u00f3 en \u00e1cido tono ni m\u00e1s ni menos que a la jefa de Gobierno de la Ciudad de M\u00e9xico, <strong>Claudia Sheinbaum<\/strong>, al se\u00f1alar que como \u00e9l va ganando en esta accidentada contienda interna, entonces no tiene caso que la funcionaria capitalina pida licencia a su cargo, lo que dijo que har\u00e1 hasta que Morena realice las encuestas para seleccionar a su candidato. Entonces, se preguntan en los corrillos pol\u00edticos, \u00bfhabr\u00e1 o no candidato de unidad?, pues L\u00f3pez Obrador -se reitera- ya est\u00e1 instalado como jefe de campa\u00f1a de quien resulte ganador o ganadora, si es que la bomba no explota antes.<\/p>\n<p><u><a href=\"mailto:morcora@gmail.com\" target=\"_blank\" rel=\"noopener noreferrer\"><em>morcora@gmail.com<\/em><\/a><\/u><\/p>\n","protected":false},"excerpt":{"rendered":"<p><span style=\"color: #005497;\"><strong>Adriana Moreno Cordero<\/strong><\/span><\/p>\n","protected":false},"author":3,"featured_media":0,"comment_status":"open","ping_status":"open","sticky":false,"template":"","format":"standard","meta":{"_monsterinsights_skip_tracking":false,"_monsterinsights_sitenote_active":false,"_monsterinsights_sitenote_note":"","_monsterinsights_sitenote_category":0,"footnotes":""},"categories":[69370],"tags":[69369,69368,43674],"class_list":["post-584156","post","type-post","status-publish","format-standard","hentry","category-adriana-moreno-cordero","tag-adriana-moreno-cordero","tag-la-retaguardia","tag-opinion"],"_links":{"self":[{"href":"https:\/\/www.diarioimagen.net\/index.php?rest_route=\/wp\/v2\/posts\/584156","targetHints":{"allow":["GET"]}}],"collection":[{"href":"https:\/\/www.diarioimagen.net\/index.php?rest_route=\/wp\/v2\/posts"}],"about":[{"href":"https:\/\/www.diarioimagen.net\/index.php?rest_route=\/wp\/v2\/types\/post"}],"author":[{"embeddable":true,"href":"https:\/\/www.diarioimagen.net\/index.php?rest_route=\/wp\/v2\/users\/3"}],"replies":[{"embeddable":true,"href":"https:\/\/www.diarioimagen.net\/index.php?rest_route=%2Fwp%2Fv2%2Fcomments&post=584156"}],"version-history":[{"count":0,"href":"https:\/\/www.diarioimagen.net\/index.php?rest_route=\/wp\/v2\/posts\/584156\/revisions"}],"wp:attachment":[{"href":"https:\/\/www.diarioimagen.net\/index.php?rest_route=%2Fwp%2Fv2%2Fmedia&parent=584156"}],"wp:term":[{"taxonomy":"category","embeddable":true,"href":"https:\/\/www.diarioimagen.net\/index.php?rest_route=%2Fwp%2Fv2%2Fcategories&post=584156"},{"taxonomy":"post_tag","embeddable":true,"href":"https:\/\/www.diarioimagen.net\/index.php?rest_route=%2Fwp%2Fv2%2Ftags&post=584156"}],"curies":[{"name":"wp","href":"https:\/\/api.w.org\/{rel}","templated":true}]}}