{"id":584246,"date":"2023-05-19T00:02:15","date_gmt":"2023-05-19T06:02:15","guid":{"rendered":"https:\/\/www.diarioimagen.net\/?p=584246"},"modified":"2023-05-22T23:16:31","modified_gmt":"2023-05-23T05:16:31","slug":"nace-la-aerolinea-del-estado-que-estara-bajo-el-mando-de-sedena","status":"publish","type":"post","link":"https:\/\/www.diarioimagen.net\/?p=584246","title":{"rendered":"Nace la aerol\u00ednea del Estado que estar\u00e1 bajo el mando de la Sedena"},"content":{"rendered":"<p>&nbsp;<\/p>\n<h3 style=\"text-align: center;\">Publica Hacienda el acuerdo en el <em>Diario Oficial de la Federaci\u00f3n<br \/>\n<\/em><\/h3>\n<p>&nbsp;<\/p>\n<ul>\n<li><strong><em>Ofrecer\u00e1 vuelos a destinos nacionales e internacionales, as\u00ed como de carga<\/em><\/strong><\/li>\n<\/ul>\n<p>&nbsp;<\/p>\n<div id=\"attachment_584369\" style=\"width: 470px\" class=\"wp-caption aligncenter\"><a href=\"https:\/\/www.diarioimagen.net\/?attachment_id=584369\" rel=\"attachment wp-att-584369\"><img loading=\"lazy\" decoding=\"async\" aria-describedby=\"caption-attachment-584369\" class=\"size-full wp-image-584369\" src=\"https:\/\/www.diarioimagen.net\/wp-content\/uploads\/2023\/05\/aerolinea-sedena.jpg\" alt=\"\" width=\"460\" height=\"270\" \/><\/a><p id=\"caption-attachment-584369\" class=\"wp-caption-text\">La Secretar\u00eda de Hacienda autoriz\u00f3 la creaci\u00f3n de una nueva aerol\u00ednea del Estado, la cual estar\u00e1 bajo la administraci\u00f3n de la Sedena.<\/p><\/div>\n<p>&nbsp;<\/p>\n<p>La Secretar\u00eda de Hacienda autoriz\u00f3 la constituci\u00f3n de una empresa de participaci\u00f3n estatal mayoritaria denominada Aerol\u00ednea del Estado Mexicano, la cual ofrecer\u00e1 vuelos a destinos nacionales e internacionales, as\u00ed como de carga, bajo el mando del Ej\u00e9rcito mexicano.<\/p>\n<p>La dependencia public\u00f3 el acuerdo en el <em>Diario Oficial de la Federaci\u00f3n<\/em> en el que confirma que la nueva aerol\u00ednea queda sectorizada a la Secretar\u00eda de la Defensa Nacional (Sedena).<\/p>\n<p>\u201cSe autoriza la constituci\u00f3n de una empresa de participaci\u00f3n estatal mayoritaria, cuya organizaci\u00f3n y funcionamiento ser\u00e1 el de una sociedad an\u00f3nima de capital variable, en t\u00e9rminos de la Ley General de Sociedades Mercantiles, la Ley Federal de Entidades Paraestatales, el Reglamento de la Ley Federal de las Entidades Paraestatales y dem\u00e1s disposiciones jur\u00eddicas aplicables, misma que estar\u00e1 agrupado en el sector coordinado por la Sedena\u201d, expuso Hacienda en el decreto.<\/p>\n<p>La parte variable del capital social ser\u00e1 ilimitada y la parte m\u00ednima, sin derecho a retiro, ser\u00e1 de 1 mill\u00f3n de pesos y estar\u00e1 representada por 100 acciones nominativas, cuyo valor ser\u00e1 de 10 mil pesos cada una<\/p>\n<p>El monto inicial de la participaci\u00f3n estatal ser\u00e1 de 1 mill\u00f3n de pesos, correspondiendo 990 mil pesos de origen presupuestal a la Sedena y 10 mil pesos al Banco Nacional del Ej\u00e9rcito y Fuerza A\u00e9rea y Armada como accionista minoritario.<\/p>\n<p>\u201cEl prop\u00f3sito es mejorar la calidad y cobertura de los servicios a\u00e9reos, as\u00ed como impulsar la conectividad en el mercado en que existe demanda, lo que representar\u00e1 un motor de crecimiento, desarrollo y competitividad a nivel nacional e internacional, adem\u00e1s de que se fortalecer\u00e1 la captaci\u00f3n de divisas e inversiones nacionales y extranjeras\u201d, justific\u00f3 Hacienda.<\/p>\n<p>La nueva compa\u00f1\u00eda castrense podr\u00e1 llevar a cabo todas las acciones necesarias para promover, explotar y prestar el servicio p\u00fablico de transporte a\u00e9reo, regular, nacional e internacional de pasajeros, carga, correo o una combinaci\u00f3n de estos, por cuenta propia o a trav\u00e9s de personas p\u00fablicas o privadas.<\/p>\n<p>Tambi\u00e9n ofrecer\u00e1 servicios de fletes, bajo la modalidad de paquete tur\u00edstico o traslado, ch\u00e1rter y taxi a\u00e9reo.<\/p>\n<p>La l\u00ednea militar obtendr\u00e1, bajo cualquier t\u00edtulo, concesiones, permisos, licencias y autorizaciones que requiera para operar.<\/p>\n<p>El domicilio social de la empresa estar\u00e1 en el Estado de M\u00e9xico y su creaci\u00f3n se concretar\u00e1 con cargo al presupuesto de la Sedena, que deber\u00e1 entregar a Hacienda el testimonio notarial de su constituci\u00f3n.<\/p>\n","protected":false},"excerpt":{"rendered":"<p>La Secretar\u00eda de Hacienda autoriz\u00f3 la constituci\u00f3n de una empresa de participaci\u00f3n estatal mayoritaria denominada Aerol\u00ednea del Estado Mexicano, la cual ofrecer\u00e1 vuelos a destinos nacionales e internacionales, as\u00ed como de carga, bajo el mando del Ej\u00e9rcito mexicano.<\/p>\n","protected":false},"author":3,"featured_media":584369,"comment_status":"open","ping_status":"open","sticky":false,"template":"","format":"standard","meta":{"_monsterinsights_skip_tracking":false,"_monsterinsights_sitenote_active":false,"_monsterinsights_sitenote_note":"","_monsterinsights_sitenote_category":0,"footnotes":""},"categories":[3],"tags":[97908,48133,65861,3353],"class_list":["post-584246","post","type-post","status-publish","format-standard","has-post-thumbnail","hentry","category-nacional","tag-aerolinea-del-estado","tag-mando","tag-nace","tag-sedena"],"_links":{"self":[{"href":"https:\/\/www.diarioimagen.net\/index.php?rest_route=\/wp\/v2\/posts\/584246","targetHints":{"allow":["GET"]}}],"collection":[{"href":"https:\/\/www.diarioimagen.net\/index.php?rest_route=\/wp\/v2\/posts"}],"about":[{"href":"https:\/\/www.diarioimagen.net\/index.php?rest_route=\/wp\/v2\/types\/post"}],"author":[{"embeddable":true,"href":"https:\/\/www.diarioimagen.net\/index.php?rest_route=\/wp\/v2\/users\/3"}],"replies":[{"embeddable":true,"href":"https:\/\/www.diarioimagen.net\/index.php?rest_route=%2Fwp%2Fv2%2Fcomments&post=584246"}],"version-history":[{"count":0,"href":"https:\/\/www.diarioimagen.net\/index.php?rest_route=\/wp\/v2\/posts\/584246\/revisions"}],"wp:featuredmedia":[{"embeddable":true,"href":"https:\/\/www.diarioimagen.net\/index.php?rest_route=\/wp\/v2\/media\/584369"}],"wp:attachment":[{"href":"https:\/\/www.diarioimagen.net\/index.php?rest_route=%2Fwp%2Fv2%2Fmedia&parent=584246"}],"wp:term":[{"taxonomy":"category","embeddable":true,"href":"https:\/\/www.diarioimagen.net\/index.php?rest_route=%2Fwp%2Fv2%2Fcategories&post=584246"},{"taxonomy":"post_tag","embeddable":true,"href":"https:\/\/www.diarioimagen.net\/index.php?rest_route=%2Fwp%2Fv2%2Ftags&post=584246"}],"curies":[{"name":"wp","href":"https:\/\/api.w.org\/{rel}","templated":true}]}}