{"id":584248,"date":"2023-05-19T00:01:31","date_gmt":"2023-05-19T06:01:31","guid":{"rendered":"https:\/\/www.diarioimagen.net\/?p=584248"},"modified":"2023-05-24T02:44:59","modified_gmt":"2023-05-24T08:44:59","slug":"el-tren-maya-va-a-costar-mas-del-doble-de-lo-presupuestado","status":"publish","type":"post","link":"https:\/\/www.diarioimagen.net\/?p=584248","title":{"rendered":"El Tren Maya va a costar m\u00e1s del doble de lo presupuestado"},"content":{"rendered":"<p>&nbsp;<\/p>\n<h3 style=\"text-align: center;\">De acuerdo con an\u00e1lisis del IMCO<\/h3>\n<p>&nbsp;<\/p>\n<ul>\n<li><strong><em>Podr\u00eda terminar 2023 con un gasto total de 373 mil 699 millones de pesos<\/em><\/strong><\/li>\n<\/ul>\n<p>&nbsp;<\/p>\n<div id=\"attachment_584367\" style=\"width: 470px\" class=\"wp-caption aligncenter\"><a href=\"https:\/\/www.diarioimagen.net\/?attachment_id=584367\" rel=\"attachment wp-att-584367\"><img loading=\"lazy\" decoding=\"async\" aria-describedby=\"caption-attachment-584367\" class=\"size-full wp-image-584367\" src=\"https:\/\/www.diarioimagen.net\/wp-content\/uploads\/2023\/05\/TREN-MAYA-MX.jpg\" alt=\"\" width=\"460\" height=\"270\" \/><\/a><p id=\"caption-attachment-584367\" class=\"wp-caption-text\">IMCO advierte que el costo de construcci\u00f3n del Tren Maya se ha duplicado.<\/p><\/div>\n<p>&nbsp;<\/p>\n<p>Valeria Moy Campos, directora del Instituto Mexicano para la Competitividad AC (Imco), escribi\u00f3 a trav\u00e9s de su cuenta de Twitter (@ValeriaMoy) que el costo de construcci\u00f3n del Tren Maya se ha disparado y que definitivamente no est\u00e1 siendo por nada barato.<\/p>\n<p>Moy escribi\u00f3 en la mencionada red social: \u201cYo no s\u00e9 si el Tren Maya vaya a ser austero, pero barato no est\u00e1 saliendo\u201d, y es que el IMCO ha realizado un an\u00e1lisis que con cifras contundentes demuestra el encarecimiento de la obra emblema del gobierno federal.<\/p>\n<p>La publicaci\u00f3n que realiza el Imco en su bolet\u00edn semanal se\u00f1ala \u201cEl Tren Maya le costar\u00e1 a los mexicanos una cifra considerablemente mayor a la estimada originalmente: con un avance de 58.4%, podr\u00eda terminar el 2023 con un gasto total de 373 mil 699 mdp, m\u00e1s del doble del presupuesto original. Las razones de este sobrecosto son desconocidas, puesto que la informaci\u00f3n sobre el proyecto se reserv\u00f3 por tratarse de una obra de seguridad nacional\u201d.<\/p>\n<p>Asimismo, refieren que el avance de obra en marzo de 2023 es del 58.4%, y que el costo inicial era de 156 mil millones de pesos, no obstante, al actualizar el proyecto ahora su costo es de 373 mil 699 millones de pesos.<\/p>\n<p>En ese sentido, el presupuesto ejercido y acumulado destinado al Tren Maya al primer trimestre de 2023 es de142 mil 938 millones de pesos, contra lo aprobado de 143 mil 73 millones 300 mil pesos \u201cEl Tren Maya es un proyecto de transporte de ferrocarriles para carga y pasajeros que conectara a los estados de Chiapas, Tabasco, Campeche, Yucat\u00e1n y Quintana Roo a trav\u00e9s de una l\u00ednea de mil 440 km.\u201d, concluye el IMCO en su reporte.<\/p>\n<div class=\"notranslate\" style=\"all: initial;\"><\/div>\n","protected":false},"excerpt":{"rendered":"<p>Valeria Moy Campos, directora del Instituto Mexicano para la Competitividad AC (Imco), escribi\u00f3 a trav\u00e9s de su cuenta de Twitter (@ValeriaMoy) que el costo de construcci\u00f3n del Tren Maya se ha disparado y que definitivamente no est\u00e1 siendo por nada barato.<\/p>\n","protected":false},"author":3,"featured_media":584367,"comment_status":"open","ping_status":"open","sticky":false,"template":"","format":"standard","meta":{"_monsterinsights_skip_tracking":false,"_monsterinsights_sitenote_active":false,"_monsterinsights_sitenote_note":"","_monsterinsights_sitenote_category":0,"footnotes":""},"categories":[8],"tags":[26200,95998,13955,97909],"class_list":["post-584248","post","type-post","status-publish","format-standard","has-post-thumbnail","hentry","category-finanzas","tag-costo","tag-elevado","tag-robo","tag-tren-maa"],"_links":{"self":[{"href":"https:\/\/www.diarioimagen.net\/index.php?rest_route=\/wp\/v2\/posts\/584248","targetHints":{"allow":["GET"]}}],"collection":[{"href":"https:\/\/www.diarioimagen.net\/index.php?rest_route=\/wp\/v2\/posts"}],"about":[{"href":"https:\/\/www.diarioimagen.net\/index.php?rest_route=\/wp\/v2\/types\/post"}],"author":[{"embeddable":true,"href":"https:\/\/www.diarioimagen.net\/index.php?rest_route=\/wp\/v2\/users\/3"}],"replies":[{"embeddable":true,"href":"https:\/\/www.diarioimagen.net\/index.php?rest_route=%2Fwp%2Fv2%2Fcomments&post=584248"}],"version-history":[{"count":0,"href":"https:\/\/www.diarioimagen.net\/index.php?rest_route=\/wp\/v2\/posts\/584248\/revisions"}],"wp:featuredmedia":[{"embeddable":true,"href":"https:\/\/www.diarioimagen.net\/index.php?rest_route=\/wp\/v2\/media\/584367"}],"wp:attachment":[{"href":"https:\/\/www.diarioimagen.net\/index.php?rest_route=%2Fwp%2Fv2%2Fmedia&parent=584248"}],"wp:term":[{"taxonomy":"category","embeddable":true,"href":"https:\/\/www.diarioimagen.net\/index.php?rest_route=%2Fwp%2Fv2%2Fcategories&post=584248"},{"taxonomy":"post_tag","embeddable":true,"href":"https:\/\/www.diarioimagen.net\/index.php?rest_route=%2Fwp%2Fv2%2Ftags&post=584248"}],"curies":[{"name":"wp","href":"https:\/\/api.w.org\/{rel}","templated":true}]}}