{"id":584256,"date":"2023-05-19T00:01:49","date_gmt":"2023-05-19T06:01:49","guid":{"rendered":"https:\/\/www.diarioimagen.net\/?p=584256"},"modified":"2023-05-22T00:59:21","modified_gmt":"2023-05-22T06:59:21","slug":"campana-contra-el-titular-de-sedena-proviene-de-agencias-de-eu-acusa-lopez-obrador","status":"publish","type":"post","link":"https:\/\/www.diarioimagen.net\/?p=584256","title":{"rendered":"Campa\u00f1a contra\u00a0 el titular de Sedena proviene de agencias de EU, acusa L\u00f3pez Obrador"},"content":{"rendered":"<p>&nbsp;<\/p>\n<h3 style=\"text-align: center;\">Denuncia que buscan a activistas para sus prop\u00f3sitos<\/h3>\n<p>&nbsp;<\/p>\n<ul>\n<li><strong><em>Se lleg\u00f3 al extremo de que mandaban en la Secretar\u00eda de Marina, asegura el Presidente<\/em><\/strong><\/li>\n<\/ul>\n<p>&nbsp;<\/p>\n<div id=\"attachment_584356\" style=\"width: 470px\" class=\"wp-caption aligncenter\"><a href=\"https:\/\/www.diarioimagen.net\/?attachment_id=584356\" rel=\"attachment wp-att-584356\"><img loading=\"lazy\" decoding=\"async\" aria-describedby=\"caption-attachment-584356\" class=\"size-full wp-image-584356\" src=\"https:\/\/www.diarioimagen.net\/wp-content\/uploads\/2023\/05\/amlo-8.jpg\" alt=\"\" width=\"460\" height=\"270\" \/><\/a><p id=\"caption-attachment-584356\" class=\"wp-caption-text\">Andr\u00e9s Manuel L\u00f3pez Obrador acus\u00f3 que agencias de EU utilizan a activistas como Claudio X. Gonz\u00e1lez para socavar la honorabilidad de la Sedena y su titular.<\/p><\/div>\n<p>&nbsp;<\/p>\n<p>El presidente Andr\u00e9s Manuel L\u00f3pez Obrador acus\u00f3 que el espionaje contra el titular de la Secretar\u00eda de la Defensa Nacional (Sedena), general Cresencio Sandoval Gonz\u00e1lez, proviene de las agencias de Estados Unidos, pues buscan que las fuerzas armadas est\u00e9n bajo su mando.<\/p>\n<p>En ese sentido, se\u00f1al\u00f3 que utilizan a activistas como Claudio X. Gonz\u00e1lez para financiar investigaciones contra los integrantes de su gabinete.<\/p>\n<p>\u201cYo sostengo, no tengo elementos, pero siempre he tenido un instinto certero de que esas investigaciones son de Claudio X. Gonz\u00e1lez, del grupo de gente que recibe dinero de Estados Unidos\u201d, dijo el mandatario en su conferencia matutina.<\/p>\n<p>\u201cAntes lo que hac\u00edan, lo que quer\u00edan, les permit\u00edan todo, se lleg\u00f3 al extremo de que las agencias del gobierno de Estados Unidos mandaban en la Secretar\u00eda de Marina. Ya se puso orden, M\u00e9xico no es una colonia ni protectorado de ning\u00fan gobierno extranjero, van a tener que aprender a respetarnos entonces por eso las investigaciones\u201d, sostuvo L\u00f3pez Obrador.<\/p>\n<p>\u201cLe\u00ed que esta agencia (USAID) se deslinda y dice que nos es cierto que financien a estas organizaciones que est\u00e1n en contra de un gobierno leg\u00edtimamente constituido y esta es una clara muestra de injerencia\u201d, reproch\u00f3 el Ejecutivo federal.<\/p>\n<p>Recientemente, la organizaci\u00f3n Mexicanos Unidos Contra la Corrupci\u00f3n, dirigida por Claudio X. Gonz\u00e1lez, present\u00f3 una serie de reportajes sobre el general Luis Cresencio Sandoval sobre supuestos viajes realizados por el mando militar y su familia a destinos de lujo con cargo al erario. Tambi\u00e9n public\u00f3 que el titular de la Sedena hab\u00eda adquirido un departamento a un contratista del gobierno federal.<\/p>\n<p>Cuestionado sobre si estos se\u00f1alamientos socavan su confianza en el titular de la Sedena, L\u00f3pez Obrador dijo que tiene confianza en su mando, ya que lo considera una persona honesta e incorruptible.<\/p>\n<p>\u201cLe tengo confianza al general, claro que s\u00ed desde que decid\u00ed invitarlo a participar; el general entre otras caracter\u00edsticas entre otras virtudes es una gente honesta e incorruptible. Pero eso no lo van a aceptar nuestros adversarios porque tienen que hacer labor de socavar la credibilidad del gobierno para lanzarse porque nuestro fuerte es la autoridad moral\u201d, dijo el mandatario federal.<\/p>\n<p>Respecto a la adquisici\u00f3n del departamento, el general Sandoval dijo que adquiri\u00f3 el inmueble en obra gris al inicio del sexenio a trav\u00e9s de un pr\u00e9stamo del Banco del Ej\u00e9rcito (Banjercito).<\/p>\n<p>\u201cEse departamento lo adquir\u00ed a trav\u00e9s de un cr\u00e9dito del Banco del Ej\u00e9rcito, la propiedad fue valuada en 9 millones 800 mil pesos; era el precio del valuador y el precio que se manej\u00f3 en las negociaciones fue de 9 millones\u201d, concedi\u00f3 Sandoval.<\/p>\n<p>El mando militar neg\u00f3 que haya hablado con el due\u00f1o del inmueble, ya que la transacci\u00f3n se hizo a trav\u00e9s de negociadores de bienes ra\u00edces.<\/p>\n<p style=\"text-align: center;\"><strong>Poder Judicial est\u00e1 tomado por la \u201cdelincuencia organizada\u201d: AMLO<\/strong><\/p>\n<p>En una nueva arremetida contra la Suprema Corte de Justicia, el presidente L\u00f3pez Obrado asever\u00f3 que el Poder Judicial est\u00e1 tomado por la delincuencia organizada y de cuello blanco.<\/p>\n<p>En su ma\u00f1anera de este jueves, el primer mandatario detall\u00f3 que esta es la raz\u00f3n por la que algunos est\u00e1n molestos y en desacuerdo por el hecho de que los integrantes del Poder Judicial, en particular contra ministros, sean elegidos por el pueblo de M\u00e9xico.<\/p>\n<p>L\u00f3pez Obrador critic\u00f3 a los jueces por liberar a l\u00edderes criminales, como el narcotraficante H\u00e9ctor \u201cEl G\u00fcero\u201d Palma.<\/p>\n<p>Insisti\u00f3 en la importancia de que lleve a cabo una consulta popular con el objetivo de que el pueblo de M\u00e9xico decida si los integrantes del Poder Judicial son elegidos por voto directo.<\/p>\n<p>\u201cNo es un asunto electoral, una consulta que tiene que ver con la elecci\u00f3n de servidores p\u00fablicos del Poder Judicial, porque ya lo quieren llevar all\u00e1, que como es un asunto electoral no se puede llevar a cabo la consulta\u201d, mencion\u00f3.<\/p>\n<p>\u201cUna chicanada, entonces s\u00ed se puede y ojal\u00e1 se lleve a cabo, es una consulta para que se debata el tema, que todos aprendamos m\u00e1s, todos los d\u00edas uno aprende escuchando a los dem\u00e1s y que la pol\u00edtica sea asunto de todos, no solo de los pol\u00edticos, las eminencias, los expertos, especialistas, entonces s\u00ed es importante la consulta y ya despu\u00e9s, no voy a decir lo otro porque hasta me denunciaron, pero van a venir las elecciones y ah\u00ed el pueblo va a decir\u201d, enfatiz\u00f3.<\/p>\n","protected":false},"excerpt":{"rendered":"<p>El presidente Andr\u00e9s Manuel L\u00f3pez Obrador acus\u00f3 que el espionaje contra el titular de la Secretar\u00eda de la Defensa Nacional (Sedena), general Cresencio Sandoval Gonz\u00e1lez, proviene de las agencias de Estados Unidos, pues buscan que las fuerzas armadas est\u00e9n bajo su mando.<\/p>\n","protected":false},"author":3,"featured_media":584356,"comment_status":"open","ping_status":"open","sticky":false,"template":"","format":"standard","meta":{"_monsterinsights_skip_tracking":false,"_monsterinsights_sitenote_active":false,"_monsterinsights_sitenote_note":"","_monsterinsights_sitenote_category":0,"footnotes":""},"categories":[3],"tags":[6185,2786,43679,43673,3353],"class_list":["post-584256","post","type-post","status-publish","format-standard","has-post-thumbnail","hentry","category-nacional","tag-campana","tag-eu","tag-mundo","tag-nacional","tag-sedena"],"_links":{"self":[{"href":"https:\/\/www.diarioimagen.net\/index.php?rest_route=\/wp\/v2\/posts\/584256","targetHints":{"allow":["GET"]}}],"collection":[{"href":"https:\/\/www.diarioimagen.net\/index.php?rest_route=\/wp\/v2\/posts"}],"about":[{"href":"https:\/\/www.diarioimagen.net\/index.php?rest_route=\/wp\/v2\/types\/post"}],"author":[{"embeddable":true,"href":"https:\/\/www.diarioimagen.net\/index.php?rest_route=\/wp\/v2\/users\/3"}],"replies":[{"embeddable":true,"href":"https:\/\/www.diarioimagen.net\/index.php?rest_route=%2Fwp%2Fv2%2Fcomments&post=584256"}],"version-history":[{"count":0,"href":"https:\/\/www.diarioimagen.net\/index.php?rest_route=\/wp\/v2\/posts\/584256\/revisions"}],"wp:featuredmedia":[{"embeddable":true,"href":"https:\/\/www.diarioimagen.net\/index.php?rest_route=\/wp\/v2\/media\/584356"}],"wp:attachment":[{"href":"https:\/\/www.diarioimagen.net\/index.php?rest_route=%2Fwp%2Fv2%2Fmedia&parent=584256"}],"wp:term":[{"taxonomy":"category","embeddable":true,"href":"https:\/\/www.diarioimagen.net\/index.php?rest_route=%2Fwp%2Fv2%2Fcategories&post=584256"},{"taxonomy":"post_tag","embeddable":true,"href":"https:\/\/www.diarioimagen.net\/index.php?rest_route=%2Fwp%2Fv2%2Ftags&post=584256"}],"curies":[{"name":"wp","href":"https:\/\/api.w.org\/{rel}","templated":true}]}}