{"id":584265,"date":"2023-05-19T00:01:46","date_gmt":"2023-05-19T06:01:46","guid":{"rendered":"https:\/\/www.diarioimagen.net\/?p=584265"},"modified":"2023-05-19T03:42:24","modified_gmt":"2023-05-19T09:42:24","slug":"gobiernos-de-morena-son-ineficientes-y-han-fallado-y-mentido-al-pueblo-david-parra-sanchez","status":"publish","type":"post","link":"https:\/\/www.diarioimagen.net\/?p=584265","title":{"rendered":"Gobiernos de Morena son ineficientes y han fallado y mentido al pueblo: David Parra S\u00e1nchez"},"content":{"rendered":"<p>&nbsp;<\/p>\n<ul>\n<li><em><strong>\u201cHay una sociedad enga\u00f1ada\u201d<\/strong><\/em><\/li>\n<\/ul>\n<p><strong>\u00a0<\/strong><\/p>\n<h6>Arturo Baena<\/h6>\n<p>&nbsp;<\/p>\n<div id=\"attachment_584389\" style=\"width: 470px\" class=\"wp-caption aligncenter\"><a href=\"https:\/\/www.diarioimagen.net\/?attachment_id=584389\" rel=\"attachment wp-att-584389\"><img loading=\"lazy\" decoding=\"async\" aria-describedby=\"caption-attachment-584389\" class=\"size-full wp-image-584389\" src=\"https:\/\/www.diarioimagen.net\/wp-content\/uploads\/2023\/05\/gobiernos-de-morena.jpg\" alt=\"\" width=\"460\" height=\"270\" \/><\/a><p id=\"caption-attachment-584389\" class=\"wp-caption-text\">El diputado David Parra S\u00e1nchez se\u00f1al\u00f3 que \u201chay una sociedad enga\u00f1ada, pues las promesas de bajar la luz, el gas y medicamentos fueron puras mentiras\u201d.<\/p><\/div>\n<p>&nbsp;<\/p>\n<p><strong>Valle de M\u00e9xico.\u2014<\/strong> La desesperaci\u00f3n de Morena es tan evidente que hoy inventan cifras alegres, suben en redes y panfletos supuestas declaraciones de Enrique Pe\u00f1a Nieto y del gobernador Alfredo Del Mazo Maza, absurdas que nadie les cree, mejor que reconozcan que sus gobiernos son ineficientes, que le han fallado y mentido al pueblo de M\u00e9xico.<\/p>\n<p>As\u00ed lo asegur\u00f3, en entrevista, el diputado David Parra S\u00e1nchez, luego de destacar que \u201chay una sociedad enga\u00f1ada, pues las promesas de bajar la luz, el gas y medicamentos fueron puras mentiras. El pueblo de M\u00e9xico padece hambre e inseguridad\u201d, dijo.<\/p>\n<p>Parra S\u00e1nchez destac\u00f3 que \u201cel pueblo no es d\u00e9bil mental y ante la falta de resultados perdieron 15 millones de votos en el pa\u00eds y un mill\u00f3n m\u00e1s en el Estado de M\u00e9xico, pues act\u00faan con todo lo contrario y eso el pueblo lo sabe perfectamente\u201d, afirm\u00f3.<\/p>\n<p>Por otra parte, el legislador priista, dijo que \u201clo de Enrique Pe\u00f1a y el gobernador Alfredo Del Mazo, son falsedades. Quienes los conocemos sabemos que son hombres muy prudentes y el equipo de Morena est\u00e1 desesperado creyeron que las encuestas pod\u00edan inclinar la balanza, pero al contrario Ale del Moral ya super\u00f3 a Delfina G\u00f3mez y tienen que fabricar notas para tratar de desalentar a la alianza, pero no es as\u00ed vamos a ganar la calle y ah\u00ed se dice la verdad y est\u00e1n con Ale\u201d, reiter\u00f3.<\/p>\n<p>Finalmente, el diputado priista destac\u00f3 que \u201cni Morena ni su candidata volver\u00e1n a enga\u00f1ar a las y los mexiquenses, la sociedad ya abri\u00f3 los ojos y sabe que los gobiernos de Morena son mentirosos, ineficientes y corruptos\u201d.<\/p>\n","protected":false},"excerpt":{"rendered":"<p>La desesperaci\u00f3n de Morena es tan evidente que hoy inventan cifras alegres, suben en redes y panfletos supuestas declaraciones de Enrique Pe\u00f1a Nieto y del gobernador Alfredo Del Mazo Maza, absurdas que nadie les cree, mejor que reconozcan que sus gobiernos son ineficientes, que le han fallado y mentido al pueblo de M\u00e9xico.<\/p>\n","protected":false},"author":3,"featured_media":584389,"comment_status":"open","ping_status":"open","sticky":false,"template":"","format":"standard","meta":{"_monsterinsights_skip_tracking":false,"_monsterinsights_sitenote_active":false,"_monsterinsights_sitenote_note":"","_monsterinsights_sitenote_category":0,"footnotes":""},"categories":[5],"tags":[29035,18,20663],"class_list":["post-584265","post","type-post","status-publish","format-standard","has-post-thumbnail","hentry","category-estado-de-mexico","tag-david-parra-sanchez","tag-enrique-pena-nieto","tag-morena"],"_links":{"self":[{"href":"https:\/\/www.diarioimagen.net\/index.php?rest_route=\/wp\/v2\/posts\/584265","targetHints":{"allow":["GET"]}}],"collection":[{"href":"https:\/\/www.diarioimagen.net\/index.php?rest_route=\/wp\/v2\/posts"}],"about":[{"href":"https:\/\/www.diarioimagen.net\/index.php?rest_route=\/wp\/v2\/types\/post"}],"author":[{"embeddable":true,"href":"https:\/\/www.diarioimagen.net\/index.php?rest_route=\/wp\/v2\/users\/3"}],"replies":[{"embeddable":true,"href":"https:\/\/www.diarioimagen.net\/index.php?rest_route=%2Fwp%2Fv2%2Fcomments&post=584265"}],"version-history":[{"count":0,"href":"https:\/\/www.diarioimagen.net\/index.php?rest_route=\/wp\/v2\/posts\/584265\/revisions"}],"wp:featuredmedia":[{"embeddable":true,"href":"https:\/\/www.diarioimagen.net\/index.php?rest_route=\/wp\/v2\/media\/584389"}],"wp:attachment":[{"href":"https:\/\/www.diarioimagen.net\/index.php?rest_route=%2Fwp%2Fv2%2Fmedia&parent=584265"}],"wp:term":[{"taxonomy":"category","embeddable":true,"href":"https:\/\/www.diarioimagen.net\/index.php?rest_route=%2Fwp%2Fv2%2Fcategories&post=584265"},{"taxonomy":"post_tag","embeddable":true,"href":"https:\/\/www.diarioimagen.net\/index.php?rest_route=%2Fwp%2Fv2%2Ftags&post=584265"}],"curies":[{"name":"wp","href":"https:\/\/api.w.org\/{rel}","templated":true}]}}