{"id":584321,"date":"2023-05-19T00:04:17","date_gmt":"2023-05-19T06:04:17","guid":{"rendered":"https:\/\/www.diarioimagen.net\/?p=584321"},"modified":"2023-05-19T01:39:55","modified_gmt":"2023-05-19T07:39:55","slug":"diplomacia-diversidad-y-libertades-amlo","status":"publish","type":"post","link":"https:\/\/www.diarioimagen.net\/?p=584321","title":{"rendered":"Diplomacia, diversidad y libertades: AMLO"},"content":{"rendered":"<h2>Desde el portal<\/h2>\n<h5>\u00c1ngel Soriano<\/h5>\n<p>&nbsp;<\/p>\n<p>El presidente Andr\u00e9s Manuel L\u00f3pez Obrador reconoci\u00f3 que dentro del servicio exterior mexicano hay diplom\u00e1ticos que no comparten su proyecto de Naci\u00f3n porque hay pluralidad y diversidad entre sus integrantes y se respeta el servicio civil de carrera, pero reconoci\u00f3 que pese a esas diferencias \u201cno ha habido traici\u00f3n\u201d, sino cumplen con sus funciones encomendadas.<\/p>\n<p>Asimismo, reconoci\u00f3 que hace falta mayor informaci\u00f3n en el exterior respecto a lo que se hace en M\u00e9xico y, en el caso de la Uni\u00f3n Americana, son los trabajadores migratorios los que se mantienen al pendiente de lo que pasa en el pa\u00eds y difunden los alcances de la IV-Transformaci\u00f3n, labor que no hacen algunas embajadas.<\/p>\n<p>S\u00ed hace falta informaci\u00f3n, acept\u00f3, cuando un periodista ingl\u00e9s le indic\u00f3 que en el Reino Unido hay poca informaci\u00f3n de lo que pasa en M\u00e9xico y de los alcances de la IV-Transformaci\u00f3n, por lo que tienen que recurrir a fuentes directas para saber de las mismas, aun cuando se trate de acad\u00e9micos o de ciudadanos interesados en conocer la vida nacional de M\u00e9xico.<\/p>\n<p>Deficiencias o d\u00e9ficit en el servicio exterior mexicano: Efectivamente, se respeta la pluralidad y la diversidad y las posiciones personales, pero es preciso que se difunda m\u00e1s de lo que pasa en realidad en M\u00e9xico para evitar la mala imagen que tenemos en el exterior y que hace que, como ocurre ahora, diversos lideres internacionales se lanzan contra M\u00e9xico por falta de informaci\u00f3n.<\/p>\n<p style=\"text-align: center;\"><strong>TURBULENCIAS<br \/>\nSalarios, viajes y residencias<\/strong><\/p>\n<p>Colosales sueldazos de altos funcionarios, residencias y viajes a todo lujo son exhibidos en medios de comunicaci\u00f3n que han tenido acceso a los gastos del equipo gobernante y aun cuando se niegue, los documentales sobre el dispendio de los recursos p\u00fablicos chocan con la falta de apoyo a grupos vulnerables en atenci\u00f3n m\u00e9dica, educaci\u00f3n y salarios, que son regateados, en tanto unos cuantos disfrutan de privilegios ilimitados. Est\u00e1 el caso de las deportistas de nado art\u00edstico a quienes la sonorense Ana Gabriela Guevara, lejos de reconocerle sus m\u00e9ritos, las insult\u00f3 por no plegarse a sus decisiones, cuando que s\u00f3lo es una funcionaria, no la due\u00f1a de los recursos p\u00fablicos. Contar pesos y centavos para apoyar el deporte no es la mejor manera de estimular a nuestros deportistas y la ex atleta demuestra un criterio de abarrotera y no de servidora de la Naci\u00f3n\u2026 Si hay dados cargados en la nominaci\u00f3n del o de la candidata presidencial, se ver\u00e1 m\u00e1s claro en la elecci\u00f3n de la gobernadora del Estado de M\u00e9xico: Delfina G\u00f3mez o Alejandra Del Moral. Lo m\u00e1s seguro, como se estila, es que sea la ex alcaldesa de Texcoco la sucesora de Alfredo Del Mazo para ir cerrando el c\u00edrculo y que Morena domine el pa\u00eds. Ya el canciller Marcelo Ebrard se ha encargado \u2014lo mismo que la falta de sensibilidad o exceso de cinismo de gobernadores que dan preferencia a unos sobre otros en la carrera presidencial\u2014, que las cosas est\u00e1n decididas de antemano\u2026Tambi\u00e9n falt\u00f3 tacto en uno de los asesores o el equipo asesor de la ministra Norma Pi\u00f1a, al llamar, presuntamente, directamente a la oficina del poblano Alejandro Armenta Mier, para pedir el n\u00famero de su celular para m\u00e1s tarde enviarle mensajes intimidatorios. Dej\u00f3 clara huella de la procedencia de la llamada y que, sin tanta tecnolog\u00eda, era f\u00e1cil detectarlo. Ahora falta la aclaraci\u00f3n correspondiente de la ministra que seguramente dir\u00e1 que extravi\u00f3 su celular, fue hackeado o robado\u2026 Sergio Salom\u00f3n C\u00e9spedes, el gobernador de Puebla, ha establecido una serie de mecanismos para auxiliar a una docena de municipios colindantes con el Popocat\u00e9petl, cuyos pobladores se resisten a salir de la zona ante la inusitada actividad del coloso. En tanto, se han suspendido las clases presenciales y los escolares usan cubrebocas en otra pesadilla para la poblaci\u00f3n.<\/p>\n<p><u><a href=\"mailto:asorianocarrasco@yahoo.com\" target=\"_blank\" rel=\"noopener noreferrer\"><em>asorianocarrasco@yahoo.com<\/em><\/a><br \/>\n<em><a href=\"https:\/\/revistabrecha.com\" target=\"_blank\" rel=\"noopener noreferrer\">www.revistabrecha.com<\/a><br \/>\n<\/em><\/u><em>facebook oficial <a href=\"https:\/\/es-la.facebook.com\/RevistaBrecha.Oficial\" target=\"_blank\" rel=\"noopener\">@BrechaRevista<\/a><\/em><\/p>\n","protected":false},"excerpt":{"rendered":"<p><span style=\"color: #005497;\"><strong>\u00c1ngel Soriano<\/strong><\/span><\/p>\n","protected":false},"author":3,"featured_media":0,"comment_status":"open","ping_status":"open","sticky":false,"template":"","format":"standard","meta":{"_monsterinsights_skip_tracking":false,"_monsterinsights_sitenote_active":false,"_monsterinsights_sitenote_note":"","_monsterinsights_sitenote_category":0,"footnotes":""},"categories":[135],"tags":[85,86,43674],"class_list":["post-584321","post","type-post","status-publish","format-standard","hentry","category-angel-soriano-opinion","tag-angel-soriano","tag-desde-el-portal","tag-opinion"],"_links":{"self":[{"href":"https:\/\/www.diarioimagen.net\/index.php?rest_route=\/wp\/v2\/posts\/584321","targetHints":{"allow":["GET"]}}],"collection":[{"href":"https:\/\/www.diarioimagen.net\/index.php?rest_route=\/wp\/v2\/posts"}],"about":[{"href":"https:\/\/www.diarioimagen.net\/index.php?rest_route=\/wp\/v2\/types\/post"}],"author":[{"embeddable":true,"href":"https:\/\/www.diarioimagen.net\/index.php?rest_route=\/wp\/v2\/users\/3"}],"replies":[{"embeddable":true,"href":"https:\/\/www.diarioimagen.net\/index.php?rest_route=%2Fwp%2Fv2%2Fcomments&post=584321"}],"version-history":[{"count":0,"href":"https:\/\/www.diarioimagen.net\/index.php?rest_route=\/wp\/v2\/posts\/584321\/revisions"}],"wp:attachment":[{"href":"https:\/\/www.diarioimagen.net\/index.php?rest_route=%2Fwp%2Fv2%2Fmedia&parent=584321"}],"wp:term":[{"taxonomy":"category","embeddable":true,"href":"https:\/\/www.diarioimagen.net\/index.php?rest_route=%2Fwp%2Fv2%2Fcategories&post=584321"},{"taxonomy":"post_tag","embeddable":true,"href":"https:\/\/www.diarioimagen.net\/index.php?rest_route=%2Fwp%2Fv2%2Ftags&post=584321"}],"curies":[{"name":"wp","href":"https:\/\/api.w.org\/{rel}","templated":true}]}}