{"id":584424,"date":"2023-05-22T00:00:52","date_gmt":"2023-05-22T06:00:52","guid":{"rendered":"https:\/\/www.diarioimagen.net\/?p=584424"},"modified":"2023-05-21T19:16:44","modified_gmt":"2023-05-22T01:16:44","slug":"584424","status":"publish","type":"post","link":"https:\/\/www.diarioimagen.net\/?p=584424","title":{"rendered":"Nearshoring, de vital importancia para la industria de la hospitalidad en M\u00e9xico"},"content":{"rendered":"<h2>Hora 14<\/h2>\n<h5>Mauricio Conde Olivares<\/h5>\n<p>&nbsp;<\/p>\n<p>Durante la gira de supervisi\u00f3n del Tren Maya, el presidente Andr\u00e9s Manuel L\u00f3pez Obrador realiz\u00f3 por primera vez la evaluaci\u00f3n del tramo 5 de esta obra en donde se construye el Aeropuerto de Tulum, Felipe Carrillo Puerto, en Quintana Roo, el cual calific\u00f3 como \u201cuna nueva maravilla de la ingenier\u00eda civil-militar y del trabajo de los excepcionales obreros mexicanos\u201d.<\/p>\n<p>En esta terminal a\u00e9rea ser\u00e1 posible volar hacia cualquier lugar de M\u00e9xico y del mundo a partir de diciembre de este a\u00f1o, afirm\u00f3 el mandatario en una publicaci\u00f3n en sus redes sociales.<\/p>\n<p>En la reuni\u00f3n de trabajo, el jefe del Ejecutivo estuvo acompa\u00f1ado por la gobernadora de Quintana Roo, Mar\u00eda Elena Lezama Espinosa; las secretarias de Bienestar, Ariadna Montiel Reyes, y de Medio Ambiente y Recursos Naturales, Mar\u00eda Luisa Albores Gonz\u00e1lez; el director general del Fondo Nacional de Fomento al Turismo, Javier May Rodr\u00edguez; los secretarios de la Defensa Nacional, Luis Cresencio Sandoval Gonz\u00e1lez, y de Desarrollo Agrario, Territorial y Urbano, Rom\u00e1n Meyer Falc\u00f3n; el director general del Instituto Nacional de Antropolog\u00eda e Historia, Diego Prieto Hern\u00e1ndez; el subsecretario de Egresos de la Secretar\u00eda de Hacienda y Cr\u00e9dito P\u00fablico, Juan Pablo De Botton Falc\u00f3n; el supervisor Honorario del Tren Maya, Daniel Ch\u00e1vez Mor\u00e1n y otros servidores p\u00fablicos del Gobierno de M\u00e9xico.<\/p>\n<p>Por parte de las empresas participantes asistieron el presidente de Mota-Engil Latinoam\u00e9rica, Jo\u00e3o Pedro Santos Dinis Parreira; el presidente de Mota-Engil M\u00e9xico, Jos\u00e9 Miguel Bejos; el director general de Grupo INDI, Manuel Mu\u00f1ozcano Castro y el director financiero de Grupo ICA, Ricardo Ibarra Garc\u00eda-Parra.<\/p>\n<p>Ahora le participo un breve informe de la Presidenta Municipal de Benito Ju\u00e1rez, Ana Paty Peralta, pues conforme sus indicaciones, de mantener las calles y avenidas de Canc\u00fan en \u00f3ptimas condiciones para la f\u00e1cil circulaci\u00f3n de la ciudadan\u00eda, a trav\u00e9s de la Direcci\u00f3n General de Servicios P\u00fablicos, del 15 al 19 de mayo se dio atenci\u00f3n a 22 vialidades.<\/p>\n<p>En entrevista, Ana Paty Peralta se\u00f1al\u00f3 que el mantenimiento de las calles se realiza de manera diaria a trav\u00e9s de las brigadas de bacheo, que realizan labores preventivas y correctivas, llevando un calendario programado para proporcionar la atenci\u00f3n y atendiendo los reportes ciudadanos que llegan a trav\u00e9s del programa \u201cReporte y Aporta\u201d.<\/p>\n<p>\u201cEstamos trabajando todos los d\u00edas en nuestra ciudad con este gran equipo de Servicios P\u00fablicos, que est\u00e1n 24\/7 en favor de los cancunenses y de nuestra ciudad. Les pedimos a todos los ciudadanos que si tienen puntos que requieran la atenci\u00f3n en este rubro, nos apoyen marcando al n\u00famero de Reporta y Aporta que es 998-844-8035 para dar seguimiento a la atenci\u00f3n correspondiente\u201d, coment\u00f3.<\/p>\n<p>Durante la semana actual se llevaron a cabo estas labores en 22 ocasiones, atendiendo calles de m\u00e1s de 25 Supermanzanas, tales como, la 259, 247, 233, 231, 91, 46, 77, 518, entre otras, beneficiando a cientos de familias benitojuarenses que d\u00eda a d\u00eda transitan por esas vialidades.<\/p>\n<p>Para estos trabajos, los colaboradores de la dependencia emplean maquinarias como vibrocompactadora, mini fresadora y mini compactador con doble rodillo y vibraci\u00f3n; realizando tambi\u00e9n adecuaciones en las calles, prolongando por m\u00e1s tiempo la durabilidad de la carpeta asf\u00e1ltica.<\/p>\n<p>Durante la semana, algunas de las vialidades atendidas fueron: la Av. 145 en la Sm 518 y 317; la Av. Miguel Hidalgo, en las Supermanzanas 102 y 103; Av. Tepich en la Sm. 40 y 41; Av. Orqu\u00eddeas en la Sm 259; Av. Galaxias del sol, en la 252; Av. P\u00e1galo en la Sm. 251; calle 30 en la Sm. 92; calle 95 en la Sm. 93; calle Piedra en la Sm. 48; Av. Kabah en la SM 247; Av. Ni\u00f1os H\u00e9roes en la Sm. 208; calle San Miguel de Allende en la Sm. 46; calle 55 en la Sm. 77; Calle Calakmul en la Sm. 208 y Av. 141 en la Sm. 102; por mencionar algunas.<\/p>\n<p>En otro orden, le informo que Choice Hoteles LATAM, filial de la segunda cadena hotelera m\u00e1s importante del mundo, Choice Hoteles International con 7 mil 400 hoteles con 62 mil 500 habitaciones en 35 pa\u00edses, inform\u00f3 que considera el Nearshoring de vital importancia para el fortalecimiento y crecimiento ya que es una pr\u00e1ctica empresarial para la subcontrataci\u00f3n de servicios o procesos de negocio a proveedores ubicados en pa\u00edses cercanos geogr\u00e1ficamente como M\u00e9xico, con el objetivo de obtener beneficios en t\u00e9rminos de costos, eficiencia y calidad del servicio.<\/p>\n<p>El Nearshoring representa una oportunidad sin precedente para M\u00e9xico ya que el pa\u00eds se ha vuelto mucho m\u00e1s atractivo para instalar manufactura proveniente de Asia por la cercan\u00eda geogr\u00e1fica con Estados Unidos, no se deben desaprovechar oportunidades que brindar\u00e1 el Nearshoring.<\/p>\n<p>La mejor opci\u00f3n segura en hoteler\u00eda para atender la demanda del Nearshoring son los hoteles Comfort Inn, Quality Inn, y Sleep Inn y Radisson para los viajeros de negocios, adem\u00e1s de que el ser socio Choice Privileges las reservaciones son m\u00e1s r\u00e1pidas, con descuentos extras siempre que se reserva y aseguran las mejores tarifas, y se podr\u00e1n usar los puntos del programa \u201cChoice Privileges\u201d tanto en M\u00e9xico como en Estados Unidos y el mundo.<\/p>\n<p>Al respecto, la cadena Choice Hoteles LATAM, con 45 hoteles ubicados en el territorio nacional, se declara lista para atender la demanda de hospedaje con calidad, buen servicio, tecnolog\u00eda y precios competitivos del Nearshoring \u2013relocalizaci\u00f3n de cadenas de suministro.<\/p>\n<p>Tiene como ejemplo sus sedes en la ciudad de Monterrey, Nuevo Le\u00f3n, son 6 hoteles con esas caracter\u00edsticas que son el Comfort Inn Valle, Sleep Inn San Pedro, Quality Inn La Fe, Comfort Inn Norte, Sleep Inn Monterrey Norte y Radisson Hotel Monterrey San Jer\u00f3nimo.<\/p>\n<p>Choice Hoteles LATAM est\u00e1 tomando las medidas adecuadas para estar a la altura de la demanda que se requiere actualmente en cuesti\u00f3n de hoteler\u00eda con sus cuatro marcas que funcionan en Monterrey: Comfort Inn, Quality Inn, Sleep Inn y Radisson.<\/p>\n<p>Los hoteles Choice Hoteles LATAM en ubicados en la ciudad de Monterrey cuentan con las amenidades necesarias para el viajero de negocios con la opci\u00f3n de que podr\u00e1 trabajar desde el propio hotel que contar\u00e1 los servicios de Wi Fi de alta velocidad, zona de negocios, salones para juntas y eventos, entre otras amenidades.<\/p>\n<p>Pasemos a otro tema, resulta que todo lo nuevo en autos el\u00e9ctricos y las electromovilidad como parte de la transici\u00f3n energ\u00e9tica en M\u00e9xico, ser\u00e1 la base de lo que se expondr\u00e1 en la edici\u00f3n 26 de Expo El\u00e9ctrica Internacional, Automatizaci\u00f3n y Control{<\/p>\n<p>Esta se llevar\u00e1 a cabo del 6 al 8 de junio pr\u00f3ximo en 19 mil metros cuadrados de piso de exhibici\u00f3n de Centro Citibanamex, en la Ciudad de M\u00e9xico, con m\u00e1s de 300 empresas proveedoras de la Industria El\u00e9ctrica nacional que interactuar\u00e1n con m\u00e1s de 30 mil compradores profesionales del sector de M\u00e9xico y 20 pa\u00edses que estar\u00e1n presentes en este magno evento.<\/p>\n<p>Asimismo, inform\u00f3 el director del comit\u00e9 organizador de la 26 edici\u00f3n de Expo El\u00e9ctrica Internacional 2023, Jaime Salazar Figueroa, que se organizan 5 magnos eventos especializados para el sector el\u00e9ctrico: El\u00e9ctrico, Iluminaci\u00f3n, Automatizaci\u00f3n y Control, Energ\u00eda solar y Electromovilidad.<\/p>\n<p>Ser\u00e1n m\u00e1s de 30 expositores de suministro y generaci\u00f3n de energ\u00eda, infraestructura de carga, bater\u00edas, autos el\u00e9ctricos, encabezados por la BMW. Tambi\u00e9n dijo que se llevar\u00e1n a cabo cuatro congresos: el de Automatizaci\u00f3n ISA y Endress Hauser donde habr\u00e1 conferencias y networking; el Congreso de la Mujer en la Industria El\u00e9ctrica con mesas redondas, debates m\u00e1s la feria del empleo para mujeres en la industria el\u00e9ctrica; el Congreso de Eficiencia Energ\u00e9tica, y el Congreso de Iluminaci\u00f3n del espacio P\u00fablico con m\u00e1s de 100 conferencias de capacitaci\u00f3n especializada.<\/p>\n<p>Desde hace 26 a\u00f1os, Expo El\u00e9ctrica Internacional se ha posicionado como la mejor plataforma de negocios en iluminaci\u00f3n, automatizaci\u00f3n, control, material, equipo el\u00e9ctrico, energ\u00eda sustentable, y este a\u00f1o, por segunda ocasi\u00f3n, presenta el Show de la Electromovilidad, en conjunto con CE Neutral.<\/p>\n<p>Adem\u00e1s de todas las novedades, en el marco de la 26 edici\u00f3n de Expo El\u00e9ctrica Internacional los visitantes y compradores profesionales de la Industria el\u00e9ctrica encontrar\u00e1n Expo El\u00e9ctrica Iluminaci\u00f3n, Expo El\u00e9ctrica Automatizaci\u00f3n y Control y Expo El\u00e9ctrica Solar en donde encontrar\u00e1n todo lo necesario para generar su propia energ\u00eda.<\/p>\n<p>Explic\u00f3 Jaime Salazar Figueroa dentro del Show de la Electromovilidad se ver\u00e1 a los mejores fabricantes y proveedores de cargadores, electro lineras, autos el\u00e9ctricos y todas las propuestas que hacen posible financiar la inversi\u00f3n en infraestructura para los autos el\u00e9ctricos.<\/p>\n<p>Quienes asistir\u00e1n a la Expo El\u00e9ctrica Internacional: Compradores especializados en su \u00e1rea que cuentan con la capacidad de decisi\u00f3n en la compra de los productos a exhibir: Directores generales, directores de obra, Ejecutivos de operaciones, ingenieros civiles, jefes de mantenimiento, especialistas en proyectos de energ\u00eda solar, comerciantes mayoristas, dise\u00f1adores e ingenieros de iluminaci\u00f3n, compradores del sector gobierno, ingenieros corporativos e industriales e ingenieros mec\u00e1nicos y electricistas.<\/p>\n<p>En la edici\u00f3n 26 de Expo El\u00e9ctrica Internacional los visitantes encontrar\u00e1n lo \u00faltimo en tecnolog\u00eda de vanguardia: Control y automatizaci\u00f3n, conductores el\u00e9ctricos, Servicios para paneles solares, Transformadores (baja y media tensi\u00f3n), Instalaciones de proyectos de paneles solares fotovoltaicos, soluciones de energ\u00eda renovable, paneles solares, luminarias y m\u00e1s; empero, lo anterior ser\u00e1 motivo de otro an\u00e1lisis en posterior entrega de <strong><em>Hora 14<\/em><\/strong>.<\/p>\n<p><em><a href=\"mailto:%20mauricio_conde@msn.com\" target=\"_blank\" rel=\"noopener noreferrer\">mauricioconde59@outlook.com<\/a><\/em><br \/>\n<em>Twitter: <a href=\"https:\/\/twitter.com\/mauconde\" target=\"_blank\" rel=\"noopener\">@mauconde<\/a><\/em><\/p>\n","protected":false},"excerpt":{"rendered":"<p><span style=\"color: #005497;\"><strong>Mauricio Conde Olivares<\/strong><\/span><\/p>\n","protected":false},"author":3,"featured_media":0,"comment_status":"open","ping_status":"open","sticky":false,"template":"","format":"standard","meta":{"_monsterinsights_skip_tracking":false,"_monsterinsights_sitenote_active":false,"_monsterinsights_sitenote_note":"","_monsterinsights_sitenote_category":0,"footnotes":""},"categories":[35889],"tags":[43712,43674,44860],"class_list":["post-584424","post","type-post","status-publish","format-standard","hentry","category-mauricio-conde-olivares","tag-mauricio-conde-olivares","tag-opinion","tag-hora-14"],"_links":{"self":[{"href":"https:\/\/www.diarioimagen.net\/index.php?rest_route=\/wp\/v2\/posts\/584424","targetHints":{"allow":["GET"]}}],"collection":[{"href":"https:\/\/www.diarioimagen.net\/index.php?rest_route=\/wp\/v2\/posts"}],"about":[{"href":"https:\/\/www.diarioimagen.net\/index.php?rest_route=\/wp\/v2\/types\/post"}],"author":[{"embeddable":true,"href":"https:\/\/www.diarioimagen.net\/index.php?rest_route=\/wp\/v2\/users\/3"}],"replies":[{"embeddable":true,"href":"https:\/\/www.diarioimagen.net\/index.php?rest_route=%2Fwp%2Fv2%2Fcomments&post=584424"}],"version-history":[{"count":0,"href":"https:\/\/www.diarioimagen.net\/index.php?rest_route=\/wp\/v2\/posts\/584424\/revisions"}],"wp:attachment":[{"href":"https:\/\/www.diarioimagen.net\/index.php?rest_route=%2Fwp%2Fv2%2Fmedia&parent=584424"}],"wp:term":[{"taxonomy":"category","embeddable":true,"href":"https:\/\/www.diarioimagen.net\/index.php?rest_route=%2Fwp%2Fv2%2Fcategories&post=584424"},{"taxonomy":"post_tag","embeddable":true,"href":"https:\/\/www.diarioimagen.net\/index.php?rest_route=%2Fwp%2Fv2%2Ftags&post=584424"}],"curies":[{"name":"wp","href":"https:\/\/api.w.org\/{rel}","templated":true}]}}