{"id":584430,"date":"2023-05-22T00:02:50","date_gmt":"2023-05-22T06:02:50","guid":{"rendered":"https:\/\/www.diarioimagen.net\/?p=584430"},"modified":"2023-05-22T23:17:16","modified_gmt":"2023-05-23T05:17:16","slug":"trafico-de-migrantes-locales-y-extranjeros-representa-una-mina-de-oro-para-carteles","status":"publish","type":"post","link":"https:\/\/www.diarioimagen.net\/?p=584430","title":{"rendered":"Tr\u00e1fico de migrantes locales y extranjeros representa una mina de oro para c\u00e1rteles"},"content":{"rendered":"<p>&nbsp;<\/p>\n<h3 style=\"text-align: center;\">Desplazaron a los \u201ccoyotes\u201d tradicionales<\/h3>\n<p>&nbsp;<\/p>\n<ul>\n<li><strong><em>Grupos delictivos ampliaron su portafolio criminal para dedicarse al tr\u00e1fico de personas<\/em><\/strong><\/li>\n<\/ul>\n<p>&nbsp;<\/p>\n<div id=\"attachment_584528\" style=\"width: 470px\" class=\"wp-caption aligncenter\"><a href=\"https:\/\/www.diarioimagen.net\/?attachment_id=584528\" rel=\"attachment wp-att-584528\"><img loading=\"lazy\" decoding=\"async\" aria-describedby=\"caption-attachment-584528\" class=\"size-full wp-image-584528\" src=\"https:\/\/www.diarioimagen.net\/wp-content\/uploads\/2023\/05\/MIGRANTES-MINA-DE-ORO.jpg\" alt=\"\" width=\"460\" height=\"270\" \/><\/a><p id=\"caption-attachment-584528\" class=\"wp-caption-text\">Grupos delictivos en M\u00e9xico ampliaron su portafolio criminal para dedicarse al tr\u00e1fico de personas y desplazar a los \u201cpolleros tradicionales\u201d.<\/p><\/div>\n<p>&nbsp;<\/p>\n<p>Desde que los grupos del crimen organizado se apropiaron del negocio del traslado de migrantes de la frontera sur al norte del pa\u00eds, la circulaci\u00f3n de migrantes nacionales y extranjeros por territorio mexicano se ha transformado, para desgracia de quienes persiguen el \u201csue\u00f1o americano\u201d.<\/p>\n<p>David Saucedo, analista en temas de seguridad, indic\u00f3 que los cruces de migrantes indocumentados hacia Estados Unidos, principalmente de mexicanos y centroamericanos, asistidos por \u201cpolleros\u201d, eran algo com\u00fan en el pa\u00eds, desde hace muchos a\u00f1os, pero ahora los c\u00e1rteles que operan en el noreste de M\u00e9xico son los que tomaron el control, pues \u201campliaron su portafolio criminal para dedicarse al tr\u00e1fico de personas\u201d.<\/p>\n<p>\u201cLos Zetas, el C\u00e1rtel del Golfo, el C\u00e1rtel del Noreste y otros grupos delictivos desplazaron a las bandas de polleros para absorber ellos mismos el lucrativo negocio de cobrar peaje a los migrantes por llevarlos a ciudades de Estados Unidos\u201d, se\u00f1al\u00f3 el especialista.<\/p>\n<p>Los c\u00e1rteles descubrieron que los migrantes son una mina de oro y aprovecharon las \u201crutas de cruce seguro\u201d que manejan para traslado de droga de uno y otro lado de la frontera, as\u00ed como los contactos y sobornos que tienen con autoridades, tanto en territorio de M\u00e9xico como de Estados Unidos, dice Saucedo.<\/p>\n<p>\u201cEl tr\u00e1fico de personas de M\u00e9xico a Estados Unidos cambi\u00f3 dr\u00e1sticamente cuando los c\u00e1rteles quisieron una rebanada de dicho negocio, reclutando a los polleros que ya desempe\u00f1aban esa funci\u00f3n y asesinaron a los que se resist\u00edan\u201d, asegur\u00f3.<\/p>\n<p>Expuso que los grupos criminales han ampliado sus redes y controlan el traslado de migrantes desde el sur de M\u00e9xico hasta ciudades de la frontera norte.<\/p>\n<p>Sobre los casos de secuestros de migrantes que se dan en territorio nacional, como los que han sucedido en el \u00faltimo mes y medio en territorio de San Luis Potos\u00ed, el experto consider\u00f3 que se trata de lo que llama \u201cautosecuestros\u201d, en el sentido de que los criminales secuestran a los migrantes que ellos mismos trasladan para cobrarles un extra.<\/p>\n<p>\u201cEn ciertos puntos de San Luis Potos\u00ed, Zacatecas, Nuevo Le\u00f3n y Tamaulipas los c\u00e1rteles de la droga autosecuestran a los migrantes que ellos mismos conducen o a las caravanas que saben que se dirigen hacia Estados Unidos. Los amenazan a ellos o a sus familias y los obligan a pagar un rescate por permitirles seguir con su camino.<\/p>\n<p>\u201cLos recientes secuestros de migrantes en San Luis Potos\u00ed y Nuevo Le\u00f3n se dieron bajo este esquema\u201d, afirm\u00f3.<\/p>\n<p>Sin embargo, agreg\u00f3, hay casos en que los c\u00e1rteles realizan un reclutamiento forzado de migrantes para tenerlos como mano de obra esclava en las tareas de producci\u00f3n y tr\u00e1fico de drogas. Precis\u00f3 que este fue el m\u00f3vil de la masacre de San Fernando, Tamaulipas, ocurrida en 2010.<\/p>\n<p>David Saucedo se\u00f1al\u00f3 que para que estas redes de tr\u00e1fico de personas operen en M\u00e9xico, \u201cevidentemente muchas autoridades est\u00e1n involucradas. Alcaldes, directores de polic\u00eda, comandantes de polic\u00edas estatales, reciben sobornos a cambio de su colaboraci\u00f3n para que los c\u00e1rteles puedan actuar con libertad\u201d.<\/p>\n<p>Consider\u00f3 que los casos de secuestro de migrantes continuar\u00e1n mientras las autoridades estatales y federales se limiten a rescatar a los retenidos, pero no se combatan y desmantelen las estructuras de tr\u00e1fico de personas.<\/p>\n","protected":false},"excerpt":{"rendered":"<p>Desde que los grupos del crimen organizado se apropiaron del negocio del traslado de migrantes de la frontera sur al norte del pa\u00eds, la circulaci\u00f3n de migrantes nacionales y extranjeros por territorio mexicano se ha transformado, para desgracia de quienes persiguen el \u201csue\u00f1o americano\u201d.<\/p>\n","protected":false},"author":3,"featured_media":584528,"comment_status":"open","ping_status":"open","sticky":false,"template":"","format":"standard","meta":{"_monsterinsights_skip_tracking":false,"_monsterinsights_sitenote_active":false,"_monsterinsights_sitenote_note":"","_monsterinsights_sitenote_category":0,"footnotes":""},"categories":[3],"tags":[3865,10383,43673,19127],"class_list":["post-584430","post","type-post","status-publish","format-standard","has-post-thumbnail","hentry","category-nacional","tag-carteles","tag-migrantes","tag-nacional","tag-trafico"],"_links":{"self":[{"href":"https:\/\/www.diarioimagen.net\/index.php?rest_route=\/wp\/v2\/posts\/584430","targetHints":{"allow":["GET"]}}],"collection":[{"href":"https:\/\/www.diarioimagen.net\/index.php?rest_route=\/wp\/v2\/posts"}],"about":[{"href":"https:\/\/www.diarioimagen.net\/index.php?rest_route=\/wp\/v2\/types\/post"}],"author":[{"embeddable":true,"href":"https:\/\/www.diarioimagen.net\/index.php?rest_route=\/wp\/v2\/users\/3"}],"replies":[{"embeddable":true,"href":"https:\/\/www.diarioimagen.net\/index.php?rest_route=%2Fwp%2Fv2%2Fcomments&post=584430"}],"version-history":[{"count":0,"href":"https:\/\/www.diarioimagen.net\/index.php?rest_route=\/wp\/v2\/posts\/584430\/revisions"}],"wp:featuredmedia":[{"embeddable":true,"href":"https:\/\/www.diarioimagen.net\/index.php?rest_route=\/wp\/v2\/media\/584528"}],"wp:attachment":[{"href":"https:\/\/www.diarioimagen.net\/index.php?rest_route=%2Fwp%2Fv2%2Fmedia&parent=584430"}],"wp:term":[{"taxonomy":"category","embeddable":true,"href":"https:\/\/www.diarioimagen.net\/index.php?rest_route=%2Fwp%2Fv2%2Fcategories&post=584430"},{"taxonomy":"post_tag","embeddable":true,"href":"https:\/\/www.diarioimagen.net\/index.php?rest_route=%2Fwp%2Fv2%2Ftags&post=584430"}],"curies":[{"name":"wp","href":"https:\/\/api.w.org\/{rel}","templated":true}]}}