{"id":584434,"date":"2023-05-22T00:01:28","date_gmt":"2023-05-22T06:01:28","guid":{"rendered":"https:\/\/www.diarioimagen.net\/?p=584434"},"modified":"2023-05-22T01:03:05","modified_gmt":"2023-05-22T07:03:05","slug":"nuevo-decretazo-mantiene-al-tren-maya-como-obra-de-seguridad-nacional","status":"publish","type":"post","link":"https:\/\/www.diarioimagen.net\/?p=584434","title":{"rendered":"Nuevo \u201cdecretazo\u201d mantiene al Tren Maya como obra de seguridad nacional"},"content":{"rendered":"<p>&nbsp;<\/p>\n<ul>\n<li><em><strong>Tras rev\u00e9s de la Suprema Corte<\/strong><\/em><\/li>\n<\/ul>\n<p>&nbsp;<\/p>\n<div id=\"attachment_584541\" style=\"width: 470px\" class=\"wp-caption aligncenter\"><a href=\"https:\/\/www.diarioimagen.net\/?attachment_id=584541\" rel=\"attachment wp-att-584541\"><img loading=\"lazy\" decoding=\"async\" aria-describedby=\"caption-attachment-584541\" class=\"size-full wp-image-584541\" src=\"https:\/\/www.diarioimagen.net\/wp-content\/uploads\/2023\/05\/TREN-MAYA.jpg\" alt=\"\" width=\"460\" height=\"270\" \/><\/a><p id=\"caption-attachment-584541\" class=\"wp-caption-text\">Nuevo decreto del presidente Andr\u00e9s Manuel L\u00f3pez Obrador mantiene al Tren Maya como obra de seguridad nacional.<\/p><\/div>\n<p>&nbsp;<\/p>\n<p>Tras el rev\u00e9s de la Suprema Corte de Justicia de la Naci\u00f3n (SCJN) que invalid\u00f3 un acuerdo emitido en 2021 por el presidente Andr\u00e9s Manuel L\u00f3pez Obrador, en el que se consideraban como obras de seguridad nacional todos los mega proyectos de infraestructura de la actual administraci\u00f3n, el titular del Ejecutivo federal emiti\u00f3 un nuevo decreto en los mismos t\u00e9rminos que el anterior.<\/p>\n<p>El documento publicado en el Diario Oficial de la Federaci\u00f3n (DOF) determina que \u201cson de seguridad nacional y de inter\u00e9s p\u00fablico la construcci\u00f3n, funcionamiento, mantenimiento, operaci\u00f3n\u201d e infraestructura de transportes del Tren Maya, del Corredor Interoce\u00e1nico del Istmo de Tehuantepec, y los aeropuertos de Palenque, Chiapas, adem\u00e1s de los de Chetumal y Tulum, en Quintana Roo.<\/p>\n<p>El decreto de L\u00f3pez Obrador, que entr\u00f3 en vigor el mismo d\u00eda del fallo de la SCJN, argumenta que el gobierno federal entiende la seguridad nacional \u201ccomo una condici\u00f3n indispensable para garantizar la integridad y la soberan\u00eda\u201d del pa\u00eds.<\/p>\n<p>Seg\u00fan el Presidente, el concepto de seguridad nacional \u201cdebe ser entendido desde una perspectiva estrat\u00e9gica, porque intentar\u00e1 (sic) anticiparse a los riesgos y amenazas\u201d.<\/p>\n<p>Por ende, \u201cla Seguridad Nacional implica la gesti\u00f3n del bienestar colectivo, el pleno ejercicio de las libertades c\u00edvicas y el establecimiento de las condiciones de justicia, paz y seguridad, que propicien la prosperidad y el desarrollo sostenible para la naci\u00f3n\u201d, a\u00f1ade el decreto.<\/p>\n<p>Debido a que M\u00e9xico es uno de los pa\u00edses con mayor extensi\u00f3n territorial y el und\u00e9cimo pa\u00eds m\u00e1s poblado del mundo, dice el documento, \u201cse encuentra expuesto a m\u00faltiples riesgos y amenazas, como pueden ser entre otros, los flujos migratorios descontrolados, crimen organizado, corrupci\u00f3n gubernamental, cambio clim\u00e1tico, fen\u00f3menos perturbadores, colapso de instalaciones estrat\u00e9gicas o de infraestructura cr\u00edtica de la informaci\u00f3n y problemas frontera sur y norte\u201d.<\/p>\n<p>Por eso, a pesar de que la Suprema Corte determin\u00f3 que las obras de infraestructura no pueden ser calificadas como de seguridad nacional, pues eso transgrede la Constituci\u00f3n, L\u00f3pez Obrador reitera dicha condici\u00f3n para el Tren Maya, el Corredor del Istmo de Tehuantepec y las terminales a\u00e9reas ya citadas.<\/p>\n<p style=\"text-align: center;\"><strong>\u00a0Informaci\u00f3n clasificada aumenta la opacidad oficial<\/strong><\/p>\n<p>Al considerarse como de seguridad nacional las construcciones prioritarias para el gobierno federal, la transparencia que deben observar las mismas queda anulada, pues la informaci\u00f3n de esas obras se clasifica, manteniendo en la opacidad todos los datos oficiales, incluyendo los recursos p\u00fablicos invertidos, las compras de materiales, junto con las licitaciones o concesiones a empresas privadas, entre otros.<\/p>\n<p>Como este decreto es un nuevo acto administrativo, aunque su contenido sea pr\u00e1cticamente igual al que fue invalidado por la Corte, el Instituto Nacional de Transparencia, Acceso a la Informaci\u00f3n y Protecci\u00f3n de Datos Personales (INAI) tendr\u00e1 que volver a impugnar la determinaci\u00f3n ante el m\u00e1ximo tribunal del pa\u00eds, pues el presidente est\u00e1 invadiendo las facultades de ese organismo.<\/p>\n<p>El INAI anunci\u00f3 que ya analiza los \u201cmecanismos legales\u201d para defender la transparencia y el \u201cderecho de acceso a la informaci\u00f3n sobre obras y proyectos de infraestructura del Gobierno Federal, ante (el) nuevo Decreto del Ejecutivo\u201d.<\/p>\n<p>El problema es que en estos momentos el INAI no puede sesionar, pues s\u00f3lo cuenta con cuatro comisionados, y para que las determinaciones de su Pleno sean v\u00e1lidas se requiere un m\u00ednimo de cinco integrantes. Hasta ahora, el Senado se ha negado a cubrir las tres vacantes en el organismo constitucionalmente aut\u00f3nomo.<\/p>\n<p>No obstante, de acuerdo con el art\u00edculo 41, fracci\u00f3n VI, de la Ley General de Transparencia y Acceso a la Informaci\u00f3n P\u00fablica, el INAI tiene la atribuci\u00f3n de \u201cinterponer, cuando as\u00ed lo aprueben la mayor\u00eda de sus Comisionados, acciones de inconstitucionalidad en contra de leyes de car\u00e1cter federal\u201d.<\/p>\n<p>Esto significa que el INAI, tomando en cuenta el numeral anterior, podr\u00eda interpretar que no requiere de cinco comisionados para avalar una controversia constitucional en contra del nuevo decreto del presidente, sino que s\u00f3lo con la mayor\u00eda de los actuales cuatro integrantes podr\u00eda promoverse dicha demanda ante la Corte.<\/p>\n<p>Evidentemente, el m\u00e1ximo tribunal del pa\u00eds podr\u00eda coincidir con dicha interpretaci\u00f3n, aunque tambi\u00e9n cabe la posibilidad de que se rechace el ocurso por falta de legitimidad.<\/p>\n<p>Otra opci\u00f3n ser\u00eda que el presidente de la C\u00e1mara de Diputados sea el que interponga una Controversia Constitucional en contra del decreto, con la esperanza de que sea admitida por la Suprema Corte, de lo contrario, ser\u00e1 hasta que el Pleno del INAI se complete con al menos cinco comisionados cuando ser\u00eda factible impugnar las nuevas disposiciones del presidente.<\/p>\n","protected":false},"excerpt":{"rendered":"<p>Tras el rev\u00e9s de la Suprema Corte de Justicia de la Naci\u00f3n (SCJN) que invalid\u00f3 un acuerdo emitido en 2021 por el presidente Andr\u00e9s Manuel L\u00f3pez Obrador, en el que se consideraban como obras de seguridad nacional todos los mega proyectos de infraestructura de la actual administraci\u00f3n, el titular del Ejecutivo federal emiti\u00f3 un nuevo decreto en los mismos t\u00e9rminos que el anterior.<\/p>\n","protected":false},"author":3,"featured_media":584541,"comment_status":"open","ping_status":"open","sticky":false,"template":"","format":"standard","meta":{"_monsterinsights_skip_tracking":false,"_monsterinsights_sitenote_active":false,"_monsterinsights_sitenote_note":"","_monsterinsights_sitenote_category":0,"footnotes":""},"categories":[3],"tags":[97923,43673,5542,76415],"class_list":["post-584434","post","type-post","status-publish","format-standard","has-post-thumbnail","hentry","category-nacional","tag-decretazo","tag-nacional","tag-seguridad-nacional","tag-tren-maya"],"_links":{"self":[{"href":"https:\/\/www.diarioimagen.net\/index.php?rest_route=\/wp\/v2\/posts\/584434","targetHints":{"allow":["GET"]}}],"collection":[{"href":"https:\/\/www.diarioimagen.net\/index.php?rest_route=\/wp\/v2\/posts"}],"about":[{"href":"https:\/\/www.diarioimagen.net\/index.php?rest_route=\/wp\/v2\/types\/post"}],"author":[{"embeddable":true,"href":"https:\/\/www.diarioimagen.net\/index.php?rest_route=\/wp\/v2\/users\/3"}],"replies":[{"embeddable":true,"href":"https:\/\/www.diarioimagen.net\/index.php?rest_route=%2Fwp%2Fv2%2Fcomments&post=584434"}],"version-history":[{"count":0,"href":"https:\/\/www.diarioimagen.net\/index.php?rest_route=\/wp\/v2\/posts\/584434\/revisions"}],"wp:featuredmedia":[{"embeddable":true,"href":"https:\/\/www.diarioimagen.net\/index.php?rest_route=\/wp\/v2\/media\/584541"}],"wp:attachment":[{"href":"https:\/\/www.diarioimagen.net\/index.php?rest_route=%2Fwp%2Fv2%2Fmedia&parent=584434"}],"wp:term":[{"taxonomy":"category","embeddable":true,"href":"https:\/\/www.diarioimagen.net\/index.php?rest_route=%2Fwp%2Fv2%2Fcategories&post=584434"},{"taxonomy":"post_tag","embeddable":true,"href":"https:\/\/www.diarioimagen.net\/index.php?rest_route=%2Fwp%2Fv2%2Ftags&post=584434"}],"curies":[{"name":"wp","href":"https:\/\/api.w.org\/{rel}","templated":true}]}}