{"id":584493,"date":"2023-05-22T00:07:52","date_gmt":"2023-05-22T06:07:52","guid":{"rendered":"https:\/\/www.diarioimagen.net\/?p=584493"},"modified":"2023-05-21T23:18:55","modified_gmt":"2023-05-22T05:18:55","slug":"gobernador-de-veracruz-acusado-de-abusar-del-poder-descalifica-a-la-scjn","status":"publish","type":"post","link":"https:\/\/www.diarioimagen.net\/?p=584493","title":{"rendered":"Gobernador de Veracruz, acusado de abusar del poder, \u201cdescalifica\u201d a la SCJN"},"content":{"rendered":"<h2>Clase Pol\u00edtica<\/h2>\n<h5>Miguel \u00c1ngel Rivera<\/h5>\n<p>&nbsp;<\/p>\n<p>El 22 de diciembre de 2021, el presidente de la Junta de Coordinaci\u00f3n Pol\u00edtica del Senado y coordinador de la bancada de Morena, Ricardo Monreal \u00c1vila, denunci\u00f3 la aprehensi\u00f3n del secretario t\u00e9cnico de esa C\u00e1mara, Jos\u00e9 Manuel del R\u00edo Virgen, en Veracruz, por considerarla alejada del principio de legalidad, y por ser una acci\u00f3n maquinada, inventada y construida artificialmente.<\/p>\n<p>En resumen, el coordinador legislativo, defini\u00f3 esa acci\u00f3n como un ejemplo m\u00e1s del abuso de poder en Veracruz.<\/p>\n<p>Lamentablemente, agreg\u00f3 el coordinador del grupo parlamentario de Morena, este caso se inscribe en un momento tr\u00e1gico de la vida pol\u00edtica de ese estado, en el que la persecuci\u00f3n pol\u00edtica, la maquinaci\u00f3n de delitos y las acusaciones infundadas son frecuentes.<\/p>\n<p>\u201c\u00a1Pobre Veracruz, tan lejos de la justicia y tan cerca del autoritarismo! Hay cientos de casos de personas privadas de su libertad y no podemos callar ante este grado de barbarie y violaci\u00f3n frecuente de los derechos humanos\u201d.<\/p>\n<p>\u201cNosotros seguiremos insistiendo en que no es justo. Hay que reclamar con honor y sin temor. Qu\u00e9 lamentable, que la etapa del pithecanthropus pekinensis haya retornado a Veracruz\u201d, manifest\u00f3 tambi\u00e9n Monreal.<\/p>\n<p>Adem\u00e1s, el senador asent\u00f3 que no ceder\u00e1 en la exigencia para que cese este clima de terror y persecuci\u00f3n que vive ese estado de la Rep\u00fablica, porque no lo merecen los veracruzanos.<\/p>\n<p>Medio a\u00f1o despu\u00e9s, en junio de 2022, del R\u00edo Virgen, fue dejado en libertad, por sentencia de un juez del mismo estado de Veracruz, el cual determin\u00f3 no vincularlo a proceso. El pol\u00edtico estaba en prisi\u00f3n preventiva por su presunta autor\u00eda intelectual en el homicidio de Remigio Ren\u00e9 Tovar Tovar, quien fuera candidato a la presidencia municipal de Cazones de Herrera.<\/p>\n<p>En todo momento, durante el proceso judicial se habl\u00f3 de una persecuci\u00f3n pol\u00edtica en su contra. Ya que, seg\u00fan sus declaraciones tras ser liberado: \u201cNo hab\u00eda ni una sola prueba, nunca me hubiera atrevido a cometer algo tan atroz, es una vileza que usen chivos expiatorios para meterlos a la c\u00e1rcel\u201d.<\/p>\n<p>El caso de del R\u00edo Virgen, quien volvi\u00f3 a su cargo en el Senado, no fue el \u00fanico enfrentamiento del senador Monreal con el gobernador veracruzano que se cuenta entre los diez peores mandatarios del pa\u00eds (seg\u00fan otras encuestas cae al sitio 30 de 32 mandatarios), pues el veracruzano tambi\u00e9n es dado a legislar para poner contra la pared a los que considera sus enemigos o rivales, como es el caso de ley contra \u201cultrajes a la autoridad\u201d.<\/p>\n<p>Antes del caso del secretario t\u00e9cnico del Senado, Monreal pidi\u00f3 y logr\u00f3 la liberaci\u00f3n de seis j\u00f3venes consignados bajo ese supuesto delito de \u201cultrajes a la autoridad\u201d que, de manera desproporcionada, implica prisi\u00f3n oficiosa.<\/p>\n<p style=\"text-align: center;\"><strong>Un ingeniero que se convierte en abogado para defender a la 4T<\/strong><\/p>\n<p>Con estos antecedentes, el ingeniero de profesi\u00f3n en la pr\u00e1ctica se ha convertido en legislador, ha tratado por todos los medios ganarse la simpat\u00eda del l\u00edder y gu\u00eda de la llamada Cuarta Transformaci\u00f3n, el presidente Andr\u00e9s Manuel L\u00f3pez Obrador, sobre el principio de cumplir con el 90 por ciento de fidelidad y s\u00f3lo 10 por ciento de capacidad.<\/p>\n<p>Al parecer, el titular del gobierno veracruzano no s\u00f3lo quiere quedar bien con quien lo llev\u00f3 al Palacio de Gobierno de Xalapa, sino que lucha por conquistar un sitio importante al lado de la \u201ccorcholata\u201d favorita, la mandataria capitalina Claudia Sheinbaum, de quien se ha convertido en uno de sus principales propagandistas.<\/p>\n<p>La m\u00e1s reciente acci\u00f3n del mandatario veracruzano para ganarse la simpat\u00eda presidencial presente y futura consisti\u00f3 en encabezar las protestas, en la ciudad de M\u00e9xico, contra la infamada desde Palacio Nacional presidenta de la Suprema Corte de Justicia, Norma Luc\u00eda Pi\u00f1a Hern\u00e1ndez.<\/p>\n<p>Por cierto, el tribunal constitucional ech\u00f3 abajo apenas el \u00faltimo d\u00eda de enero del presente a\u00f1o una reforma a la Constituci\u00f3n de Veracruz, conocida popularmente como \u201cley Nahle\u201d, por la cual se abr\u00edan las posibilidades para que la ahora secretaria de Energ\u00eda del gobierno federal, Roc\u00edo Nahle \u2013otra de las consentidas del presidente L\u00f3pez Obrador\u2013 pudiera ser la siguiente gobernadora a pesar de haber nacido en Zacatecas.<\/p>\n<p>Para complacer al principal residente de Palacio Nacional, el gobernador de Veracruz Cuitl\u00e1huac Garc\u00eda Jim\u00e9nez encabez\u00f3, frente a la sede del m\u00e1ximo tribunal, una \u201cpac\u00edfica\u201d manifestaci\u00f3n en contra la Suprema Corte de Justicia de la Naci\u00f3n (SCJN).<\/p>\n<p>Junto a decenas de morenistas, congresistas y funcionarios veracruzanos (\u00bfacarreados o voluntarios?), acus\u00f3 a la ministra Norma Pi\u00f1a y a 7 ministros m\u00e1s de continuar con una etapa de \u201cnefastas pol\u00edticas impopulares del periodo neoliberal y, rompiendo su imparcialidad, se ponen del lado del grupo conservador del pa\u00eds contraviniendo las decisiones leg\u00edtimas, democr\u00e1ticas, y sobre todo de justicia, de los otros dos poderes de la naci\u00f3n\u201d.<\/p>\n<p>Conforme a los criterios prevalecientes en el oficialismo, Garc\u00eda Jim\u00e9nez critic\u00f3 al Poder Judicial Federal por enfrentar al Ejecutivo y descalificar las decisiones del Legislativo, cuyos integrantes fueron elegidos por el voto popular y puntualiz\u00f3 que adem\u00e1s, Andr\u00e9s Manuel L\u00f3pez Obrador cuenta actualmente con una aceptaci\u00f3n popular superior al 70 por ciento.<\/p>\n<p>\u201cElla y ellos se creen encumbrados y por encima del resto. Y por eso nos faltan al respeto. Los agraviados estamos de este lado\u201d, dijo el gobernador veracruzano, al referirse a la ministra Norma Pi\u00f1a, as\u00ed como al resto de los que han votado en contra de las reformas promovidas por el primer mandatario, les record\u00f3 que \u201cnosotros, el pueblo, no quiere el imperio supremo del poder judicial que quieren imponerle al pa\u00eds\u201d.<\/p>\n<p>El mandatario estatal que ha impuesto a toda costa reformas que s\u00f3lo benefician a su gobierno se quej\u00f3 que el m\u00e1ximo tribunal del pa\u00eds aparente tener o\u00eddos sordos ante los reclamos de justicia del pueblo y tome resoluciones en contra de sus representantes en el Congreso de la Uni\u00f3n.<\/p>\n<p>\u201cEs evidente que existe un contubernio para solapar la corrupci\u00f3n al interior del Poder Judicial con el aval o indiferencia de 8 ministros de la Suprema Corte y la inacci\u00f3n de una buena parte del Consejo de la Judicatura Federal\u201d.<\/p>\n<p>Tal vez, el ingeniero no tenga la raz\u00f3n conforme a Derecho, pero seguramente fue escuchado con benepl\u00e1cito en dos de los palacios ubicados en el Z\u00f3calo capitalino.<\/p>\n<p style=\"text-align: center;\"><strong>La dirigencia del PRI pide respeto para la Suprema Corte<\/strong><\/p>\n<p>Por el contrario, el dirigente nacional del PRI, Alejandro Moreno C\u00e1rdenas, demand\u00f3 respeto, acatamiento y apoyo a los ministros de la Suprema Corte de Justicia de la Naci\u00f3n (SCJN).<\/p>\n<p>El dirigente nacional del tricolor manifest\u00f3 su confianza en que el respeto a la ley ser\u00e1 el pilar que permita al pueblo de M\u00e9xico salir avante de esta dif\u00edcil etapa de su historia.<\/p>\n<p>El presidente del tricolor destac\u00f3 la relevancia de la decisi\u00f3n de la SCJN, al resolver la controversia constitucional que entabl\u00f3 el Instituto Nacional de Transparencia, Acceso a la Informaci\u00f3n y Protecci\u00f3n de Datos Personales (INAI) en contra del acuerdo del Ejecutivo del 22 de noviembre de 2021, en el que orden\u00f3 a dependencias y entidades de la administraci\u00f3n p\u00fablica declarar de seguridad nacional la informaci\u00f3n sobre proyectos y obras a cargo del gobierno y, con lo cual quedar\u00edan fuera de conocimiento p\u00fablico, as\u00ed como facilitar autorizaciones, permisos y licencias que se requirieran para su ejecuci\u00f3n.<\/p>\n<p>Moreno C\u00e1rdenas sostuvo que el derecho a la informaci\u00f3n es un derecho madre, que da lugar al ejercicio de otros derechos, sin los cuales no ser\u00eda posible vivir en un r\u00e9gimen democr\u00e1tico, de rendici\u00f3n de cuentas y de transparencia.<\/p>\n<p>\u201cDe ese nivel es su importancia, as\u00ed como de las instituciones p\u00fablicas encargadas de velar por su respeto, promoci\u00f3n y garant\u00eda\u201d, dijo el l\u00edder nacional del PRI, quien record\u00f3 que la Ley General de Transparencia y Acceso a la Informaci\u00f3n P\u00fablica, en su art\u00edculo 4, establece que la informaci\u00f3n generada por los sujetos obligados s\u00f3lo podr\u00e1 ser clasificada excepcionalmente como reservada temporalmente por razones de inter\u00e9s p\u00fablico y seguridad nacional.<\/p>\n<p>Sin embargo, agreg\u00f3, por el contrario, a trav\u00e9s del llamado \u201cdecretazo\u201d presidencial se pretendi\u00f3 realizar una reserva anticipada e indiscriminada de informaci\u00f3n, violentando con ello el derecho de la sociedad a saber qu\u00e9 se hace con los recursos p\u00fablicos, a qu\u00e9 costo y en qu\u00e9 condiciones.<\/p>\n<p><em><a href=\"mailto:riparcangel@hotmail.com\" target=\"_blank\" rel=\"noopener noreferrer\">riparcangel@hotmail.com<\/a><\/em><\/p>\n","protected":false},"excerpt":{"rendered":"<p><span style=\"color: #005497;\"><strong>Miguel \u00c1ngel Rivera<\/strong><\/span><\/p>\n","protected":false},"author":3,"featured_media":0,"comment_status":"open","ping_status":"open","sticky":false,"template":"","format":"standard","meta":{"_monsterinsights_skip_tracking":false,"_monsterinsights_sitenote_active":false,"_monsterinsights_sitenote_note":"","_monsterinsights_sitenote_category":0,"footnotes":""},"categories":[84119],"tags":[84120,84121,43674],"class_list":["post-584493","post","type-post","status-publish","format-standard","hentry","category-miguel-angel-rivera","tag-clase-politica","tag-miguel-angel-rivera","tag-opinion"],"_links":{"self":[{"href":"https:\/\/www.diarioimagen.net\/index.php?rest_route=\/wp\/v2\/posts\/584493","targetHints":{"allow":["GET"]}}],"collection":[{"href":"https:\/\/www.diarioimagen.net\/index.php?rest_route=\/wp\/v2\/posts"}],"about":[{"href":"https:\/\/www.diarioimagen.net\/index.php?rest_route=\/wp\/v2\/types\/post"}],"author":[{"embeddable":true,"href":"https:\/\/www.diarioimagen.net\/index.php?rest_route=\/wp\/v2\/users\/3"}],"replies":[{"embeddable":true,"href":"https:\/\/www.diarioimagen.net\/index.php?rest_route=%2Fwp%2Fv2%2Fcomments&post=584493"}],"version-history":[{"count":0,"href":"https:\/\/www.diarioimagen.net\/index.php?rest_route=\/wp\/v2\/posts\/584493\/revisions"}],"wp:attachment":[{"href":"https:\/\/www.diarioimagen.net\/index.php?rest_route=%2Fwp%2Fv2%2Fmedia&parent=584493"}],"wp:term":[{"taxonomy":"category","embeddable":true,"href":"https:\/\/www.diarioimagen.net\/index.php?rest_route=%2Fwp%2Fv2%2Fcategories&post=584493"},{"taxonomy":"post_tag","embeddable":true,"href":"https:\/\/www.diarioimagen.net\/index.php?rest_route=%2Fwp%2Fv2%2Ftags&post=584493"}],"curies":[{"name":"wp","href":"https:\/\/api.w.org\/{rel}","templated":true}]}}