{"id":584496,"date":"2023-05-22T00:12:04","date_gmt":"2023-05-22T06:12:04","guid":{"rendered":"https:\/\/www.diarioimagen.net\/?p=584496"},"modified":"2023-05-22T02:01:20","modified_gmt":"2023-05-22T08:01:20","slug":"ocupacion-temporal-eufemismo-lopezobradorista-de-expropiacion","status":"publish","type":"post","link":"https:\/\/www.diarioimagen.net\/?p=584496","title":{"rendered":"\u00bfOcupaci\u00f3n temporal?&#8230; eufemismo lopezobradorista de expropiaci\u00f3n"},"content":{"rendered":"<h2>Tras la puerta del poder<\/h2>\n<h5>Roberto Vizca\u00edno<\/h5>\n<p>&nbsp;<\/p>\n<p>No hay forma de encubrir su chavismo. El asalto madrugador del viernes pasado con marinos armados a 3 tramos e instalaciones de <strong>Ferrosur<\/strong>, de <strong>Grupo M\u00e9xico<\/strong> de <strong>Germ\u00e1n Larrea<\/strong>, es simple y llanamente una expropiaci\u00f3n de talante bolivariano.<\/p>\n<p>La \u201cocupaci\u00f3n temporal\u201d militar, realizada bajo el amparo legal muy forzado de un decreto de <strong>Andr\u00e9s Manuel L\u00f3pez Obrador<\/strong> bajo el argumento de preservar la seguridad nacional y evitar pagos por el derecho de paso, se ejecut\u00f3 luego de que el propietario de la concesi\u00f3n \u2014<strong>Larrea<\/strong>\u2014 se neg\u00f3 con todo su derecho a regresarla sin indemnizaci\u00f3n y sin cobrar sus respectivas sanciones como quer\u00eda el mandatario.<\/p>\n<p>En 2 ocasiones se reuni\u00f3 <strong>AMLO<\/strong> con <strong>Larrea<\/strong> la semana pasada en Palacio. El viernes <strong>AMLO<\/strong> le dio el albazo, el descont\u00f3n chavista. Ese d\u00eda los representantes de la empresa ten\u00edan una reuni\u00f3n m\u00e1s con los enviados de <strong>AMLO<\/strong> y su gobierno para continuar en la b\u00fasqueda de una soluci\u00f3n a los reclamos del tabasque\u00f1o. El encuentro ya no se realiz\u00f3. Ya la marina estaba en posesi\u00f3n a la brava, con armas, de Ferrosur.<\/p>\n<p>\u201cLa sorpresiva e inusitada acci\u00f3n militar\u201d realizada por Marina y el gobierno de <strong>AMLO<\/strong>, afirma <strong>Larrea v\u00eda Grupo M\u00e9xico<\/strong>, hace muy complicada una negociaci\u00f3n.<\/p>\n<p>Agrega:<\/p>\n<p>\u201cDe no llegar a un acuerdo en la negociaci\u00f3n, la ocupaci\u00f3n temporal se convertir\u00eda en definitiva\u201d.<\/p>\n<p>O sea, es una expropiaci\u00f3n con toda la regla.<\/p>\n<p>\u00bfPor qu\u00e9 <strong>AMLO<\/strong> orden\u00f3 este asalto?<\/p>\n<p>De acuerdo con enterados este golpe armado se realiz\u00f3 porque <strong>hoy los trenes de la paraestatal administrada por Marina Ferrocarriles de Tehuantepec detienen el paso antes de ingresar a las v\u00edas concesionadas a Ferrosur, rumbo a Coatzacoalcos<\/strong>.<\/p>\n<p><strong>Para pasar los trenes de la paraestatal tienen que pedir la autorizaci\u00f3n a Ferrosur de Larrea y pagar derechos de paso, lo que impacta en costos y en programaci\u00f3n operativa<\/strong>.<\/p>\n<p><strong>AMLO<\/strong> le habr\u00eda pedido a <strong>Larrea<\/strong> regresar la concesi\u00f3n al gobierno sin indemnizaci\u00f3n y sin reclamar cobro de sanciones a lo que el empresario se neg\u00f3 y le propuso a su vez construir una <strong>v\u00eda alterna para los trenes de la paraestatal, pues los tramos afectados son puntos neur\u00e1lgicos en la comunicaci\u00f3n de sur a norte del pa\u00eds<\/strong>.<\/p>\n<p>En un inicio, <strong>AMLO<\/strong> acept\u00f3 a inicios de 2022 la propuesta de Larrea quien de inmediato orden\u00f3 la obra y destin\u00f3 cientos de millones de pesos a esa construcci\u00f3n, pero <strong>AMLO<\/strong> decidi\u00f3 que mejor no, que quer\u00eda lo que tiene Ferrosur, y entonces orden\u00f3 el asalto.<\/p>\n<p>Eso le garantizar\u00eda al mandatario acelerar las obras del <strong>Corredor Interoce\u00e1nico para terminar antes del fin de su mandato, <\/strong>y dar\u00eda libre paso a <strong>Ferrocarriles de Tehuantepec<\/strong> o <strong>Tren Trans\u00edstmico<\/strong>, empresa <strong>paraestatal<\/strong> creada en <strong>2020<\/strong> y administrada por Marina.<\/p>\n<p>El punto adem\u00e1s es estrat\u00e9gico para la conexi\u00f3n ferroviaria con la obra de la refiner\u00eda de Dos Bocas y su enlace con el Tren Maya, obras centrales irrenunciables de <strong>AMLO<\/strong>.<\/p>\n<p>Con esto qued\u00f3 demostrado a lo que el mandatario est\u00e1 dispuesto a llegar por esas obras.<\/p>\n<p>Sin duda, cree que con el eufemismo legaloide de \u201c<strong>ocupaci\u00f3n temporal<\/strong>\u201d podr\u00e1 paliar los reclamos y temores de inversionistas nacionales y extranjeros que ya salieron inmediatamente a advertir que esta expropiaci\u00f3n parar\u00e1 las inversiones que estaban previstas a realizarse en M\u00e9xico.<\/p>\n<p>Otros temen que este acto sea el inicio de golpes chavistas que acerquen m\u00e1s a M\u00e9xico a una Venezuela en caos y sin libertades ni respeto al Estado de Derecho.<\/p>\n<p>Ya veremos pronto hacia d\u00f3nde deriva este asalto armado.<\/p>\n<p style=\"text-align: center;\"><strong>Monreal acusa alevosa cargada de gobernadores<\/strong><\/p>\n<p>Entrevistado por el diario <em>El Pa\u00eds<\/em>, <strong>Ricardo Monreal<\/strong> no esconde su irritaci\u00f3n.<\/p>\n<p>Advierte que el destape anticipado de contendientes de Morena a la sucesi\u00f3n presidencial para el 2024 ha derivado en la formaci\u00f3n de dos bloques de gobernadores: Uno en favor de <strong>Claudia Sheinbaum<\/strong> y otro para <strong>Ad\u00e1n Augusto L\u00f3pez<\/strong>.<\/p>\n<p>Su partido, Morena, nunca respondi\u00f3 a su reclamo de ir a reglas negociadas por la dirigencia y los aspirantes para garantizar equidad y piso parejo.<\/p>\n<p>Hoy por ello, afirma, <strong>Marcelo Ebrard<\/strong> y \u00e9l han sido dejados fuera de los apoyos de los gobernadores. Marcelo dice, cuenta quiz\u00e1 con algunos mandatarios estatales y \u00e9l, apenas con el de su hermano, <strong>David Monreal<\/strong>, y gobernadores de Zacatecas.<\/p>\n<p>Recuerda que la mayor\u00eda de los gobernadores que apoyan a Sheinbaum y a Ad\u00e1n Augusto surgieron de las filas del Senado y son pol\u00edticos que recibieron apoyos de \u00e9l como coordinador de la fracci\u00f3n de Morena y como presidente de la Junta de Coordinaci\u00f3n Pol\u00edtica, pero que ahora lo han abandonado.<\/p>\n<p>Ricardo Monreal le aclara a <em>El Pa\u00eds<\/em>, que pese a las inequidades e irregularidades que han marcado el proceso de Morena, \u00e9l ni renunciar\u00e1 a la contienda ni declinar\u00e1 por nadie, menos denunciar\u00e1 ante las autoridades electorales las evidentes violaciones cometidas en la contienda porque ello debilitar\u00eda al movimiento del que proviene.<\/p>\n<p>Afirma que a\u00fan a destiempo, en la reuni\u00f3n que tendr\u00e1n los 4 aspirantes luego de las elecciones del Estado de M\u00e9xico y de Coahuila, pedir\u00e1 eliminar las cargadas insultantes en favor de Sheinbaum y de L\u00f3pez e ir a foros y debates regionales entre ellos con miras a luego enfrentar la encuesta que defina al candidato presidencial de Morena.<\/p>\n<p>Poco qu\u00e9 hacer ya, reconoce.<\/p>\n<p><em><a href=\"mailto:rvizcainoa@gmail.com\" target=\"_blank\" rel=\"noopener noreferrer\">vizcainoa@gmail.com<\/a><a href=\"mailto:rvizcainoa@gmail.com\" target=\"_blank\" rel=\"noopener noreferrer\"><br \/>\n<\/a><a href=\"http:\/\/endirecto.mx\" target=\"_blank\" rel=\"noopener noreferrer\">www.endirecto.mx<\/a><a href=\"mailto:rvizcainoa@gmail.com\" target=\"_blank\" rel=\"noopener noreferrer\"><br \/>\n<\/a><a href=\"https:\/\/twitter.com\/_rvizcaino\" target=\"_blank\" rel=\"noopener noreferrer\">@_RVizcaino<\/a><a href=\"mailto:rvizcainoa@gmail.com\" target=\"_blank\" rel=\"noopener noreferrer\"><br \/>\n<\/a><a href=\"https:\/\/www.facebook.com\/rvizcainoa\" target=\"_blank\" rel=\"noopener noreferrer\">facebook.com\/rvizcainoa<\/a><\/em><\/p>\n","protected":false},"excerpt":{"rendered":"<p><span style=\"color: #005497;\"><strong>Roberto Vizca\u00edno<\/strong><\/span><\/p>\n","protected":false},"author":3,"featured_media":0,"comment_status":"open","ping_status":"open","sticky":false,"template":"","format":"standard","meta":{"_monsterinsights_skip_tracking":false,"_monsterinsights_sitenote_active":false,"_monsterinsights_sitenote_note":"","_monsterinsights_sitenote_category":0,"footnotes":""},"categories":[136],"tags":[43674,93,94],"class_list":["post-584496","post","type-post","status-publish","format-standard","hentry","category-roberto-vizcaino-opinion","tag-opinion","tag-roberto-vizcaino","tag-tras-la-puerta-del-poder"],"_links":{"self":[{"href":"https:\/\/www.diarioimagen.net\/index.php?rest_route=\/wp\/v2\/posts\/584496","targetHints":{"allow":["GET"]}}],"collection":[{"href":"https:\/\/www.diarioimagen.net\/index.php?rest_route=\/wp\/v2\/posts"}],"about":[{"href":"https:\/\/www.diarioimagen.net\/index.php?rest_route=\/wp\/v2\/types\/post"}],"author":[{"embeddable":true,"href":"https:\/\/www.diarioimagen.net\/index.php?rest_route=\/wp\/v2\/users\/3"}],"replies":[{"embeddable":true,"href":"https:\/\/www.diarioimagen.net\/index.php?rest_route=%2Fwp%2Fv2%2Fcomments&post=584496"}],"version-history":[{"count":0,"href":"https:\/\/www.diarioimagen.net\/index.php?rest_route=\/wp\/v2\/posts\/584496\/revisions"}],"wp:attachment":[{"href":"https:\/\/www.diarioimagen.net\/index.php?rest_route=%2Fwp%2Fv2%2Fmedia&parent=584496"}],"wp:term":[{"taxonomy":"category","embeddable":true,"href":"https:\/\/www.diarioimagen.net\/index.php?rest_route=%2Fwp%2Fv2%2Fcategories&post=584496"},{"taxonomy":"post_tag","embeddable":true,"href":"https:\/\/www.diarioimagen.net\/index.php?rest_route=%2Fwp%2Fv2%2Ftags&post=584496"}],"curies":[{"name":"wp","href":"https:\/\/api.w.org\/{rel}","templated":true}]}}