{"id":584569,"date":"2023-05-23T00:01:54","date_gmt":"2023-05-23T06:01:54","guid":{"rendered":"https:\/\/www.diarioimagen.net\/?p=584569"},"modified":"2023-05-24T00:12:54","modified_gmt":"2023-05-24T06:12:54","slug":"necesario-mostrar-talante-moral-en-la-imparticion-de-justicia-mag-rafael-guerra-alvarez","status":"publish","type":"post","link":"https:\/\/www.diarioimagen.net\/?p=584569","title":{"rendered":"Necesario mostrar talante moral en la impartici\u00f3n de justicia: mag. Rafael Guerra \u00c1lvarez"},"content":{"rendered":"<p>&nbsp;<\/p>\n<ul>\n<li><strong><em>As\u00ed lo subray\u00f3 el presidente del PJCDMX durante la ceremonia de despedida del magistrado del Poder Judicial de la Federaci\u00f3n, Manuel Ernesto Saloma Vera<\/em><\/strong><\/li>\n<li><strong><em>En el acto, la senadora Olga S\u00e1nchez Cordero destac\u00f3 las aportaciones de magistrados y jueces de la Comisi\u00f3n Nacional de Tribunales Superiores de Justicia de los Estados Unidos Mexicanos (Conatrib) en la elaboraci\u00f3n del C\u00f3digo Nacional de Procedimientos Civiles y Familiares aprobado en el Congreso de la Uni\u00f3n<\/em><\/strong><\/li>\n<\/ul>\n<p>&nbsp;<\/p>\n<div id=\"attachment_584664\" style=\"width: 470px\" class=\"wp-caption aligncenter\"><a href=\"https:\/\/www.diarioimagen.net\/?attachment_id=584664\" rel=\"attachment wp-att-584664\"><img loading=\"lazy\" decoding=\"async\" aria-describedby=\"caption-attachment-584664\" class=\"wp-image-584664 size-full\" src=\"https:\/\/www.diarioimagen.net\/wp-content\/uploads\/2023\/05\/tribunal-7.jpg\" alt=\"\" width=\"460\" height=\"270\" \/><\/a><p id=\"caption-attachment-584664\" class=\"wp-caption-text\">Magistrado presidente Rafael Guerra \u00c1lvarez.<\/p><\/div>\n<p>&nbsp;<\/p>\n<p>El presidente del Poder Judicial de la Ciudad de M\u00e9xico (PJCDMX), magistrado Rafael Guerra \u00c1lvarez, mencion\u00f3 que un talante moral y lealtad a la naci\u00f3n son necesarias en la impartici\u00f3n de justicia, al pronunciar un discurso en el acto de despedida del magistrado del Poder Judicial de la Federaci\u00f3n (PJF), Manuel Ernesto Saloma Vera.<\/p>\n<p>En el auditorio de la Escuela Federal de Formaci\u00f3n Judicial del PJF, la exministra de la Suprema Corte de Justicia de la Naci\u00f3n y senadora de la Rep\u00fablica, Olga S\u00e1nchez Cordero, aprovech\u00f3 el foro para destacar las aportaciones realizadas por magistradas, magistrados, juezas y jueces integrantes de la Comisi\u00f3n Nacional de Tribunales Superiores de Justicia de los Estados Unidos Mexicanos (Conatrib), que encabeza el magistrado Guerra \u00c1lvarez, en la elaboraci\u00f3n del C\u00f3digo Nacional de Procedimientos Civiles y Familiares aprobado recientemente en el Congreso de la Uni\u00f3n.<\/p>\n<p>Subray\u00f3 que el citado c\u00f3digo fue aprobado por unanimidad en las dos c\u00e1maras del Congreso, el cual prioriza el uso de las tecnolog\u00edas de la informaci\u00f3n para agilizar los procesos jurisdiccionales, mismo que contiene mil 191 art\u00edculos, y que es resultado del trabajo de impartidores de justicia del \u00e1mbito federal y local.<\/p>\n<p>Guerra \u00c1lvarez agradeci\u00f3 el permanente apoyo desde todas las trincheras, tanto a la Conatrib como al PJCDMX a la senadora Olga S\u00e1nchez Cordero, particularmente con el ahora aprobado C\u00f3digo Nacional de Procedimientos Civiles y Familiares.<\/p>\n<p>Detall\u00f3 la trayectoria acad\u00e9mica de Saloma Vera con quien comparte trayectoria en el PJF, as\u00ed como la vocaci\u00f3n docente. Expres\u00f3 su reconocimiento a nivel institucional y personal a tan importante figura en la jurisdicci\u00f3n mexicana.<\/p>\n<p>El pres\u00eddium estuvo integrado por el ministro de la Suprema Corte de Justicia de la Naci\u00f3n, Jorge Mario Pardo Rebolledo; los consejeros de la Judicatura Federal, Eva Ver\u00f3nica de Gyv\u00e9s Z\u00e1rate, Sergio Javier Molina Mart\u00ednez y Lilia M\u00f3nica L\u00f3pez Ben\u00edtez; el magistrado del Tribunal Electoral del Poder Judicial de la Federaci\u00f3n, Felipe Alfredo Fuentes Barrera, y el ex consejero federal, C\u00e9sar J\u00e1uregui Robles.<\/p>\n","protected":false},"excerpt":{"rendered":"<p>El presidente del Poder Judicial de la Ciudad de M\u00e9xico (PJCDMX), magistrado Rafael Guerra \u00c1lvarez, mencion\u00f3 que un talante moral y lealtad a la naci\u00f3n son necesarias en la impartici\u00f3n de justicia, al pronunciar un discurso en el acto de despedida del magistrado del Poder Judicial de la Federaci\u00f3n (PJF), Manuel Ernesto Saloma Vera.<\/p>\n","protected":false},"author":3,"featured_media":584664,"comment_status":"open","ping_status":"open","sticky":false,"template":"","format":"standard","meta":{"_monsterinsights_skip_tracking":false,"_monsterinsights_sitenote_active":false,"_monsterinsights_sitenote_note":"","_monsterinsights_sitenote_category":0,"footnotes":""},"categories":[6],"tags":[4103,87379],"class_list":["post-584569","post","type-post","status-publish","format-standard","has-post-thumbnail","hentry","category-cd-de-mexico","tag-conatrib","tag-pjcdmx"],"_links":{"self":[{"href":"https:\/\/www.diarioimagen.net\/index.php?rest_route=\/wp\/v2\/posts\/584569","targetHints":{"allow":["GET"]}}],"collection":[{"href":"https:\/\/www.diarioimagen.net\/index.php?rest_route=\/wp\/v2\/posts"}],"about":[{"href":"https:\/\/www.diarioimagen.net\/index.php?rest_route=\/wp\/v2\/types\/post"}],"author":[{"embeddable":true,"href":"https:\/\/www.diarioimagen.net\/index.php?rest_route=\/wp\/v2\/users\/3"}],"replies":[{"embeddable":true,"href":"https:\/\/www.diarioimagen.net\/index.php?rest_route=%2Fwp%2Fv2%2Fcomments&post=584569"}],"version-history":[{"count":0,"href":"https:\/\/www.diarioimagen.net\/index.php?rest_route=\/wp\/v2\/posts\/584569\/revisions"}],"wp:featuredmedia":[{"embeddable":true,"href":"https:\/\/www.diarioimagen.net\/index.php?rest_route=\/wp\/v2\/media\/584664"}],"wp:attachment":[{"href":"https:\/\/www.diarioimagen.net\/index.php?rest_route=%2Fwp%2Fv2%2Fmedia&parent=584569"}],"wp:term":[{"taxonomy":"category","embeddable":true,"href":"https:\/\/www.diarioimagen.net\/index.php?rest_route=%2Fwp%2Fv2%2Fcategories&post=584569"},{"taxonomy":"post_tag","embeddable":true,"href":"https:\/\/www.diarioimagen.net\/index.php?rest_route=%2Fwp%2Fv2%2Ftags&post=584569"}],"curies":[{"name":"wp","href":"https:\/\/api.w.org\/{rel}","templated":true}]}}