{"id":584574,"date":"2023-05-23T00:03:04","date_gmt":"2023-05-23T06:03:04","guid":{"rendered":"https:\/\/www.diarioimagen.net\/?p=584574"},"modified":"2023-05-24T00:09:21","modified_gmt":"2023-05-24T06:09:21","slug":"despliega-sedena-7-mil-275-elementos-en-las-zonas-cercanas-al-popocatepetl","status":"publish","type":"post","link":"https:\/\/www.diarioimagen.net\/?p=584574","title":{"rendered":"Despliega Sedena 7 mil 275 elementos en las zonas cercanas al Popocat\u00e9petl"},"content":{"rendered":"<p>&nbsp;<\/p>\n<ul>\n<li><em><strong>Cambio en el Sem\u00e1foro de Alerta Volc\u00e1nica<\/strong><\/em><\/li>\n<\/ul>\n<p>&nbsp;<\/p>\n<div id=\"attachment_584670\" style=\"width: 470px\" class=\"wp-caption aligncenter\"><a href=\"https:\/\/www.diarioimagen.net\/?attachment_id=584670\" rel=\"attachment wp-att-584670\"><img loading=\"lazy\" decoding=\"async\" aria-describedby=\"caption-attachment-584670\" class=\"size-full wp-image-584670\" src=\"https:\/\/www.diarioimagen.net\/wp-content\/uploads\/2023\/05\/popo.jpg\" alt=\"\" width=\"460\" height=\"270\" \/><\/a><p id=\"caption-attachment-584670\" class=\"wp-caption-text\">Conforman la Fuerza de Tarea Conjunta Popocat\u00e9petl, elementos de Guardia Nacional, Ej\u00e9rcito y Fuerza A\u00e9rea Mexicanos en coordinaci\u00f3n con las autoridades de Protecci\u00f3n Civil de los tres \u00f3rdenes de gobierno.<\/p><\/div>\n<p>&nbsp;<\/p>\n<p>Ante la emergencia por el aumento en la actividad del volc\u00e1n Popocat\u00e9petl, se han desplegado en la regi\u00f3n 7 mil 275 elementos de las fuerzas armadas a fin de implementar labores preventivas que ser\u00e1n supervisadas por el titular de la Secretar\u00eda de la Defensa Nacional (Sedena), general Luis Cresencio Sandoval.<\/p>\n<p>El presidente Andr\u00e9s Manuel L\u00f3pez Obrador tambi\u00e9n anunci\u00f3 que pese a la intensa actividad del volc\u00e1n, el sem\u00e1foro se encuentra en amarillo fase tres, lo que por el momento no implica evacuaciones.<\/p>\n<p>A pregunta expresa sobre la situaci\u00f3n en las regiones cercanas al coloso, el mandatario federal afirm\u00f3 que se est\u00e1 trabajando desde las primeras erupciones que se dieron del volc\u00e1n.<\/p>\n<p>Se han ubicado, dijo, rutas para una evacuaci\u00f3n r\u00e1pida en caso que sea necesario, as\u00ed como los sitios donde podr\u00edan instalarse albergues, entre otras.<\/p>\n<p>\u201cHay una comisi\u00f3n, est\u00e1 coordinando la acci\u00f3n la directora de Protecci\u00f3n Civil (Laura Vel\u00e1zquez), tambi\u00e9n con el apoyo de gobiernos estatales y de las fuerzas armadas. Hoy en la ma\u00f1ana nos present\u00f3 ya un plan, aprovecho para decir a la gente que, de acuerdo a los expertos, todav\u00eda es sem\u00e1foro amartillo fase tres, ellos saben bien, ah\u00ed nacieron, ya saben el comportamiento del volc\u00e1n\u201d, plante\u00f3 el Presidente.<\/p>\n<p>Apunt\u00f3 que hay inclusive quienes sostienen \u201cque cuando hay erupci\u00f3n es m\u00e1s tranquilizante que cuando est\u00e1 en silencio\u201d. El jefe del Ejecutivo federal refiri\u00f3 que hay monitoreo y vigilancia de la actividad de <em>Don Goyo<\/em> las 24 horas del d\u00eda y coment\u00f3 que las autoridades correspondientes est\u00e1n al pendiente y con claridad de las acciones preventivas para protecci\u00f3n de las poblaciones cercanas.<\/p>\n<p>\u201cComo lo establece el sem\u00e1foro amarillo fase tres, todav\u00eda sem\u00e1foro amarillo. Y en las labores preventivas ha estado en comunicaci\u00f3n la directora de Protecci\u00f3n Civil con los gobernadores de Puebla, de Morelos, de Estado de M\u00e9xico, y hoy va a hacer un recorrido por la zona, va a estar por Puebla, el general Sandoval, secretario de la Defensa\u201d, dijo este lunes el mandatario.<\/p>\n<p style=\"text-align: center;\"><strong>Al menos 40 municipios suspenden clases por alerta volc\u00e1nica<\/strong><\/p>\n<p>Por su parte, el gobernador de Puebla, Sergio Salom\u00f3n C\u00e9spedes, inform\u00f3 que un total de 40 municipios suspendieron actividades presenciales en escuelas derivadas del cambio en el Sem\u00e1foro de Alerta Volc\u00e1nica por el Popocat\u00e9petl.<\/p>\n<p>Lo anterior se da con el objetivo de salvaguardar la salud de las y los estudiantes en los diferentes niveles educativos y que se reanudar\u00e1n hasta nuevo aviso. Sin embargo, las clases virtuales contin\u00faan. Una gruesa capa de ceniza del volc\u00e1n Popocat\u00e9petl cubri\u00f3 durante la madrugada y ma\u00f1ana del domingo al menos una docena de municipios.<\/p>\n<p>, entre ellos los de la zona conurbada de la ciudad de Puebla.<\/p>\n<p>Las calles, avenidas, viviendas y autom\u00f3viles amanecieron cubiertos de ceniza, lo que sorprendi\u00f3 a miles de habitantes, quienes compartieron en redes sociales las im\u00e1genes.<\/p>\n<p>En los municipios de Puebla, Cuautlancingo, San Pedro y San Andr\u00e9s Cholula, Atlixco, entre otros, registraron fuerte ca\u00edda de ceniza, como no se hab\u00eda presentado en a\u00f1os.<\/p>\n<p>La Coordinaci\u00f3n General de Protecci\u00f3n Civil del Gobierno de Puebla alert\u00f3 que la ca\u00edda de ceniza del volc\u00e1n Popocat\u00e9petl seguir\u00e1 registr\u00e1ndose en distintas regiones del estado.<\/p>\n<p>Y es que el volc\u00e1n ha presentado desde la madrugada episodios de tremor constante con emisiones de gases y ceniza de forma permanente.<\/p>\n<p>Por la direcci\u00f3n del viento, la ceniza va hacia los valles de Puebla y Atlixco, donde desde las primeras horas de ayer se registr\u00f3 una intensa ca\u00edda de ceniza.<\/p>\n","protected":false},"excerpt":{"rendered":"<p>Ante la emergencia por el aumento en la actividad del volc\u00e1n Popocat\u00e9petl, se han desplegado en la regi\u00f3n 7 mil 275 elementos de las fuerzas armadas a fin de implementar labores preventivas que ser\u00e1n supervisadas por el titular de la Secretar\u00eda de la Defensa Nacional (Sedena), general Luis Cresencio Sandoval.<\/p>\n","protected":false},"author":3,"featured_media":584670,"comment_status":"open","ping_status":"open","sticky":false,"template":"","format":"standard","meta":{"_monsterinsights_skip_tracking":false,"_monsterinsights_sitenote_active":false,"_monsterinsights_sitenote_note":"","_monsterinsights_sitenote_category":0,"footnotes":""},"categories":[3],"tags":[5048,97928],"class_list":["post-584574","post","type-post","status-publish","format-standard","has-post-thumbnail","hentry","category-nacional","tag-popocatepetl","tag-semaforo-de-alerta-volcanica"],"_links":{"self":[{"href":"https:\/\/www.diarioimagen.net\/index.php?rest_route=\/wp\/v2\/posts\/584574","targetHints":{"allow":["GET"]}}],"collection":[{"href":"https:\/\/www.diarioimagen.net\/index.php?rest_route=\/wp\/v2\/posts"}],"about":[{"href":"https:\/\/www.diarioimagen.net\/index.php?rest_route=\/wp\/v2\/types\/post"}],"author":[{"embeddable":true,"href":"https:\/\/www.diarioimagen.net\/index.php?rest_route=\/wp\/v2\/users\/3"}],"replies":[{"embeddable":true,"href":"https:\/\/www.diarioimagen.net\/index.php?rest_route=%2Fwp%2Fv2%2Fcomments&post=584574"}],"version-history":[{"count":0,"href":"https:\/\/www.diarioimagen.net\/index.php?rest_route=\/wp\/v2\/posts\/584574\/revisions"}],"wp:featuredmedia":[{"embeddable":true,"href":"https:\/\/www.diarioimagen.net\/index.php?rest_route=\/wp\/v2\/media\/584670"}],"wp:attachment":[{"href":"https:\/\/www.diarioimagen.net\/index.php?rest_route=%2Fwp%2Fv2%2Fmedia&parent=584574"}],"wp:term":[{"taxonomy":"category","embeddable":true,"href":"https:\/\/www.diarioimagen.net\/index.php?rest_route=%2Fwp%2Fv2%2Fcategories&post=584574"},{"taxonomy":"post_tag","embeddable":true,"href":"https:\/\/www.diarioimagen.net\/index.php?rest_route=%2Fwp%2Fv2%2Ftags&post=584574"}],"curies":[{"name":"wp","href":"https:\/\/api.w.org\/{rel}","templated":true}]}}