{"id":584576,"date":"2023-05-23T00:06:25","date_gmt":"2023-05-23T06:06:25","guid":{"rendered":"https:\/\/www.diarioimagen.net\/?p=584576"},"modified":"2023-05-24T00:12:45","modified_gmt":"2023-05-24T06:12:45","slug":"uaemex-suma-esfuerzos-para-preservar-y-extender-los-renuevos-del-arbol-de-la-mora-simbolo-de-identidad-universitaria","status":"publish","type":"post","link":"https:\/\/www.diarioimagen.net\/?p=584576","title":{"rendered":"UAEM\u00e9x suma esfuerzos para preservar y extender los renuevos del \u00e1rbol de La Mora, s\u00edmbolo de identidad universitaria"},"content":{"rendered":"<p><strong>\u00a0<\/strong><\/p>\n<ul>\n<li><em><strong>A 195 a\u00f1os del Instituto Literario:<\/strong><\/em><\/li>\n<\/ul>\n<p><strong>\u00a0<\/strong><\/p>\n<div id=\"attachment_584662\" style=\"width: 470px\" class=\"wp-caption aligncenter\"><a href=\"https:\/\/www.diarioimagen.net\/?attachment_id=584662\" rel=\"attachment wp-att-584662\"><img loading=\"lazy\" decoding=\"async\" aria-describedby=\"caption-attachment-584662\" class=\"size-full wp-image-584662\" src=\"https:\/\/www.diarioimagen.net\/wp-content\/uploads\/2023\/05\/uaem-suma-esfuerzos.jpg\" alt=\"\" width=\"460\" height=\"270\" \/><\/a><p id=\"caption-attachment-584662\" class=\"wp-caption-text\">Ra\u00fal Vera subray\u00f3 la importancia de conocer la historia del \u00e1rbol que ha visto el desarrollo y cambio desde el Instituto Literario hasta nuestra actual Universidad Aut\u00f3noma del Estado de M\u00e9xico.<\/p><\/div>\n<p>&nbsp;<\/p>\n<p><strong>Toluca, Estado de M\u00e9xico.\u2013 <\/strong>Durante los \u00faltimos 40 a\u00f1os, la Universidad Aut\u00f3noma del Estado de M\u00e9xico (UAEM\u00e9x) ha trabajado para propagar renuevos del \u00e1rbol de La Mora, ubicado en la parte oriente del Edificio Hist\u00f3rico de Rector\u00eda, hacia todos los espacios acad\u00e9micos, al ser fiel testigo de las transformaciones y desarrollo de la instituci\u00f3n durante casi 200 a\u00f1os.<\/p>\n<p>Desde la d\u00e9cada de los 80, la M\u00e1xima Casa de Estudios mexiquense realiz\u00f3 trabajos para plantar y propagar v\u00e1stagos de gran altura y belleza, que adem\u00e1s de dar frutos, recuerdan a La Mora \u201cmadre\u201d.<\/p>\n<p>Actualmente, Ra\u00fal Vera Noguez, titular de la Direcci\u00f3n de Protecci\u00f3n al Medio Ambiente de la UAEM\u00e9x, ha estado al tanto del vivero universitario donde se reproduce este \u00e1rbol; reafirma que \u201ces un deber de todos preservarlo\u201d y extiende la invitaci\u00f3n a la comunidad universitaria a conocer y cuidar de este s\u00edmbolo viviente, que forma parte de nuestra identidad universitaria.<\/p>\n<p>En el vivero universitario se resguardan adem\u00e1s, \u00e1rboles de La Mora propagados a partir del ubicado en el Edificio Hist\u00f3rico de Rector\u00eda. Durante todo el a\u00f1o se les brinda los cuidados necesarios, procurando sol y sombra, garantizando que obtengan nutrientes de tierra de gran calidad, reg\u00e1ndolos cada 15 d\u00edas y revis\u00e1ndolos peri\u00f3dicamente. El objetivo es que crezcan para ser trasplantados posteriormente en distintos espacios universitarios.<\/p>\n<p>Vera Noguez explica que la propagaci\u00f3n del \u00e1rbol de La Mora se realiza a trav\u00e9s de esquejes del \u00e1rbol ubicado en Rector\u00eda, es decir, peque\u00f1as porciones de ramas con una yema que est\u00e1 brotando. Dichos fragmentos de tallo se colocan en el suelo para que echen ra\u00edces y al lograr la madurez y autonom\u00eda, pueden ser plantados como \u00e1rboles independientes en los espacios universitarios.<\/p>\n<p>Por ello, Ra\u00fal Vera subray\u00f3 la importancia de conocer la historia del \u00e1rbol que ha visto el desarrollo y cambio desde el Instituto Literario hasta nuestra actual Universidad Aut\u00f3noma del Estado de M\u00e9xico. \u201cEste \u00e1rbol ha sido testigo de todo este desarrollo y cambio, es un s\u00edmbolo de orgullo que en cada uno de nuestros espacios universitarios, cerca de las aulas donde nos formamos, tengamos un \u00e1rbol de La Mora\u201d.<\/p>\n<p>Coment\u00f3 adem\u00e1s, que hace 3 a\u00f1os, el acad\u00e9mico Manuel P\u00e9rez Ch\u00e1vez, inici\u00f3 un proyecto para formar peque\u00f1os bosques de \u00e1rboles de mora, con aproximadamente 10 o 12 \u00e1rboles en los espacios universitarios donde sea posible, para preservar el \u00e1rbol como s\u00edmbolo, disfrutar de sus frutos y contribuir a formar una Universidad Verde.<\/p>\n<p>Por \u00faltimo, alrededor del \u00e1rbol de La Mora \u201cmadre\u201d hay brotes nuevos que, con una edad de aproximadamente 35 a\u00f1os, ya son \u00e1rboles grandes que est\u00e1n en buenas condiciones y con los que se puede garantizar la preservaci\u00f3n de la especie.<\/p>\n","protected":false},"excerpt":{"rendered":"<p>Durante los \u00faltimos 40 a\u00f1os, la Universidad Aut\u00f3noma del Estado de M\u00e9xico (UAEM\u00e9x) ha trabajado para propagar renuevos del \u00e1rbol de La Mora, ubicado en la parte oriente del Edificio Hist\u00f3rico de Rector\u00eda, hacia todos los espacios acad\u00e9micos, al ser fiel testigo de las transformaciones y desarrollo de la instituci\u00f3n durante casi 200 a\u00f1os.<\/p>\n","protected":false},"author":3,"featured_media":584662,"comment_status":"open","ping_status":"open","sticky":false,"template":"","format":"standard","meta":{"_monsterinsights_skip_tracking":false,"_monsterinsights_sitenote_active":false,"_monsterinsights_sitenote_note":"","_monsterinsights_sitenote_category":0,"footnotes":""},"categories":[5],"tags":[43675,45088,452,67878],"class_list":["post-584576","post","type-post","status-publish","format-standard","has-post-thumbnail","hentry","category-estado-de-mexico","tag-estado-de-mexico","tag-identidad","tag-toluca","tag-uaemex"],"_links":{"self":[{"href":"https:\/\/www.diarioimagen.net\/index.php?rest_route=\/wp\/v2\/posts\/584576","targetHints":{"allow":["GET"]}}],"collection":[{"href":"https:\/\/www.diarioimagen.net\/index.php?rest_route=\/wp\/v2\/posts"}],"about":[{"href":"https:\/\/www.diarioimagen.net\/index.php?rest_route=\/wp\/v2\/types\/post"}],"author":[{"embeddable":true,"href":"https:\/\/www.diarioimagen.net\/index.php?rest_route=\/wp\/v2\/users\/3"}],"replies":[{"embeddable":true,"href":"https:\/\/www.diarioimagen.net\/index.php?rest_route=%2Fwp%2Fv2%2Fcomments&post=584576"}],"version-history":[{"count":0,"href":"https:\/\/www.diarioimagen.net\/index.php?rest_route=\/wp\/v2\/posts\/584576\/revisions"}],"wp:featuredmedia":[{"embeddable":true,"href":"https:\/\/www.diarioimagen.net\/index.php?rest_route=\/wp\/v2\/media\/584662"}],"wp:attachment":[{"href":"https:\/\/www.diarioimagen.net\/index.php?rest_route=%2Fwp%2Fv2%2Fmedia&parent=584576"}],"wp:term":[{"taxonomy":"category","embeddable":true,"href":"https:\/\/www.diarioimagen.net\/index.php?rest_route=%2Fwp%2Fv2%2Fcategories&post=584576"},{"taxonomy":"post_tag","embeddable":true,"href":"https:\/\/www.diarioimagen.net\/index.php?rest_route=%2Fwp%2Fv2%2Ftags&post=584576"}],"curies":[{"name":"wp","href":"https:\/\/api.w.org\/{rel}","templated":true}]}}