{"id":584580,"date":"2023-05-23T00:04:57","date_gmt":"2023-05-23T06:04:57","guid":{"rendered":"https:\/\/www.diarioimagen.net\/?p=584580"},"modified":"2023-05-23T01:54:04","modified_gmt":"2023-05-23T07:54:04","slug":"concluye-votacion-anticipada-en-penales-del-estado-de-mexico","status":"publish","type":"post","link":"https:\/\/www.diarioimagen.net\/?p=584580","title":{"rendered":"Concluye votaci\u00f3n anticipada en penales del Estado de M\u00e9xico"},"content":{"rendered":"<p>&nbsp;<\/p>\n<ul>\n<li><em><strong>Participaron 4, 517 reclusos<\/strong><\/em><\/li>\n<\/ul>\n<p>&nbsp;<\/p>\n<div id=\"attachment_584680\" style=\"width: 470px\" class=\"wp-caption aligncenter\"><a href=\"https:\/\/www.diarioimagen.net\/?attachment_id=584680\" rel=\"attachment wp-att-584680\"><img loading=\"lazy\" decoding=\"async\" aria-describedby=\"caption-attachment-584680\" class=\"size-full wp-image-584680\" src=\"https:\/\/www.diarioimagen.net\/wp-content\/uploads\/2023\/05\/concluye-votacion.jpg\" alt=\"\" width=\"460\" height=\"270\" \/><\/a><p id=\"caption-attachment-584680\" class=\"wp-caption-text\">Concluy\u00f3 la jornada de votaci\u00f3n anticipada en la que participaron 4, 517 personas que se encuentran en penales mexiquenses bajo la modalidad de prisi\u00f3n preventiva oficiosa.<\/p><\/div>\n<p>&nbsp;<\/p>\n<p><strong>Valle de M\u00e9xico.\u2014<\/strong> La Secretar\u00eda de Seguridad (SS), a trav\u00e9s de la Subsecretar\u00eda de Control Penitenciario, en coordinaci\u00f3n con el Instituto Nacional Electoral (INE) y el Instituto Electoral del Estado de M\u00e9xico (IEEM) concluyeron la jornada de votaci\u00f3n anticipada en la que participaron 4, 517 Personas Privadas de la Libertad (PPL) que se encuentran en penales mexiquenses bajo la modalidad de prisi\u00f3n preventiva oficiosa.<\/p>\n<p>Este ejercicio efectuado del 15 al 19 de mayo con motivo de la elecci\u00f3n a la gubernatura en el Estado de M\u00e9xico (Edomex) cont\u00f3 con el voto de 392 mujeres y 4,125 hombres procedentes de 20 Centros Penitenciarios y de Reinserci\u00f3n Social (CPRS), incluido el Centro de Internamiento para Adolescentes Quinta del Bosque.<\/p>\n<p>En este sentido, los CPRS de Ecatepec, Santiaguito, Chalco, Neza-Bordo, Tlalnepantla, Cuautitl\u00e1n y Texcoco concentraron el 86 por ciento de la lista nominal. Es importante mencionar que el Sistema Penitenciario de la entidad por infraestructura f\u00edsica y de operaci\u00f3n es la m\u00e1s grande del pa\u00eds.<\/p>\n<p>Para salvaguardar las garant\u00edas de las y los internos y contar con transparencia, hubo supervisi\u00f3n de la Comisi\u00f3n de Derechos Humanos del Estado de M\u00e9xico (CODHEM) y vigilancia de observadores nacionales e internacionales, adem\u00e1s del despliegue preventivo de personal operativo de la SS, quien estuvo alerta al exterior e interior de los centros.<\/p>\n<p>Es la primera vez en todo el pa\u00eds que se lleva a cabo esta iniciativa, siendo la punta de lanza los estados de M\u00e9xico y Coahuila; en el caso del Edomex de acuerdo al reporte de los actores involucrados, el proceso fue fluido y organizado.<\/p>\n<p>La Secretar\u00eda de Seguridad le recuerda que los tel\u00e9fonos 089 Denuncia An\u00f3nima y 9-1-1 N\u00famero de Emergencias trabajan las 24 horas del d\u00eda. Puede contactarnos a trav\u00e9s de las redes sociales: Facebook @SS.Edomex, y en Twitter @SS_Edomex.<\/p>\n","protected":false},"excerpt":{"rendered":"<p>La Secretar\u00eda de Seguridad (SS), a trav\u00e9s de la Subsecretar\u00eda de Control Penitenciario, en coordinaci\u00f3n con el Instituto Nacional Electoral (INE) y el Instituto Electoral del Estado de M\u00e9xico (IEEM) concluyeron la jornada de votaci\u00f3n anticipada en la que participaron 4, 517 Personas Privadas de la Libertad (PPL) que se encuentran en penales mexiquenses bajo la modalidad de prisi\u00f3n preventiva oficiosa.<\/p>\n","protected":false},"author":3,"featured_media":584680,"comment_status":"open","ping_status":"open","sticky":false,"template":"","format":"standard","meta":{"_monsterinsights_skip_tracking":false,"_monsterinsights_sitenote_active":false,"_monsterinsights_sitenote_note":"","_monsterinsights_sitenote_category":0,"footnotes":""},"categories":[5],"tags":[97929,34,9545],"class_list":["post-584580","post","type-post","status-publish","format-standard","has-post-thumbnail","hentry","category-estado-de-mexico","tag-anticipada","tag-valle-de-mexico","tag-votacion"],"_links":{"self":[{"href":"https:\/\/www.diarioimagen.net\/index.php?rest_route=\/wp\/v2\/posts\/584580","targetHints":{"allow":["GET"]}}],"collection":[{"href":"https:\/\/www.diarioimagen.net\/index.php?rest_route=\/wp\/v2\/posts"}],"about":[{"href":"https:\/\/www.diarioimagen.net\/index.php?rest_route=\/wp\/v2\/types\/post"}],"author":[{"embeddable":true,"href":"https:\/\/www.diarioimagen.net\/index.php?rest_route=\/wp\/v2\/users\/3"}],"replies":[{"embeddable":true,"href":"https:\/\/www.diarioimagen.net\/index.php?rest_route=%2Fwp%2Fv2%2Fcomments&post=584580"}],"version-history":[{"count":0,"href":"https:\/\/www.diarioimagen.net\/index.php?rest_route=\/wp\/v2\/posts\/584580\/revisions"}],"wp:featuredmedia":[{"embeddable":true,"href":"https:\/\/www.diarioimagen.net\/index.php?rest_route=\/wp\/v2\/media\/584680"}],"wp:attachment":[{"href":"https:\/\/www.diarioimagen.net\/index.php?rest_route=%2Fwp%2Fv2%2Fmedia&parent=584580"}],"wp:term":[{"taxonomy":"category","embeddable":true,"href":"https:\/\/www.diarioimagen.net\/index.php?rest_route=%2Fwp%2Fv2%2Fcategories&post=584580"},{"taxonomy":"post_tag","embeddable":true,"href":"https:\/\/www.diarioimagen.net\/index.php?rest_route=%2Fwp%2Fv2%2Ftags&post=584580"}],"curies":[{"name":"wp","href":"https:\/\/api.w.org\/{rel}","templated":true}]}}