{"id":584582,"date":"2023-05-23T00:01:21","date_gmt":"2023-05-23T06:01:21","guid":{"rendered":"https:\/\/www.diarioimagen.net\/?p=584582"},"modified":"2023-05-23T01:56:17","modified_gmt":"2023-05-23T07:56:17","slug":"alejandra-del-moral-demostro-que-si-tiene-la-capacidad-para-gobernar-afirma-el-prd","status":"publish","type":"post","link":"https:\/\/www.diarioimagen.net\/?p=584582","title":{"rendered":"Alejandra Del Moral demostr\u00f3 que s\u00ed tiene la capacidad para gobernar, afirma el PRD"},"content":{"rendered":"<p>&nbsp;<\/p>\n<ul>\n<li><em><strong>\u201cGobierno de coalici\u00f3n, a la vuelta de la esquina\u201d<\/strong><\/em><\/li>\n<\/ul>\n<p>&nbsp;<\/p>\n<div id=\"attachment_584686\" style=\"width: 470px\" class=\"wp-caption aligncenter\"><a href=\"https:\/\/www.diarioimagen.net\/?attachment_id=584686\" rel=\"attachment wp-att-584686\"><img loading=\"lazy\" decoding=\"async\" aria-describedby=\"caption-attachment-584686\" class=\"size-full wp-image-584686\" src=\"https:\/\/www.diarioimagen.net\/wp-content\/uploads\/2023\/05\/alejandra-del-moral-3.jpg\" alt=\"\" width=\"460\" height=\"270\" \/><\/a><p id=\"caption-attachment-584686\" class=\"wp-caption-text\">Omar Ortega, vocero del PRD en el Estado de M\u00e9xico, dijo que Alejandra Del Moral demostr\u00f3 que s\u00ed tiene capacidad para gobernar.<\/p><\/div>\n<p>&nbsp;<\/p>\n<p><strong>Toluca, Estado de M\u00e9xico.\u2014<\/strong> Ha quedado claro que el primer gobierno de coalici\u00f3n, en nuestro pa\u00eds, est\u00e1 a la vuelta de la esquina, pues por segunda ocasi\u00f3n y ahora de manera m\u00e1s clara, Alejandra Del Moral demostr\u00f3 que tiene la capacidad para gobernar con el mejor programa para solucionar los problemas de los mexiquenses.<\/p>\n<p>Asegur\u00f3 lo anterior Omar Ortega, vocero del PRD en el Estado de M\u00e9xico y coordinador de los diputados del sol azteca, dijo que Alejandra del Moral, explic\u00f3 a detalle y dio datos duros de sus propuestas para combatir la inseguridad, reducir la contaminaci\u00f3n, mejorar la educaci\u00f3n y ayudar a las familias mexiquenses a resolver sus problemas.<\/p>\n<p>\u201cEn el debate se volvi\u00f3 a exhibir la debilidad, improvisaci\u00f3n y la falta de firmeza de la candidata de Morena\u201d, dijo Omar Ortega, al tiempo de resaltar las propuestas de Del Moral, para resolver y proponer soluciones.<\/p>\n<p>\u201cNo habl\u00f3 por hablar, sino que propuso y sent\u00f3 las bases de un programa de gobierno de coalici\u00f3n. Si ustedes ven las propuestas de la candidata de Morena siempre fueron balbuceos, improvisaci\u00f3n y hasta falta de informaci\u00f3n elemental\u201d.<\/p>\n<p>En la parte pol\u00edtica, el legislador con licencia detall\u00f3: \u201cAlejandra Del Moral ya alcanz\u00f3 a Delfina, Ale lo dijo a lo largo del debate, las encuestas de Morena son falsas, y ojo, esta afirmaci\u00f3n nunca la desminti\u00f3 Delfina, por eso, con firmeza y con alegr\u00eda Alejandra anunci\u00f3 su triunfo\u201d<\/p>\n<p>\u201cEn nuestra candidata aplica la frase conocida por todos, caballo que alcanza gana, Ale ya alcanz\u00f3 a Delfina y va a ganar el pr\u00f3ximo 4 de junio\u201d, vaticin\u00f3 Omar Ortega.<\/p>\n","protected":false},"excerpt":{"rendered":"<p>Ha quedado claro que el primer gobierno de coalici\u00f3n, en nuestro pa\u00eds, est\u00e1 a la vuelta de la esquina, pues por segunda ocasi\u00f3n y ahora de manera m\u00e1s clara, Alejandra Del Moral demostr\u00f3 que tiene la capacidad para gobernar con el mejor programa para solucionar los problemas de los mexiquenses.<\/p>\n","protected":false},"author":3,"featured_media":584686,"comment_status":"open","ping_status":"open","sticky":false,"template":"","format":"standard","meta":{"_monsterinsights_skip_tracking":false,"_monsterinsights_sitenote_active":false,"_monsterinsights_sitenote_note":"","_monsterinsights_sitenote_category":0,"footnotes":""},"categories":[5],"tags":[43675,211,452],"class_list":["post-584582","post","type-post","status-publish","format-standard","has-post-thumbnail","hentry","category-estado-de-mexico","tag-estado-de-mexico","tag-prd","tag-toluca"],"_links":{"self":[{"href":"https:\/\/www.diarioimagen.net\/index.php?rest_route=\/wp\/v2\/posts\/584582","targetHints":{"allow":["GET"]}}],"collection":[{"href":"https:\/\/www.diarioimagen.net\/index.php?rest_route=\/wp\/v2\/posts"}],"about":[{"href":"https:\/\/www.diarioimagen.net\/index.php?rest_route=\/wp\/v2\/types\/post"}],"author":[{"embeddable":true,"href":"https:\/\/www.diarioimagen.net\/index.php?rest_route=\/wp\/v2\/users\/3"}],"replies":[{"embeddable":true,"href":"https:\/\/www.diarioimagen.net\/index.php?rest_route=%2Fwp%2Fv2%2Fcomments&post=584582"}],"version-history":[{"count":0,"href":"https:\/\/www.diarioimagen.net\/index.php?rest_route=\/wp\/v2\/posts\/584582\/revisions"}],"wp:featuredmedia":[{"embeddable":true,"href":"https:\/\/www.diarioimagen.net\/index.php?rest_route=\/wp\/v2\/media\/584686"}],"wp:attachment":[{"href":"https:\/\/www.diarioimagen.net\/index.php?rest_route=%2Fwp%2Fv2%2Fmedia&parent=584582"}],"wp:term":[{"taxonomy":"category","embeddable":true,"href":"https:\/\/www.diarioimagen.net\/index.php?rest_route=%2Fwp%2Fv2%2Fcategories&post=584582"},{"taxonomy":"post_tag","embeddable":true,"href":"https:\/\/www.diarioimagen.net\/index.php?rest_route=%2Fwp%2Fv2%2Ftags&post=584582"}],"curies":[{"name":"wp","href":"https:\/\/api.w.org\/{rel}","templated":true}]}}