{"id":584586,"date":"2023-05-23T00:03:59","date_gmt":"2023-05-23T06:03:59","guid":{"rendered":"https:\/\/www.diarioimagen.net\/?p=584586"},"modified":"2023-05-23T01:54:31","modified_gmt":"2023-05-23T07:54:31","slug":"intensifica-prd-en-naucalpan-capacitacion-electoral-en-sus-estructuras","status":"publish","type":"post","link":"https:\/\/www.diarioimagen.net\/?p=584586","title":{"rendered":"Intensifica PRD en Naucalpan capacitaci\u00f3n electoral en sus estructuras"},"content":{"rendered":"<p>&nbsp;<\/p>\n<p><a href=\"https:\/\/www.diarioimagen.net\/?attachment_id=584682\" rel=\"attachment wp-att-584682\"><img loading=\"lazy\" decoding=\"async\" class=\"aligncenter size-full wp-image-584682\" src=\"https:\/\/www.diarioimagen.net\/wp-content\/uploads\/2023\/05\/intensifica-prd.jpg\" alt=\"\" width=\"460\" height=\"270\" \/><\/a><\/p>\n<p>&nbsp;<\/p>\n<p><strong>Naucalpan, Estado de M\u00e9xico.\u2014 <\/strong>El PRD intensific\u00f3 su programa de capacitaci\u00f3n electoral a sus estructuras de representaci\u00f3n. En diferentes frentes, la organizaci\u00f3n pol\u00edtica viene realizando el curso tanto a representantes generales como de casilla, quienes actuar\u00e1n el domingo 4 de junio en la defensa del estado de M\u00e9xico.<\/p>\n<p>Los trabajos no desmeritan y la capacitaci\u00f3n es casa por casa, o en reuniones vecinales a fin de contar con una estructura s\u00f3lida y sobre todo confiable. Lucina Cort\u00e9s Cornejo, dirigente municipal del Partido del Sol Azteca en Naucalpan destac\u00f3 la importancia llevar la capacitaci\u00f3n electoral de primera mano a sus cuadros de representaci\u00f3n.<\/p>\n","protected":false},"excerpt":{"rendered":"<p>El PRD intensific\u00f3 su programa de capacitaci\u00f3n electoral a sus estructuras de representaci\u00f3n. En diferentes frentes, la organizaci\u00f3n pol\u00edtica viene realizando el curso tanto a representantes generales como de casilla, quienes actuar\u00e1n el domingo 4 de junio en la defensa del estado de M\u00e9xico.<\/p>\n","protected":false},"author":3,"featured_media":584682,"comment_status":"open","ping_status":"open","sticky":false,"template":"","format":"standard","meta":{"_monsterinsights_skip_tracking":false,"_monsterinsights_sitenote_active":false,"_monsterinsights_sitenote_note":"","_monsterinsights_sitenote_category":0,"footnotes":""},"categories":[5],"tags":[25972,211],"class_list":["post-584586","post","type-post","status-publish","format-standard","has-post-thumbnail","hentry","category-estado-de-mexico","tag-capacitacion","tag-prd"],"_links":{"self":[{"href":"https:\/\/www.diarioimagen.net\/index.php?rest_route=\/wp\/v2\/posts\/584586","targetHints":{"allow":["GET"]}}],"collection":[{"href":"https:\/\/www.diarioimagen.net\/index.php?rest_route=\/wp\/v2\/posts"}],"about":[{"href":"https:\/\/www.diarioimagen.net\/index.php?rest_route=\/wp\/v2\/types\/post"}],"author":[{"embeddable":true,"href":"https:\/\/www.diarioimagen.net\/index.php?rest_route=\/wp\/v2\/users\/3"}],"replies":[{"embeddable":true,"href":"https:\/\/www.diarioimagen.net\/index.php?rest_route=%2Fwp%2Fv2%2Fcomments&post=584586"}],"version-history":[{"count":0,"href":"https:\/\/www.diarioimagen.net\/index.php?rest_route=\/wp\/v2\/posts\/584586\/revisions"}],"wp:featuredmedia":[{"embeddable":true,"href":"https:\/\/www.diarioimagen.net\/index.php?rest_route=\/wp\/v2\/media\/584682"}],"wp:attachment":[{"href":"https:\/\/www.diarioimagen.net\/index.php?rest_route=%2Fwp%2Fv2%2Fmedia&parent=584586"}],"wp:term":[{"taxonomy":"category","embeddable":true,"href":"https:\/\/www.diarioimagen.net\/index.php?rest_route=%2Fwp%2Fv2%2Fcategories&post=584586"},{"taxonomy":"post_tag","embeddable":true,"href":"https:\/\/www.diarioimagen.net\/index.php?rest_route=%2Fwp%2Fv2%2Ftags&post=584586"}],"curies":[{"name":"wp","href":"https:\/\/api.w.org\/{rel}","templated":true}]}}