{"id":584618,"date":"2023-05-23T00:08:33","date_gmt":"2023-05-23T06:08:33","guid":{"rendered":"https:\/\/www.diarioimagen.net\/?p=584618"},"modified":"2023-05-22T23:36:41","modified_gmt":"2023-05-23T05:36:41","slug":"el-pri-y-su-ultimo-bastion","status":"publish","type":"post","link":"https:\/\/www.diarioimagen.net\/?p=584618","title":{"rendered":"El PRI y su \u00faltimo basti\u00f3n"},"content":{"rendered":"<h2>Punto por punto<\/h2>\n<h5>Augusto Corro<\/h5>\n<p>&nbsp;<\/p>\n<p>El pr\u00f3ximo 4 de junio podr\u00eda conocerse el futuro del Partido Revolucionario Institucional (PRI).<\/p>\n<p>Depender\u00e1 mucho de lo que ocurra en las elecciones que se llevar\u00e1n a cabo en el Estado de M\u00e9xico (Edomex).<\/p>\n<p>Como informamos, en la citada entidad se votar\u00e1 por un nuevo gobernador.<\/p>\n<p>Las aspirantes al cargo son Delfina G\u00f3mez (Morena) y Alejandra Del Moral (PRI). La primera encabeza las encuestas de las preferencias electorales.<\/p>\n<p>Entre otras cosas, el Edomex es el \u00faltimo basti\u00f3n de los priistas que en tiempos recientes pasaron a formarse en la fila de los perdedores.<\/p>\n<p>Es vital para los tricolores obtener la victoria que parece imposible.<\/p>\n<p>Sin embargo, los dirigentes de la alianza Va por M\u00e9xico se encuentran esperanzados en el triunfo.<\/p>\n<p>El Edomex fue el reducto del PRI por d\u00e9cadas; pero empez\u00f3 a declinar a partir de 2000 cuando Acci\u00f3n Nacional le arrebat\u00f3 la Presidencia de la Rep\u00fablica.<\/p>\n<p>Parec\u00eda que con el presidente Enrique Pe\u00f1a Nieto, el todopoderoso instituto pol\u00edtico podr\u00eda recuperar su fuerza.<\/p>\n<p>No ocurri\u00f3 as\u00ed. Al contrario, se debilit\u00f3 m\u00e1s.<\/p>\n<p>Su dirigencia se vio obligada a borrar barreras ideol\u00f3gicas y llev\u00f3 al partido a alianzas pol\u00edticas con panistas, priistas y perredistas: de todos los colores.<\/p>\n<p>Esa coalici\u00f3n no le funcion\u00f3 como hubieran querido en las elecciones intermedias. S\u00f3lo en la Ciudad de M\u00e9xico les fue regular al ganar algunas alcald\u00edas.<\/p>\n<p>En las elecciones del pr\u00f3ximo 4 de junio, ser\u00e1 diferente. El \u00faltimo basti\u00f3n, el coraz\u00f3n, del priismo podr\u00eda caer.<\/p>\n<p>Y en la ca\u00edda se llevar\u00eda a los l\u00edderes priistas que poco o nada hicieron para sacar a su partido del hoyo en el que lo mantienen.<\/p>\n<p>Ser\u00e1 muy importante conocer qui\u00e9n de los dirigentes pol\u00edticos se responsabilizar\u00e1 de la derrota que se ve venir.<\/p>\n<p>\u00bfSer\u00e1 el dirigente priista Alejandro Moreno (a) \u201cAlito\u201d quien cargue con la culpa?<\/p>\n<p>Es posible. Adem\u00e1s, esa p\u00e9rdida no le ayudar\u00e1 en la b\u00fasqueda por la candidatura a la presidencia de la Rep\u00fablica que encabeza el PAN.<\/p>\n<p>En las dos elecciones estatales de este a\u00f1o, la alianza PAN, PRI y PRD acord\u00f3 que los priistas las organizaran; es decir en Coahuila y en el Edomex.<\/p>\n<p>Y para los comicios de la Ciudad de M\u00e9xico y la contienda electoral de las presidenciales estar\u00e1n a cargo de los panistas.<\/p>\n<p>Sin duda, a los blanquiazules les toc\u00f3 una mayor responsabilidad, que se ignora como la resolver\u00e1n.<\/p>\n<p>En la grilla de la coalici\u00f3n, el dirigente de Acci\u00f3n Nacional, Marko Cort\u00e9s, tendr\u00e1 que controlar a \u201cAlito\u201d, quien aprovechar\u00e1 la situaci\u00f3n de privilegio que tiene en su partido, tratar\u00e1 de ser el candidato designado para las presidenciales de 2024.<\/p>\n<p>Por otra parte, el citado Marko Cort\u00e9s no hace caso de abrir las puertas de su partido a la sociedad civil.<\/p>\n<p>El dirigente panista est\u00e1 presionado por los aspirantes presidenciales de Acci\u00f3n Nacional para que la oposici\u00f3n designe al candidato.<\/p>\n<p>Como se ve, Marko Cort\u00e9s se encuentra cargado de problemas, entre estos est\u00e1 el control de \u201cAlito\u201d, una vez que se conozca el resultado de las elecciones en el Edomex.<\/p>\n<p>\u00bfC\u00f3mo actuar\u00e1 el l\u00edder priista tras una posible derrota?<\/p>\n<p>Tambi\u00e9n habr\u00e1 que estar muy pendientes de las reacciones de la clase pol\u00edtica en general, porque lo que ocurra en el Edomex podr\u00eda influir en las elecciones presidenciales del pr\u00f3ximo a\u00f1o.<\/p>\n<p>La alianza PAN, PRI y PRD deber\u00e1 participar muy unidad si quiere presentar una lucha digna frente a Morena. Por supuesto, los priistas deber\u00e1n presentar un frente solidario en la defensa de su \u00faltimo basti\u00f3n.<\/p>\n<p>\u00bfUsted que opina amable lector?<\/p>\n<p><a href=\"mailto:augustocorro2742@gmail.com\" target=\"_blank\" rel=\"noopener\"><em>augustocorro2742@gmail.com<\/em><\/a><\/p>\n","protected":false},"excerpt":{"rendered":"<p><span style=\"color: #005497;\"><strong>Augusto Corro<\/strong><\/span><\/p>\n","protected":false},"author":3,"featured_media":0,"comment_status":"open","ping_status":"open","sticky":false,"template":"","format":"standard","meta":{"_monsterinsights_skip_tracking":false,"_monsterinsights_sitenote_active":false,"_monsterinsights_sitenote_note":"","_monsterinsights_sitenote_category":0,"footnotes":""},"categories":[157],"tags":[43686,43674,11515],"class_list":["post-584618","post","type-post","status-publish","format-standard","hentry","category-augusto-corro","tag-augusto-corro","tag-opinion","tag-punto-por-punto"],"_links":{"self":[{"href":"https:\/\/www.diarioimagen.net\/index.php?rest_route=\/wp\/v2\/posts\/584618","targetHints":{"allow":["GET"]}}],"collection":[{"href":"https:\/\/www.diarioimagen.net\/index.php?rest_route=\/wp\/v2\/posts"}],"about":[{"href":"https:\/\/www.diarioimagen.net\/index.php?rest_route=\/wp\/v2\/types\/post"}],"author":[{"embeddable":true,"href":"https:\/\/www.diarioimagen.net\/index.php?rest_route=\/wp\/v2\/users\/3"}],"replies":[{"embeddable":true,"href":"https:\/\/www.diarioimagen.net\/index.php?rest_route=%2Fwp%2Fv2%2Fcomments&post=584618"}],"version-history":[{"count":0,"href":"https:\/\/www.diarioimagen.net\/index.php?rest_route=\/wp\/v2\/posts\/584618\/revisions"}],"wp:attachment":[{"href":"https:\/\/www.diarioimagen.net\/index.php?rest_route=%2Fwp%2Fv2%2Fmedia&parent=584618"}],"wp:term":[{"taxonomy":"category","embeddable":true,"href":"https:\/\/www.diarioimagen.net\/index.php?rest_route=%2Fwp%2Fv2%2Fcategories&post=584618"},{"taxonomy":"post_tag","embeddable":true,"href":"https:\/\/www.diarioimagen.net\/index.php?rest_route=%2Fwp%2Fv2%2Ftags&post=584618"}],"curies":[{"name":"wp","href":"https:\/\/api.w.org\/{rel}","templated":true}]}}