{"id":584708,"date":"2023-05-24T00:01:52","date_gmt":"2023-05-24T06:01:52","guid":{"rendered":"https:\/\/www.diarioimagen.net\/?p=584708"},"modified":"2023-05-24T22:54:33","modified_gmt":"2023-05-25T04:54:33","slug":"ya-perdimos-a-la-corte-dice-lopez-obrador-tras-anulacion-de-su-decreto-que-blindaba-obras","status":"publish","type":"post","link":"https:\/\/www.diarioimagen.net\/?p=584708","title":{"rendered":"\u201cYa perdimos a la Corte\u201d, dice L\u00f3pez Obrador tras anulaci\u00f3n de su decreto que blindaba obras"},"content":{"rendered":"<p><strong>\u00a0<\/strong><\/p>\n<h3 style=\"text-align: center;\">\u201cLa SCJN ha estado alejada del pueblo\u201d<\/h3>\n<p>&nbsp;<\/p>\n<ul>\n<li><strong><em>Existe un divorcio entre sus decisiones y el inter\u00e9s p\u00fablico, afirma el Presidente<\/em><\/strong><\/li>\n<\/ul>\n<p>&nbsp;<\/p>\n<div id=\"attachment_584820\" style=\"width: 470px\" class=\"wp-caption aligncenter\"><a href=\"https:\/\/www.diarioimagen.net\/?attachment_id=584820\" rel=\"attachment wp-att-584820\"><img loading=\"lazy\" decoding=\"async\" aria-describedby=\"caption-attachment-584820\" class=\"size-full wp-image-584820\" src=\"https:\/\/www.diarioimagen.net\/wp-content\/uploads\/2023\/05\/amlo-10.jpg\" alt=\"\" width=\"460\" height=\"270\" \/><\/a><p id=\"caption-attachment-584820\" class=\"wp-caption-text\">El presidente Andr\u00e9s Manuel L\u00f3pez Obrador acus\u00f3 que los ministros de la Corte no respetan la Constituci\u00f3n y s\u00f3lo sirven a minor\u00edas que buscan descarrilar su proyecto de naci\u00f3n.<\/p><\/div>\n<p>&nbsp;<\/p>\n<p>Luego del fallo de la Suprema Corte de Justicia de la Naci\u00f3n (SCJN) de anular por completo el decreto que declaraba como de seguridad nacional las obras estrat\u00e9gicas, el presidente Andr\u00e9s Manuel L\u00f3pez Obrador se\u00f1al\u00f3 que se confirma que \u201cya perdimos a la Corte\u201d, porque existe un divorcio entre sus decisiones y el inter\u00e9s p\u00fablico.<\/p>\n<p>\u201cCreo que siempre hab\u00eda estado alejada del pueblo y cercana al poder, pero ahora de manera descarada. Est\u00e1n al servicio de los potentados, de las minor\u00edas, de lo que conceptualmente se conoce como la oligarqu\u00eda, el poder de los ricos\u201d.<\/p>\n<p>Para el mandatario, la decisi\u00f3n confirma su inclinaci\u00f3n para defender los intereses particulares, sin tener aprecio al inter\u00e9s p\u00fablico. Nada les importa, dijo, \u201ces como vivir en otro mundo, existe un divorcio completo entre este aparato que simula impartir justicia y las necesidades de la mayor\u00eda de los mexicanos\u201d.<\/p>\n<p>Sin embargo, desestim\u00f3 sus efectos porque como ya sab\u00eda que la resoluci\u00f3n vendr\u00eda en este sentido, se anticip\u00f3 para emitir un nuevo decreto que busca garantizar la continuidad de las obras estrat\u00e9gicas.<\/p>\n<p>\u201c Ya sab\u00edamos que iban a tratar de frenarnos en la construcci\u00f3n de estas obras estrat\u00e9gicas. No estoy hablando al tanteo, no estoy inventando nada. Todos los amparos a las obras que realizamos se promueven con un grupo vinculado a los jueces, magistrados y ministros. Existe una asociaci\u00f3n de abogados con estas caracter\u00edsticas que est\u00e1 dedicada a promover amparos contra las obras que realizamos, desde la construcci\u00f3n del Aeropuerto Felipe Angeles\u201d.<\/p>\n<p>Acus\u00f3 que hay un conjunto de abogados que sistem\u00e1ticamente han promovido amparos como el ex ministro de la Corte, Jos\u00e9 Ram\u00f3n Coss\u00edo, el abogado Miguel Carbonell o el ex secretario de Gobernaci\u00f3n, con Felipe Calder\u00f3n, Fernando G\u00f3mez Montt. Todos ellos, cuya principal estrategia es el tr\u00e1fico de influencias..<\/p>\n<p>Ante las posturas de algunos ministros de que continuar\u00e1n defendiendo la Constituci\u00f3n, L\u00f3pez Obrador dijo que son los primeros en vulnerar porque violan el art\u00edculo 117 constitucional, que establece que nadie puede ganar m\u00e1s que el presidente y ellos devengan 4 o 5 veces m\u00e1s que \u00e9l.<\/p>\n<p>\u201cEllos no defienden la Constituci\u00f3n, ellos defienden sus intereses y los intereses, pero no, se sent\u00edan due\u00f1os de M\u00e9xico, esta es una mentira. Ellos no defienden la Constituci\u00f3n, tan no la defienden que ellos la violan, no estoy inventando nada. Hay un art\u00edculo en la Constituci\u00f3n el 117 que establece que ning\u00fan funcionario puede ganar m\u00e1s que lo que gana el presidente de la Rep\u00fablica y ellos ganan cuatro, cinco veces m\u00e1s de lo que yo gano y con argucias legaloides.<\/p>\n<p>\u201cEllos tienen esos privilegios, violando flagrantemente la Constituci\u00f3n entonces que no vengan aqu\u00ed con demagogia porque ya no es ese tiempo de que enga\u00f1aba\u201d, revir\u00f3 el mandatario federal.<\/p>\n<p>Por ello reiter\u00f3 que es necesario impulsar una reforma al Poder Judicial y ratific\u00f3 la viabilidad de elegir a los ministros, mediante propuestas de los Tres Poderes de la Uni\u00f3n, con requisitos m\u00ednimos que en ese caso podr\u00eda ser contar con maestr\u00eda o doctorado en derecho. Se dar\u00eda tiempo para conocer sus propuestas y difundir sus trayectorias.<\/p>\n<p style=\"text-align: center;\"><strong>AMLO presume su alta aprobaci\u00f3n en encuesta<\/strong><\/p>\n<p>El presidente L\u00f3pez Obrador dedic\u00f3 buena parte de su conferencia ma\u00f1anera a presumir una encuesta realizada por Buend\u00eda y M\u00e1rquez para el peri\u00f3dico <em>El Universal<\/em> donde tiene un 65% de aprobaci\u00f3n a su mandato mientras que un 26% lo rechaza.<\/p>\n<p>El primer mandatario dijo: \u201cHay mucha propaganda por las elecciones, inventan, ya se derrumb\u00f3 el gobierno, no voy a decir porque nos vayan a multar, pero miren c\u00f3mo estamos, vamos a presumir, 65% de aprobaci\u00f3n y 26% de desaprobaci\u00f3n. \u00bfC\u00f3mo van a avanzar los conservadores si no hacen nada a favor del pueblo?<\/p>\n<p>\u201cSiempre he dicho hay gobiernos que dan y hay gobiernos que quitan, el gobierno nuestro es un gobierno que da, para que no and\u00e9n buscando explicaciones tan complejas, sofisticadas, es esto, gobernar para el pueblo, mandar obedeciendo\u201d, afirm\u00f3.<\/p>\n<p>\u201c\u00bfQui\u00e9n se puede sentir perjudicado? Los de mero arriba, todos han obtenido ganancias l\u00edcitas. Perjudicados pueden ser los que se dedicaban a robar. Est\u00e1 bien la encuesta, ofrezco disculpas porque todav\u00eda no se levantan los \u2018fif\u00eds\u2019, pero no van a desayunar bien\u201d, ironiz\u00f3.<\/p>\n","protected":false},"excerpt":{"rendered":"<p>Luego del fallo de la Suprema Corte de Justicia de la Naci\u00f3n (SCJN) de anular por completo el decreto que declaraba como de seguridad nacional las obras estrat\u00e9gicas, el presidente Andr\u00e9s Manuel L\u00f3pez Obrador se\u00f1al\u00f3 que se confirma que \u201cya perdimos a la Corte\u201d, porque existe un divorcio entre sus decisiones y el inter\u00e9s p\u00fablico.<\/p>\n","protected":false},"author":3,"featured_media":584820,"comment_status":"open","ping_status":"open","sticky":false,"template":"","format":"standard","meta":{"_monsterinsights_skip_tracking":false,"_monsterinsights_sitenote_active":false,"_monsterinsights_sitenote_note":"","_monsterinsights_sitenote_category":0,"footnotes":""},"categories":[3],"tags":[2545,97936,69262],"class_list":["post-584708","post","type-post","status-publish","format-standard","has-post-thumbnail","hentry","category-nacional","tag-amlo","tag-perdimos","tag-suprema-corte-de-la-nacion"],"_links":{"self":[{"href":"https:\/\/www.diarioimagen.net\/index.php?rest_route=\/wp\/v2\/posts\/584708","targetHints":{"allow":["GET"]}}],"collection":[{"href":"https:\/\/www.diarioimagen.net\/index.php?rest_route=\/wp\/v2\/posts"}],"about":[{"href":"https:\/\/www.diarioimagen.net\/index.php?rest_route=\/wp\/v2\/types\/post"}],"author":[{"embeddable":true,"href":"https:\/\/www.diarioimagen.net\/index.php?rest_route=\/wp\/v2\/users\/3"}],"replies":[{"embeddable":true,"href":"https:\/\/www.diarioimagen.net\/index.php?rest_route=%2Fwp%2Fv2%2Fcomments&post=584708"}],"version-history":[{"count":0,"href":"https:\/\/www.diarioimagen.net\/index.php?rest_route=\/wp\/v2\/posts\/584708\/revisions"}],"wp:featuredmedia":[{"embeddable":true,"href":"https:\/\/www.diarioimagen.net\/index.php?rest_route=\/wp\/v2\/media\/584820"}],"wp:attachment":[{"href":"https:\/\/www.diarioimagen.net\/index.php?rest_route=%2Fwp%2Fv2%2Fmedia&parent=584708"}],"wp:term":[{"taxonomy":"category","embeddable":true,"href":"https:\/\/www.diarioimagen.net\/index.php?rest_route=%2Fwp%2Fv2%2Fcategories&post=584708"},{"taxonomy":"post_tag","embeddable":true,"href":"https:\/\/www.diarioimagen.net\/index.php?rest_route=%2Fwp%2Fv2%2Ftags&post=584708"}],"curies":[{"name":"wp","href":"https:\/\/api.w.org\/{rel}","templated":true}]}}