{"id":584719,"date":"2023-05-24T00:01:43","date_gmt":"2023-05-24T06:01:43","guid":{"rendered":"https:\/\/www.diarioimagen.net\/?p=584719"},"modified":"2023-05-24T22:55:31","modified_gmt":"2023-05-25T04:55:31","slug":"deporte-complemento-de-la-formacion-universitaria-cebd","status":"publish","type":"post","link":"https:\/\/www.diarioimagen.net\/?p=584719","title":{"rendered":"Deporte, complemento de la formaci\u00f3n universitaria: CEBD"},"content":{"rendered":"<p><strong>\u00a0<\/strong><\/p>\n<ul>\n<li><em><strong>\u00a1Rumbo a la Universiada Nacional 2023!<\/strong><\/em><\/li>\n<\/ul>\n<p><strong>\u00a0<\/strong><\/p>\n<div id=\"attachment_584833\" style=\"width: 470px\" class=\"wp-caption aligncenter\"><a href=\"https:\/\/www.diarioimagen.net\/?attachment_id=584833\" rel=\"attachment wp-att-584833\"><img loading=\"lazy\" decoding=\"async\" aria-describedby=\"caption-attachment-584833\" class=\"size-full wp-image-584833\" src=\"https:\/\/www.diarioimagen.net\/wp-content\/uploads\/2023\/05\/uaem-deporte.jpg\" alt=\"\" width=\"460\" height=\"270\" \/><\/a><p id=\"caption-attachment-584833\" class=\"wp-caption-text\">Un contingente de 114 atletas universitarios de 16 disciplinas, tomar\u00e1 parte en el evento que se celebrar\u00e1 en Sonora, del 29 de mayo al 15 de junio.<\/p><\/div>\n<div id=\"attachment_584833\" style=\"width: 470px\" class=\"wp-caption aligncenter\"><a href=\"https:\/\/www.diarioimagen.net\/?attachment_id=584833\" rel=\"attachment wp-att-584833\"><img loading=\"lazy\" decoding=\"async\" aria-describedby=\"caption-attachment-584833\" class=\"size-full wp-image-584833\" src=\"https:\/\/www.diarioimagen.net\/wp-content\/uploads\/2023\/05\/uaem-deporte.jpg\" alt=\"\" width=\"460\" height=\"270\" \/><\/a><p id=\"caption-attachment-584833\" class=\"wp-caption-text\">Un contingente de 114 atletas universitarios de 16 disciplinas, tomar\u00e1 parte en el evento que se celebrar\u00e1 en Sonora, del 29 de mayo al 15 de junio.<\/p><\/div>\n<p>&nbsp;<\/p>\n<p><strong>Toluca, Estado de M\u00e9xico.\u2013<\/strong> \u201cEncontremos en el deporte, el pretexto perfecto para crear entornos positivos, que sean complemento de una s\u00f3lida formaci\u00f3n acad\u00e9mica para alcanzar el equilibrio entre mente y cuerpo\u201d, se\u00f1al\u00f3 el rector de la Universidad Aut\u00f3noma del Estado de M\u00e9xico (UAEM\u00e9x), Carlos Eduardo Barrera D\u00edaz, al abanderar al contingente universitario compuesto por 114 atletas que participar\u00e1 en la Universiada Nacional 2023, a celebrarse en Sonora del 29 de mayo al 15 de junio.<\/p>\n<p>En el acto, que tuvo como sede el Gimnasio Universitario \u201cLic. Adolfo L\u00f3pez Mateos\u201d, el rector Barrera D\u00edaz conmin\u00f3 a las y los deportistas auriverdes a participar con convicci\u00f3n, valor y certeza para representar a toda la comunidad universitaria.<\/p>\n<p>En esta Universidad, dijo, buscamos una formaci\u00f3n integral para los estudiantes, no s\u00f3lo en el aula sino en el aspecto humano, \u00e9tico, cultural y deportivo. \u201cJueguen con todo, con el alma, es hora de demostrar nuestra fortaleza\u201d, subray\u00f3.<\/p>\n<p>En total, 114 deportistas universitarios estar\u00e1n participando en 16 disciplinas: atletismo, b\u00e1dminton, boxeo universitario, escalada deportiva, esgrima, f\u00fatbol bardas femenil, gimnasia aer\u00f3bica, judo, levantamiento de pesas, lucha universitaria, tae kwon do, tenis de mesa, tiro con arco, tocho bandera varonil, triatl\u00f3n y voleibol de playa.<\/p>\n<p>Al respecto, el secretario de Rector\u00eda, Marco Aurelio Cienfuegos Terr\u00f3n, destac\u00f3 el papel que hist\u00f3ricamente han tenido los atletas universitarios en esta competencia nacional y lo que asegur\u00f3 que este a\u00f1o no ser\u00e1 la excepci\u00f3n.<\/p>\n<p>\u201cLa administraci\u00f3n que encabeza el rector Carlos Eduardo Barrera D\u00edaz, est\u00e1 comprometida con el desarrollo integral de su comunidad, para que sus futuros profesionistas, se desenvuelvan con principios y valores cultivados en el deporte, como el trabajo en equipo, el compromiso, el liderazgo y el respeto hacia los dem\u00e1s\u201d, detall\u00f3.<\/p>\n<p>En su oportunidad, la deportista de la disciplina de judo, Katia Castillo Bustos, fue la encargada de dar el mensaje en representaci\u00f3n de los atletas universitarios, quienes, refiri\u00f3, dar\u00e1n su mejor esfuerzo en esta justa deportiva estudiantil.<\/p>\n<p>En el abanderamiento estuvieron presentes el Director de Cultura F\u00edsica y Deporte, Luis Antonio Zimbr\u00f3n Romero; la alumna de la Facultad de Planeaci\u00f3n Urbana y Regional y seleccionada universitaria de judo, Katia Castillo Bustos; as\u00ed como, Daniel L\u00f3pez Gonz\u00e1lez, alumno del Centro Universitario UAEM Temascaltepec y seleccionado universitario de atletismo, adem\u00e1s de integrantes del gabinete universitario.<\/p>\n","protected":false},"excerpt":{"rendered":"<p>\u201cEncontremos en el deporte, el pretexto perfecto para crear entornos positivos, que sean complemento de una s\u00f3lida formaci\u00f3n acad\u00e9mica para alcanzar el equilibrio entre mente y cuerpo\u201d, se\u00f1al\u00f3 el rector de la Universidad Aut\u00f3noma del Estado de M\u00e9xico (UAEM\u00e9x), Carlos Eduardo Barrera D\u00edaz, al abanderar al contingente universitario compuesto por 114 atletas que participar\u00e1 en la Universiada Nacional 2023, a celebrarse en Sonora del 29 de mayo al 15 de junio.<\/p>\n","protected":false},"author":3,"featured_media":584833,"comment_status":"open","ping_status":"open","sticky":false,"template":"","format":"standard","meta":{"_monsterinsights_skip_tracking":false,"_monsterinsights_sitenote_active":false,"_monsterinsights_sitenote_note":"","_monsterinsights_sitenote_category":0,"footnotes":""},"categories":[5],"tags":[94121,43680,67878],"class_list":["post-584719","post","type-post","status-publish","format-standard","has-post-thumbnail","hentry","category-estado-de-mexico","tag-cebd","tag-deportes","tag-uaemex"],"_links":{"self":[{"href":"https:\/\/www.diarioimagen.net\/index.php?rest_route=\/wp\/v2\/posts\/584719","targetHints":{"allow":["GET"]}}],"collection":[{"href":"https:\/\/www.diarioimagen.net\/index.php?rest_route=\/wp\/v2\/posts"}],"about":[{"href":"https:\/\/www.diarioimagen.net\/index.php?rest_route=\/wp\/v2\/types\/post"}],"author":[{"embeddable":true,"href":"https:\/\/www.diarioimagen.net\/index.php?rest_route=\/wp\/v2\/users\/3"}],"replies":[{"embeddable":true,"href":"https:\/\/www.diarioimagen.net\/index.php?rest_route=%2Fwp%2Fv2%2Fcomments&post=584719"}],"version-history":[{"count":0,"href":"https:\/\/www.diarioimagen.net\/index.php?rest_route=\/wp\/v2\/posts\/584719\/revisions"}],"wp:featuredmedia":[{"embeddable":true,"href":"https:\/\/www.diarioimagen.net\/index.php?rest_route=\/wp\/v2\/media\/584833"}],"wp:attachment":[{"href":"https:\/\/www.diarioimagen.net\/index.php?rest_route=%2Fwp%2Fv2%2Fmedia&parent=584719"}],"wp:term":[{"taxonomy":"category","embeddable":true,"href":"https:\/\/www.diarioimagen.net\/index.php?rest_route=%2Fwp%2Fv2%2Fcategories&post=584719"},{"taxonomy":"post_tag","embeddable":true,"href":"https:\/\/www.diarioimagen.net\/index.php?rest_route=%2Fwp%2Fv2%2Ftags&post=584719"}],"curies":[{"name":"wp","href":"https:\/\/api.w.org\/{rel}","templated":true}]}}