{"id":584795,"date":"2023-05-24T00:03:14","date_gmt":"2023-05-24T06:03:14","guid":{"rendered":"https:\/\/www.diarioimagen.net\/?p=584795"},"modified":"2023-05-24T01:05:37","modified_gmt":"2023-05-24T07:05:37","slug":"fichitas-morenas-inamovibles","status":"publish","type":"post","link":"https:\/\/www.diarioimagen.net\/?p=584795","title":{"rendered":"\u201cFichitas\u201d morenas inamovibles"},"content":{"rendered":"<h2>Espacio Electoral<\/h2>\n<h5>Eleazar Flores<\/h5>\n<p>&nbsp;<\/p>\n<p><strong>AUN AS\u00cd, INAMOVIBLES-.<\/strong> Claro que hay muchos temas a tratar como la confrontaci\u00f3n presidencial contra la Suprema Corte de Justicia de la Naci\u00f3n y el asesinato del sacerdote agustino Javier Garc\u00eda Villafa\u00f1a, s\u00f3lo 24 horas despu\u00e9s de haberse salvado de un atentado el arzobispo de Durango Faustino Armando Jim\u00e9nez, pero las FICHITAS morenas que extinguen Notimex y Conade, no son cosa menor.<\/p>\n<p>Y es que no obstante la fuerte ineptitud de ambas -no de su actividades primarias sino como funcionarias-, con su desempe\u00f1o y hechos confirman lo que su patr\u00f3n pregona desde su ronco pecho, noventa por ciento de lealtad y diez por ciento de eficiencia, lo que en este caso es decir mucho.<\/p>\n<p><strong>NOTIMEX-.<\/strong> Se recuerda y reitera con nostalgia la calidad reporteril de la neolonesa Sanjuana Mart\u00ednez Montemayor, con premios internacionales y nacionales de periodismo, y sus destacadas colaboraciones semanales en la secci\u00f3n internacional de la revista Proceso, en su calidad de corresponsal, preferentemente en Espa\u00f1a o desde ah\u00ed escribiendo acerca de muchos pa\u00edses.<\/p>\n<p>Los ingenuos, como yo comprender\u00e9, cre\u00edamos que con su nombramiento como directora de Notimex esta agencia de noticias rebasar\u00eda sus altos niveles de cobertura en forma plural, pero en pocas semanas nos desenga\u00f1\u00f3 con su desempe\u00f1o hostil contra sus compa\u00f1eros periodistas, en quienes vio a sus principales rivales, originando conflictos, huelga; hasta su inminente liquidaci\u00f3n.<\/p>\n<p><strong>CONADE-.<\/strong> El nombramiento de la sonorense Ana Gabriela Guevara Espinoza como nueva directora de la Comisi\u00f3n Nacional de Cultura F\u00edsica y Deporte, Conade, fue de los mejores anuncios recibidos por la comunidad deportiva del pa\u00eds, pues habiendo conquistado medalla de plata ol\u00edmpica en 2004, en Grecia y campeona mundial de los 400 metros no era cosa menor, alcanzando el calificativo de LA M\u00c1S VELOZ DEL MUNDO.<\/p>\n<p>\u00a1Oh decepci\u00f3n!, la Guevara lleg\u00f3 a la Conade y empez\u00f3 a correr personal con mucha antig\u00fcedad en el sector para meter a su gente de confianza, no siempre las mejores para sus nuevos encargos, pero con el requisito indispensable en la Cuarta Transformaci\u00f3n, lealtad antes que eficiencia y protegiendo a sus conocidos a costa de todo, contra viento y marea<\/p>\n<p>Deportistas de casi todas las disciplinas, a lo largo de cuatro a\u00f1os, se han venido quejando de las pol\u00edticas de trabajo de la Guevara, pero lo que reg\u00f3 la gota del vaso fue el marcado DESAPOYO a las nadadoras y clavadistas, a quienes por respuesta pol\u00edtica contesta fuerte \u201cpor mi que vendan calzones, tupperware\u201d y dem\u00e1s, imag\u00ednese lo que dijo en voz baja que nadie o pocos oyeron, pues sus cercanos saben de su lenguaje \u201csingular\u201d.<\/p>\n<p>Pero ambas FICHITAS MORENAS son inamovibles\u00a0 pues ya no son iguales, son peores. \u00bf y el deporte y el periodismo oficial?\u2026 bien gracias.<\/p>\n<p><em><a href=\"mailto:elefa44@gmail.com\" target=\"_blank\" rel=\"noopener noreferrer\">elefa44@gmail.com<\/a><\/em><\/p>\n","protected":false},"excerpt":{"rendered":"<p><span style=\"color: #005497;\"><strong>Eleazar Flores<\/strong><\/span><\/p>\n","protected":false},"author":3,"featured_media":0,"comment_status":"open","ping_status":"open","sticky":false,"template":"","format":"standard","meta":{"_monsterinsights_skip_tracking":false,"_monsterinsights_sitenote_active":false,"_monsterinsights_sitenote_note":"","_monsterinsights_sitenote_category":0,"footnotes":""},"categories":[81743],"tags":[81744,81776,43674],"class_list":["post-584795","post","type-post","status-publish","format-standard","hentry","category-eleazar-flores","tag-eleazar-flores","tag-espacio-electoral","tag-opinion"],"_links":{"self":[{"href":"https:\/\/www.diarioimagen.net\/index.php?rest_route=\/wp\/v2\/posts\/584795","targetHints":{"allow":["GET"]}}],"collection":[{"href":"https:\/\/www.diarioimagen.net\/index.php?rest_route=\/wp\/v2\/posts"}],"about":[{"href":"https:\/\/www.diarioimagen.net\/index.php?rest_route=\/wp\/v2\/types\/post"}],"author":[{"embeddable":true,"href":"https:\/\/www.diarioimagen.net\/index.php?rest_route=\/wp\/v2\/users\/3"}],"replies":[{"embeddable":true,"href":"https:\/\/www.diarioimagen.net\/index.php?rest_route=%2Fwp%2Fv2%2Fcomments&post=584795"}],"version-history":[{"count":0,"href":"https:\/\/www.diarioimagen.net\/index.php?rest_route=\/wp\/v2\/posts\/584795\/revisions"}],"wp:attachment":[{"href":"https:\/\/www.diarioimagen.net\/index.php?rest_route=%2Fwp%2Fv2%2Fmedia&parent=584795"}],"wp:term":[{"taxonomy":"category","embeddable":true,"href":"https:\/\/www.diarioimagen.net\/index.php?rest_route=%2Fwp%2Fv2%2Fcategories&post=584795"},{"taxonomy":"post_tag","embeddable":true,"href":"https:\/\/www.diarioimagen.net\/index.php?rest_route=%2Fwp%2Fv2%2Ftags&post=584795"}],"curies":[{"name":"wp","href":"https:\/\/api.w.org\/{rel}","templated":true}]}}