{"id":584805,"date":"2023-05-24T00:12:13","date_gmt":"2023-05-24T06:12:13","guid":{"rendered":"https:\/\/www.diarioimagen.net\/?p=584805"},"modified":"2023-05-24T01:13:24","modified_gmt":"2023-05-24T07:13:24","slug":"muere-baleado-otro-periodista-ahora-en-puebla","status":"publish","type":"post","link":"https:\/\/www.diarioimagen.net\/?p=584805","title":{"rendered":"Muere baleado otro periodista, ahora en Puebla"},"content":{"rendered":"<h2>Tras la puerta del poder<\/h2>\n<h5>Roberto Vizca\u00edno<\/h5>\n<p>&nbsp;<\/p>\n<p>Ayer le toc\u00f3 el turno a <strong>Marco Aurelio Ram\u00edrez<\/strong>. Fue baleado al salir en su auto de su casa en el fraccionamiento Agua Blanca, en el municipio de Tehuac\u00e1n. Ten\u00eda 69 a\u00f1os de edad y hab\u00eda colaborado en los \u00faltimos tiempos en el Peri\u00f3dico Central, Central Puebla y Ambas Manos.<\/p>\n<p>Es el tercer periodista asesinado en lo que va de 2023 en este M\u00e9xico presidido por Andr\u00e9s Manuel L\u00f3pez Obrador, quien atiza diario el encono contra periodistas.<\/p>\n<p><strong>Viridiana Lozano<\/strong>, quien fund\u00f3 y dirige Central Puebla y Ambas Manos indic\u00f3 que <strong>Ram\u00edrez<\/strong> trabaj\u00f3 recientemente en una investigaci\u00f3n period\u00edstica sobre una serie de abusos sexuales cometidos presuntamente por el sacerdote <strong>Nicol\u00e1s Aguilar Rivera<\/strong>.<\/p>\n<p>Trabaj\u00f3 igual con el ahora ex alcalde <strong>Felipe Patjane, <\/strong>quien fue sentenciado en noviembre de 2022 a 6 a\u00f1os de prisi\u00f3n por uso ilegal de sus facultades.<\/p>\n<p>De acuerdo a la <em>numeralia<\/em> de asesinatos de periodistas en M\u00e9xico, de 2000 a 2022, en el pa\u00eds han sido asesinados 157. En 2022, fueron asesinados 17 de ellos a\u00f1o que cerr\u00f3 en diciembre con el intento de ejecuci\u00f3n del periodista <strong>Ciro G\u00f3mez Leyva.<\/strong><\/p>\n<p>Durante lo que va de 2023 han sido asesinados 2 periodistas:<\/p>\n<p>El 12 de febrero fue asesinado<strong> Abisa\u00ed P\u00e9rez Romero<\/strong>, reconocido como periodista y activista ambiental en el estado de Hidalgo y quien colaboraba con el programa de radio Son Politik\u00f3n-FM.<\/p>\n<p>El 11 de mayo se inform\u00f3 del asesinato a balazos en Acapulco, Guerrero, de <strong>Gerardo Torres Renter\u00eda<\/strong>, corresponsal de la agencia internacional Reuters y de TV Azteca inform\u00f3 Art\u00edculo 19.<\/p>\n<p>\u00bfQu\u00e9 va a pasar? Nada. Quiz\u00e1 hoy lo mencione en su ma\u00f1anera <strong>Andr\u00e9s Manuel L\u00f3pez Obrador<\/strong>, pero eso no garantizar\u00e1 que se indague quienes lo mataron y por qu\u00e9.<\/p>\n<p>Ese ha sido el destino de todos los ejecutados durante este sexenio.<\/p>\n<p style=\"text-align: center;\"><strong>Monreal se despega un poco de lo electoral<\/strong><\/p>\n<p>El presidente de la Junta de Coordinaci\u00f3n Pol\u00edtica del Senado, el zacatecano <strong>Ricardo Monreal<\/strong>, celebr\u00f3 ayer el D\u00eda del Estudiante al conmemorar el movimiento estudiantil de 1929, que conquist\u00f3 la autonom\u00eda de la UNAM.<\/p>\n<p>Indic\u00f3 que es importante que este d\u00eda se celebre justo en el mes de mayo que tiene una serie de festividades y d\u00edas conmemorativos, que recuerdan fechas relevantes en la historia de M\u00e9xico.<\/p>\n<p>Subray\u00f3 que aunque poco conocido y festejado, a diferencia del D\u00eda del Maestro o el D\u00eda de las Madres, el 23 de mayo se conmemora en M\u00e9xico el D\u00eda del Estudiante, que tiene una relaci\u00f3n directa con la historia de la UNAM.<\/p>\n<p>\u201cPara todos los que egresamos de esta instituci\u00f3n y para los alumnos y alumnas que actualmente est\u00e1n realizando sus estudios, sobre todo a nivel superior, esta fecha es de gran relevancia porque nos recuerda, uno de los mayores valores universitarios, porque es la base en la que sustenta su libertad de c\u00e1tedra, el fomento al pensamiento libre y cr\u00edtico, a la pluralidad de pensamiento y a la formaci\u00f3n de estudiantes con conciencia social y compromiso con el desarrollo del pa\u00eds.<\/p>\n<p>\u201cCelebrar el D\u00eda del Estudiante significa honrar una lucha estudiantil hist\u00f3rica, porque hasta 1929, la normativa universitaria facultaba al ministro de Instrucci\u00f3n P\u00fablica como jefe de la Universidad, mientras el rector era nombrado por el presidente de la Rep\u00fablica.<\/p>\n<p>\u201cEso ha cambiado y ahora tenemos una Universidad m\u00e1s libre, m\u00e1s digna, m\u00e1s independiente\u201d, subray\u00f3.<\/p>\n<p style=\"text-align: center;\"><strong>Ebrard propondr\u00e1 mecanismo de selecci\u00f3n<\/strong><\/p>\n<p>Quien no se da respiro para presionar a Morena hacia un mecanismo de selecci\u00f3n democr\u00e1tico de candidatos, es el titular de Relaciones Exteriores, <strong>Marcelo Ebrard<\/strong>.<\/p>\n<p>Ayer anunci\u00f3 que el lunes 5 de junio pr\u00f3ximo, apenas 24 horas despu\u00e9s de las elecciones a gobernador en Coahuila y Estado de M\u00e9xico, har\u00e1 una propuesta p\u00fablica para que Morena siga una f\u00f3rmula de selecci\u00f3n de candidatos v\u00eda la tecnolog\u00eda avanzada.<\/p>\n<p>Dice que esa f\u00f3rmula de selecci\u00f3n garantizar\u00eda condiciones democr\u00e1ticas en el lanzamiento del candidato presidencial de Morena para la contienda de 2024.<\/p>\n<p>Se trata, afirma, de garantizar la transparencia del proceso interno y la participaci\u00f3n colectiva.<\/p>\n<p>Su anuncio lo hizo v\u00eda un video que circul\u00f3 por redes sociales.<\/p>\n<p>\u201cHe estado pensando c\u00f3mo resolver, para que nuestro proceso interno en Morena \u2014ya pr\u00f3ximo\u2014 garantice la unidad y que al mismo tiempo sea muy transparente y que la gente pueda participar, como es la invitaci\u00f3n que hizo el presidente <strong>L\u00f3pez Obrador<\/strong>.<\/p>\n<p>\u201cEstoy contento, porque ya encontr\u00e9 una f\u00f3rmula, utilizando innovaciones tecnol\u00f3gicas y nuevas ideas que Morena mismo ha llevado a cabo en varios \u00e1mbitos. La voy a desarrollar y se las presento y se las comparto el 5 de junio, nada m\u00e1s que pase (la elecci\u00f3n en) el Estado de M\u00e9xico y Coahuila\u201d, dice en su video.<\/p>\n<p>El mensaje es que <strong>Ebrard<\/strong> no est\u00e1 dispuesto a dejarse avasallar por las instrucciones de AMLO para realizar una encuesta de partido que defina al candidato presidencial de Morena.<\/p>\n<p><em><a href=\"mailto:rvizcainoa@gmail.com\" target=\"_blank\" rel=\"noopener noreferrer\">vizcainoa@gmail.com<\/a><a href=\"mailto:rvizcainoa@gmail.com\" target=\"_blank\" rel=\"noopener noreferrer\"><br \/>\n<\/a><a href=\"http:\/\/endirecto.mx\" target=\"_blank\" rel=\"noopener noreferrer\">www.endirecto.mx<\/a><a href=\"mailto:rvizcainoa@gmail.com\" target=\"_blank\" rel=\"noopener noreferrer\"><br \/>\n<\/a><a href=\"https:\/\/twitter.com\/_rvizcaino\" target=\"_blank\" rel=\"noopener noreferrer\">@_RVizcaino<\/a><a href=\"mailto:rvizcainoa@gmail.com\" target=\"_blank\" rel=\"noopener noreferrer\"><br \/>\n<\/a><a href=\"https:\/\/www.facebook.com\/rvizcainoa\" target=\"_blank\" rel=\"noopener noreferrer\">facebook.com\/rvizcainoa<\/a><\/em><\/p>\n","protected":false},"excerpt":{"rendered":"<p><span style=\"color: #005497;\"><strong>Roberto Vizca\u00edno<\/strong><\/span><\/p>\n","protected":false},"author":3,"featured_media":0,"comment_status":"open","ping_status":"open","sticky":false,"template":"","format":"standard","meta":{"_monsterinsights_skip_tracking":false,"_monsterinsights_sitenote_active":false,"_monsterinsights_sitenote_note":"","_monsterinsights_sitenote_category":0,"footnotes":""},"categories":[136],"tags":[43674,93,94],"class_list":["post-584805","post","type-post","status-publish","format-standard","hentry","category-roberto-vizcaino-opinion","tag-opinion","tag-roberto-vizcaino","tag-tras-la-puerta-del-poder"],"_links":{"self":[{"href":"https:\/\/www.diarioimagen.net\/index.php?rest_route=\/wp\/v2\/posts\/584805","targetHints":{"allow":["GET"]}}],"collection":[{"href":"https:\/\/www.diarioimagen.net\/index.php?rest_route=\/wp\/v2\/posts"}],"about":[{"href":"https:\/\/www.diarioimagen.net\/index.php?rest_route=\/wp\/v2\/types\/post"}],"author":[{"embeddable":true,"href":"https:\/\/www.diarioimagen.net\/index.php?rest_route=\/wp\/v2\/users\/3"}],"replies":[{"embeddable":true,"href":"https:\/\/www.diarioimagen.net\/index.php?rest_route=%2Fwp%2Fv2%2Fcomments&post=584805"}],"version-history":[{"count":0,"href":"https:\/\/www.diarioimagen.net\/index.php?rest_route=\/wp\/v2\/posts\/584805\/revisions"}],"wp:attachment":[{"href":"https:\/\/www.diarioimagen.net\/index.php?rest_route=%2Fwp%2Fv2%2Fmedia&parent=584805"}],"wp:term":[{"taxonomy":"category","embeddable":true,"href":"https:\/\/www.diarioimagen.net\/index.php?rest_route=%2Fwp%2Fv2%2Fcategories&post=584805"},{"taxonomy":"post_tag","embeddable":true,"href":"https:\/\/www.diarioimagen.net\/index.php?rest_route=%2Fwp%2Fv2%2Ftags&post=584805"}],"curies":[{"name":"wp","href":"https:\/\/api.w.org\/{rel}","templated":true}]}}