{"id":584888,"date":"2023-05-25T00:05:20","date_gmt":"2023-05-25T06:05:20","guid":{"rendered":"https:\/\/www.diarioimagen.net\/?p=584888"},"modified":"2023-05-26T02:57:38","modified_gmt":"2023-05-26T08:57:38","slug":"uaemex-signo-acuerdo-de-colaboracion-academica-con-universidad-estatal-peninsula-de-santa-elena-ecuador","status":"publish","type":"post","link":"https:\/\/www.diarioimagen.net\/?p=584888","title":{"rendered":"UAEM\u00e9x sign\u00f3 acuerdo de colaboraci\u00f3n acad\u00e9mica con Universidad Estatal Pen\u00ednsula de Santa Elena, Ecuador"},"content":{"rendered":"<p>&nbsp;<\/p>\n<div id=\"attachment_584964\" style=\"width: 470px\" class=\"wp-caption aligncenter\"><a href=\"https:\/\/www.diarioimagen.net\/?attachment_id=584964\" rel=\"attachment wp-att-584964\"><img loading=\"lazy\" decoding=\"async\" aria-describedby=\"caption-attachment-584964\" class=\"size-full wp-image-584964\" src=\"https:\/\/www.diarioimagen.net\/wp-content\/uploads\/2023\/05\/uaem-signo-acuerdo.jpg\" alt=\"\" width=\"460\" height=\"270\" \/><\/a><p id=\"caption-attachment-584964\" class=\"wp-caption-text\">Este instrumento legal formaliza el trabajo que desde hace un a\u00f1o realiza el Centro Universitario Valle de Teotihuac\u00e1n con la instituci\u00f3n ecuatoriana, permitir\u00e1 desarrollar proyectos de investigaci\u00f3n e impulsar\u00e1 la movilidad acad\u00e9mica de estudiantes de posgrado y docentes.<\/p><\/div>\n<p>&nbsp;<\/p>\n<p><strong>Teotihuac\u00e1n, Estado de M\u00e9xico.\u2013 <\/strong>La Universidad Aut\u00f3noma del Estado de M\u00e9xico (UAEM\u00e9x) firm\u00f3 un acuerdo de colaboraci\u00f3n acad\u00e9mica con la Universidad Estatal Pen\u00ednsula de Santa Elena (UPSE), Ecuador, que tiene como prop\u00f3sito que las comunidades de ambas instituciones lleven a cabo actividades conjuntas como intercambio acad\u00e9mico y estudiantil, as\u00ed como trabajo de investigaci\u00f3n y publicaciones.<\/p>\n<p>Durante la signa de este instrumento legal -que se llev\u00f3 a cabo en la modalidad h\u00edbrida-, el rector de la Aut\u00f3noma mexiquense, Carlos Eduardo Barrera D\u00edaz, acompa\u00f1ado del rector de la UPSE, N\u00e9stor Acosta Lozano, puntualiz\u00f3 que \u00e9ste permitir\u00e1 desarrollar proyectos de investigaci\u00f3n e impulsar\u00e1 la movilidad acad\u00e9mica de estudiantes de posgrado y docentes.<\/p>\n<p>Al respecto, la responsable del Programa de Internacionalizaci\u00f3n del Centro Universitario Valle de Teotihuac\u00e1n de la UAEM\u00e9x, Blanca Estela Hern\u00e1ndez Bonilla, refiri\u00f3 que la base de la firma de este instrumento de colaboraci\u00f3n es el trabajo que desde hace poco m\u00e1s de un a\u00f1o realiza este campus de la instituci\u00f3n mexiquense con la universidad ecuatoriana.<\/p>\n<p>El acuerdo de colaboraci\u00f3n acad\u00e9mica, indic\u00f3, formaliza el trabajo que el Centro Universitario Valle de Teotihuac\u00e1n realiza desde hace meses con la UPSE, principalmente en las \u00e1reas de Inform\u00e1tica Administrativa e Ingenier\u00eda en Computaci\u00f3n.<\/p>\n<p>\u201cPublicamos art\u00edculos conjuntos y revisamos libros; adem\u00e1s, una acad\u00e9mica ecuatoriana se sum\u00f3 a la Red Internacional de Estudios en las Organizaciones que encabeza la UAEM\u00e9x\u201d, dijo la universitaria. La signa de este documento, abund\u00f3, hace extensivos a toda la comunidad de la M\u00e1xima Casa de Estudios mexiquense los beneficios de esta relaci\u00f3n institucional, que ahora se ampliar\u00e1 hacia la movilidad acad\u00e9mica y estudiantil.<\/p>\n<p>De esta manera, sostuvo, se formaliza el trabajo conjunto de investigaci\u00f3n, la publicaci\u00f3n de los resultados de este trabajo, posibilita la impartici\u00f3n de c\u00e1tedras conjuntas en la modalidad a distancia y la realizaci\u00f3n de conferencias; asimismo, m\u00e1s profesores de la UPSE se podr\u00e1n integrar a la Red Internacional de Estudios en las Organizaciones.<\/p>\n<p>Cabe destacar que en la firma del acuerdo estuvo presente la directora del Centro Universitario Valle de Teotihuacan, Susana Esquivel R\u00edos.<\/p>\n","protected":false},"excerpt":{"rendered":"<p>La Universidad Aut\u00f3noma del Estado de M\u00e9xico (UAEM\u00e9x) firm\u00f3 un acuerdo de colaboraci\u00f3n acad\u00e9mica con la Universidad Estatal Pen\u00ednsula de Santa Elena (UPSE), Ecuador, que tiene como prop\u00f3sito que las comunidades de ambas instituciones lleven a cabo actividades conjuntas como intercambio acad\u00e9mico y estudiantil, as\u00ed como trabajo de investigaci\u00f3n y publicaciones.<\/p>\n","protected":false},"author":3,"featured_media":584964,"comment_status":"open","ping_status":"open","sticky":false,"template":"","format":"standard","meta":{"_monsterinsights_skip_tracking":false,"_monsterinsights_sitenote_active":false,"_monsterinsights_sitenote_note":"","_monsterinsights_sitenote_category":0,"footnotes":""},"categories":[5],"tags":[43675,3450,67878,97943],"class_list":["post-584888","post","type-post","status-publish","format-standard","has-post-thumbnail","hentry","category-estado-de-mexico","tag-estado-de-mexico","tag-teotihuacan","tag-uaemex","tag-upse"],"_links":{"self":[{"href":"https:\/\/www.diarioimagen.net\/index.php?rest_route=\/wp\/v2\/posts\/584888","targetHints":{"allow":["GET"]}}],"collection":[{"href":"https:\/\/www.diarioimagen.net\/index.php?rest_route=\/wp\/v2\/posts"}],"about":[{"href":"https:\/\/www.diarioimagen.net\/index.php?rest_route=\/wp\/v2\/types\/post"}],"author":[{"embeddable":true,"href":"https:\/\/www.diarioimagen.net\/index.php?rest_route=\/wp\/v2\/users\/3"}],"replies":[{"embeddable":true,"href":"https:\/\/www.diarioimagen.net\/index.php?rest_route=%2Fwp%2Fv2%2Fcomments&post=584888"}],"version-history":[{"count":0,"href":"https:\/\/www.diarioimagen.net\/index.php?rest_route=\/wp\/v2\/posts\/584888\/revisions"}],"wp:featuredmedia":[{"embeddable":true,"href":"https:\/\/www.diarioimagen.net\/index.php?rest_route=\/wp\/v2\/media\/584964"}],"wp:attachment":[{"href":"https:\/\/www.diarioimagen.net\/index.php?rest_route=%2Fwp%2Fv2%2Fmedia&parent=584888"}],"wp:term":[{"taxonomy":"category","embeddable":true,"href":"https:\/\/www.diarioimagen.net\/index.php?rest_route=%2Fwp%2Fv2%2Fcategories&post=584888"},{"taxonomy":"post_tag","embeddable":true,"href":"https:\/\/www.diarioimagen.net\/index.php?rest_route=%2Fwp%2Fv2%2Ftags&post=584888"}],"curies":[{"name":"wp","href":"https:\/\/api.w.org\/{rel}","templated":true}]}}