{"id":584890,"date":"2023-05-25T00:01:42","date_gmt":"2023-05-25T06:01:42","guid":{"rendered":"https:\/\/www.diarioimagen.net\/?p=584890"},"modified":"2023-05-25T01:25:14","modified_gmt":"2023-05-25T07:25:14","slug":"las-del-edomex-seran-las-elecciones-mas-impugnadas-estima-el-tribunal-electoral","status":"publish","type":"post","link":"https:\/\/www.diarioimagen.net\/?p=584890","title":{"rendered":"Las del Edomex ser\u00e1n las elecciones m\u00e1s impugnadas, estima el Tribunal Electoral"},"content":{"rendered":"<p>&nbsp;<\/p>\n<ul>\n<li><em><strong>Votaci\u00f3n, este 4 de junio<\/strong><\/em><\/li>\n<\/ul>\n<p>&nbsp;<\/p>\n<h6>Arturo Baena<\/h6>\n<p>&nbsp;<\/p>\n<div id=\"attachment_584987\" style=\"width: 470px\" class=\"wp-caption aligncenter\"><a href=\"https:\/\/www.diarioimagen.net\/?attachment_id=584987\" rel=\"attachment wp-att-584987\"><img loading=\"lazy\" decoding=\"async\" aria-describedby=\"caption-attachment-584987\" class=\"size-full wp-image-584987\" src=\"https:\/\/www.diarioimagen.net\/wp-content\/uploads\/2023\/05\/las-del-edomex.jpg\" alt=\"\" width=\"460\" height=\"270\" \/><\/a><p id=\"caption-attachment-584987\" class=\"wp-caption-text\">Leticia Victoria Tavira, presidenta del Tribunal Electoral del Estado de M\u00e9xico (TEEM), estima que este proceso electoral ser\u00e1 el m\u00e1s impugnado de la historia.<\/p><\/div>\n<p>&nbsp;<\/p>\n<p><strong>Valle de M\u00e9xico.\u2014<\/strong> A unos d\u00edas de los comicios en el Estado de M\u00e9xico, donde participan las candidatas Alejandra Del Moral, del PRI-PAN-PRD-Panal, y Delfina \u00c1lvarez, de los partidos Morena-PT-PVEM para renovar la gubernatura, se estima que este proceso ser\u00e1 el m\u00e1s impugnado de la historia.<\/p>\n<p>As\u00ed lo expres\u00f3 Leticia Victoria Tavira, presidenta del Tribunal Electoral del Estado de M\u00e9xico (TEEM), quien afirm\u00f3 que a la fecha van 192 Procedimientos Especiales Sancionadores referentes al proceso electoral en curso, pero el n\u00famero aumentar\u00e1 si la diferencia entre una candidata y otra es menor a 4 puntos. \u201cDepender\u00e1 de la diferencia entre el primero y segundo lugar el que las impugnaciones se eleven pasando la Jornada Electoral\u2026 una diferencia de entre 4 o 5 puntos eso pudiera decir que no habr\u00e1 muchos medios de impugnaci\u00f3n\u201d, coment\u00f3.<\/p>\n<p>\u201cTenemos a la fecha 192 Procedimientos Especiales Sancionadores, y yo podr\u00eda decir que es la elecci\u00f3n m\u00e1s impugnada de la historia del Estado de M\u00e9xico, y hemos acreditado en 35 fundados los agravios o existente la infracci\u00f3n que tiene que ver con el proceso electoral\u201d, dijo.<\/p>\n<p>Adem\u00e1s de los anteriores, indic\u00f3 que se han presentado 60 recursos de apelaci\u00f3n, logr\u00e1ndose acreditar uno y se han presentado 18 Juicios del Ciudadano Local, logr\u00e1ndose acreditar la violaci\u00f3n a su derecho pol\u00edtico electoral en un caso.<\/p>\n<p>Precis\u00f3 que son tres las tem\u00e1ticas en donde se ha fundado la acreditaci\u00f3n de las infracciones: por la aparici\u00f3n de menores en propaganda electoral, la asistencia de servidores p\u00fablicos a eventos proselitistas y por la colocaci\u00f3n de propaganda en lugares prohibidos por la ley.<\/p>\n","protected":false},"excerpt":{"rendered":"<p>A unos d\u00edas de los comicios en el Estado de M\u00e9xico, donde participan las candidatas Alejandra Del Moral, del PRI-PAN-PRD-Panal, y Delfina \u00c1lvarez, de los partidos Morena-PT-PVEM para renovar la gubernatura, se estima que este proceso ser\u00e1 el m\u00e1s impugnado de la historia.<\/p>\n","protected":false},"author":3,"featured_media":584987,"comment_status":"open","ping_status":"open","sticky":false,"template":"","format":"standard","meta":{"_monsterinsights_skip_tracking":false,"_monsterinsights_sitenote_active":false,"_monsterinsights_sitenote_note":"","_monsterinsights_sitenote_category":0,"footnotes":""},"categories":[5],"tags":[43675,97944,9545],"class_list":["post-584890","post","type-post","status-publish","format-standard","has-post-thumbnail","hentry","category-estado-de-mexico","tag-estado-de-mexico","tag-impugnadas","tag-votacion"],"_links":{"self":[{"href":"https:\/\/www.diarioimagen.net\/index.php?rest_route=\/wp\/v2\/posts\/584890","targetHints":{"allow":["GET"]}}],"collection":[{"href":"https:\/\/www.diarioimagen.net\/index.php?rest_route=\/wp\/v2\/posts"}],"about":[{"href":"https:\/\/www.diarioimagen.net\/index.php?rest_route=\/wp\/v2\/types\/post"}],"author":[{"embeddable":true,"href":"https:\/\/www.diarioimagen.net\/index.php?rest_route=\/wp\/v2\/users\/3"}],"replies":[{"embeddable":true,"href":"https:\/\/www.diarioimagen.net\/index.php?rest_route=%2Fwp%2Fv2%2Fcomments&post=584890"}],"version-history":[{"count":0,"href":"https:\/\/www.diarioimagen.net\/index.php?rest_route=\/wp\/v2\/posts\/584890\/revisions"}],"wp:featuredmedia":[{"embeddable":true,"href":"https:\/\/www.diarioimagen.net\/index.php?rest_route=\/wp\/v2\/media\/584987"}],"wp:attachment":[{"href":"https:\/\/www.diarioimagen.net\/index.php?rest_route=%2Fwp%2Fv2%2Fmedia&parent=584890"}],"wp:term":[{"taxonomy":"category","embeddable":true,"href":"https:\/\/www.diarioimagen.net\/index.php?rest_route=%2Fwp%2Fv2%2Fcategories&post=584890"},{"taxonomy":"post_tag","embeddable":true,"href":"https:\/\/www.diarioimagen.net\/index.php?rest_route=%2Fwp%2Fv2%2Ftags&post=584890"}],"curies":[{"name":"wp","href":"https:\/\/api.w.org\/{rel}","templated":true}]}}