{"id":584907,"date":"2023-05-25T00:01:46","date_gmt":"2023-05-25T06:01:46","guid":{"rendered":"https:\/\/www.diarioimagen.net\/?p=584907"},"modified":"2023-05-25T22:37:00","modified_gmt":"2023-05-26T04:37:00","slug":"supervisa-mara-lezama-obras-del-puente-vehicular-nichupte","status":"publish","type":"post","link":"https:\/\/www.diarioimagen.net\/?p=584907","title":{"rendered":"Supervisa Mara Lezama obras del puente vehicular Nichupt\u00e9"},"content":{"rendered":"<h2>Derecho de r\u00e9plica<\/h2>\n<h5>Jos\u00e9 Luis Monta\u00f1ez<\/h5>\n<p>&nbsp;<\/p>\n<ul>\n<li><strong><em>Gestion\u00f3 7 mil mdp para hacer realidad el proyecto estancado<\/em><\/strong><\/li>\n<\/ul>\n<p>&nbsp;<\/p>\n<div id=\"attachment_584971\" style=\"width: 470px\" class=\"wp-caption aligncenter\"><a href=\"https:\/\/www.diarioimagen.net\/?attachment_id=584971\" rel=\"attachment wp-att-584971\"><img loading=\"lazy\" decoding=\"async\" aria-describedby=\"caption-attachment-584971\" class=\"size-full wp-image-584971\" src=\"https:\/\/www.diarioimagen.net\/wp-content\/uploads\/2023\/05\/Derecho-12.jpg\" alt=\"\" width=\"460\" height=\"270\" \/><\/a><p id=\"caption-attachment-584971\" class=\"wp-caption-text\">Mara Lezama Espinosa supervis\u00f3 los trabajos del nuevo puente vehicular de la laguna Nichupt\u00e9 de Canc\u00fan, que tendr\u00e1 8.8 kil\u00f3metros de longitud.<\/p><\/div>\n<p>&nbsp;<\/p>\n<p>La gobernadora Mara Lezama Espinosa supervis\u00f3 los trabajos del nuevo puente vehicular de la laguna Nichupt\u00e9 de Canc\u00fan, de 8.8 kil\u00f3metros de longitud, que requerir\u00e1 un poco m\u00e1s de 7 mil millones de pesos del gobierno federal y se calcula entregar la obra en abril de 2024.<\/p>\n<p>\u201cEl nuevo puente Nichupt\u00e9 ser\u00e1 un punto de desarrollo para la movilidad, ya que se trata de una de las m\u00faltiples e hist\u00f3ricas obras que demuestran la profunda transformaci\u00f3n que estamos llevando a cabo en Quintana Roo\u201d, asegur\u00f3 Mara Lezama.<\/p>\n<p>Con el respaldo del gobierno federal, que encabeza Andr\u00e9s Manuel L\u00f3pez Obrador, la primera gobernadora de Quintana Roo dijo que se har\u00e1 realidad en su administraci\u00f3n un proyecto estancado por m\u00e1s de 20 a\u00f1os.<\/p>\n<p>\u201cEsta obra ser\u00e1 emblem\u00e1tica, no solo por su espectacular arquitectura y los incre\u00edbles paisajes que nos regalar\u00e1\u2026 se convertir\u00e1 en la muestra de c\u00f3mo la voluntad de un gobierno humanista que trabaja por y para el pueblo\u201d, expres\u00f3 Mara Lezama.<\/p>\n<p>Insisti\u00f3, se trata de una de las obras que se realizan en Canc\u00fan, con inversiones hist\u00f3ricas del gobierno federal, y que generan cientos de empleos para hombres y mujeres que trabajan 24\/7 para hacer posible su entrega en tiempo y forma.<\/p>\n<p>Mara Lezama abund\u00f3 que el nuevo puente vehicular de la laguna Nichupt\u00e9 de Canc\u00fan, que conectar\u00e1 a la zona hotelera con la ciudad, ayudar\u00e1 a los y las trabajadoras a llegar y volver m\u00e1s r\u00e1pido a sus empleos y casas; mejorar\u00e1 la vialidad, ser\u00e1 v\u00eda de esparcimiento familiar y referente tur\u00edstico por sus espectaculares vistas.<\/p>\n<p>Record\u00f3 que como parte del Nuevo Acuerdo por el Bienestar y Desarrollo de Quintana Roo hizo las gestiones correspondientes ante L\u00f3pez Obrador para que la ic\u00f3nica obra transforme la imagen urbana de Canc\u00fan y de todo el municipio de Benito Ju\u00e1rez.<\/p>\n<p style=\"text-align: center;\"><strong>Ya van mil hect\u00e1reas expropiadas para las obras del Tren Maya <\/strong><\/p>\n<p>El Tren Maya se trata del proyecto insignia del gobierno federal y por lo tanto no han escatimado en esfuerzos para llevarlo a cabo en tiempo y forma o al menos en el periodo en que se comprometieron a entregarlo, de tal manera que han esquivado la oposici\u00f3n de grupos ambientalistas, suspensiones provisionales y hasta la necesidad de tierras para trazar el recorrido de los convoyes, por lo que han expropiado terrenos, principalmente en Quintana Roo.<\/p>\n<p>De tal manera que a trav\u00e9s de 8 declaratorias de utilidad p\u00fablica se han expropiado mil 021 hect\u00e1reas de terrenos privados que se utilizar\u00e1n para construir la l\u00ednea ferroviaria y la infraestructura del Tren Maya en el tramo de Canc\u00fan a Chetumal, es decir, que el suelo que regres\u00f3 al dominio de la Naci\u00f3n representa el equivalente a mil 430 veces la superficie de la cancha del Estadio Azteca, de la Ciudad de M\u00e9xico.<\/p>\n<p>Entre Canc\u00fan y Chetumal hay una distancia por carretera de 383.5 kil\u00f3metros que recorren siete municipios, de los cuales, en casi una tercera parte, el trayecto ferroviario se program\u00f3 sobre suelo privado luego del cambio de la ruta original, que ser\u00eda sobre el derecho de v\u00eda de la carretera federal 307, pero que ya no se pudo concretar as\u00ed.<\/p>\n<p>En este contexto, se ejecutaron las declaratorias de utilidad p\u00fablica con la indemnizaci\u00f3n a los propietarios afectados, cuyos mayores impactos se dieron sobre el Tramo 5 Norte que va de Canc\u00fan a Playa del Carmen.<\/p>\n<p>Los decretos publicados en el Diario Oficial de la Federaci\u00f3n (DOF) refieren que se impact\u00f3 un total de 231 predios con una superficie reportada de 5 millones 355 mil 394.52 metros cuadrados el 18 enero 2022, y otros 198 predios con 2 millones 410 mil 107.72 metros cuadrados el 17 enero 2022.<\/p>\n<p>Posteriormente, siguieron otros 36 predios intervenidos con una superficie conjunta de un mill\u00f3n 093 mil 118.93 metros cuadrados en los municipios de Benito Ju\u00e1rez (Canc\u00fan), Puerto Morelos, Solidaridad (Playa del Carmen) y Tulum, publicado el 1 de agosto de 2022.<\/p>\n<p>Asimismo, en el tramo 6 (Tulum-Chetumal) se expropiaron 23 predios con una superficie total de 549 mil 055.07 metros cuadrados sobre territorio de Tulum, Felipe Carrillo Puerto, Bacalar y Oth\u00f3n P. Blanco (Chetumal), que se decret\u00f3 el 24 de febrero pasado.<\/p>\n<p>Luego se realiz\u00f3 otra declaratoria de utilidad p\u00fablica en el mismo tramo sobre 39 terrenos de Playa del Carmen y Tulum y para obras de infraestructura p\u00fablica se emiti\u00f3 otro decreto sobre 16 predios privados en Playa y Bacalar con una superficie intervenida de 330 mil 636.803 metros cuadrados.<\/p>\n<p>Se expropiaron tambi\u00e9n 7 predios con superficie de 83 mil 819.07 metros cuadrados de Tulum, Felipe Carrillo Puerto y Chetumal por causa de utilidad p\u00fablica.<\/p>\n<p>El municipio, al que m\u00e1s se le expropi\u00f3 fue Solidaridad (Playa del Carmen) con 331 predios con una superficie de 595 hect\u00e1reas, luego sigui\u00f3 Tulum con 167 terrenos de 198 hect\u00e1reas y Puerto Morelos con 75 propiedades de 138.9 hect\u00e1reas.<\/p>\n<p>En Canc\u00fan se hizo la declaratoria de utilidad p\u00fablica de 26 predios con 68.38 hect\u00e1reas, una decena a Bacalar con 42.2 hect\u00e1reas, en Felipe Carrillo Puerto s\u00f3lo 9 propiedades con 22.77 hect\u00e1reas y finalmente, Chetumal con 8 predios.<\/p>\n<p style=\"text-align: center;\"><strong>280 acuden a Profeco por vuelos cancelados <\/strong><\/p>\n<p>En otro tema, la Procuradur\u00eda Federal del Consumidor (Profeco) dio a conocer que ya brindaron atenci\u00f3n a 280 pasajeros en Canc\u00fan por la cancelaci\u00f3n de vuelos hacia Ciudad de M\u00e9xico y Puebla, con motivo de la actividad volc\u00e1nica del Popocat\u00e9petl en los \u00faltimos d\u00edas.<\/p>\n<p>Indicaron que el m\u00f3dulo de atenci\u00f3n a consumidores instalado en el Aeropuerto Internacional de Canc\u00fan ha dado asesor\u00edas en materia de derechos del consumidor, orientaci\u00f3n y acompa\u00f1amiento para la presentaci\u00f3n de una queja y conciliaciones inmediatas, a todos aquellos que as\u00ed lo soliciten.<\/p>\n<p>Asimismo, inform\u00f3 que van a mantener a disposici\u00f3n del consumidor las l\u00edneas telef\u00f3nicas 800 468 8722, 998 887 2877 y 998 884 6497. Hasta donde pueden hacer llegar sus quejas, y donde recibir\u00e1n orientaci\u00f3n.<\/p>\n<p>Juan Pablo de Zulueta, secretario de Turismo del Ayuntamiento de Benito Ju\u00e1rez (Canc\u00fan), inform\u00f3 que a trav\u00e9s de esta oficina se busca que hoteleros brinden facilidades a los turistas afectados. \u201cSiempre se ha apoyado con situaciones de este tipo, sobre todo con las aerol\u00edneas y descuentos en los hoteles, que deben quedarse un d\u00eda m\u00e1s, aunque muchos se quedan solo por algunas horas\u201d, manifest\u00f3.<\/p>\n<p>Finalmente, se inform\u00f3 que en el \u00e1mbito nacional, la Profeco contabiliza m\u00e1s de 11 mil 500 usuarios atendidos por esta situaci\u00f3n.<\/p>\n<p><em>Escr\u00edbame a mi mail: <a href=\"mailto:montanezaguilar@gmail.com\" target=\"_blank\" rel=\"noopener noreferrer\">montanezaguilar@gmail.com<\/a><\/em><\/p>\n","protected":false},"excerpt":{"rendered":"<p><span style=\"color: #005497;\"><strong>Jos\u00e9 Luis Monta\u00f1ez<\/strong><\/span><br \/>\n<br \/>\nLa gobernadora Mara Lezama Espinosa supervis\u00f3 los trabajos del nuevo puente vehicular de la laguna Nichupt\u00e9 de Canc\u00fan, de 8.8 kil\u00f3metros de longitud, que requerir\u00e1 un poco m\u00e1s de 7 mil millones de pesos del gobierno federal y se calcula entregar la obra en abril de 2024.<\/p>\n","protected":false},"author":3,"featured_media":584971,"comment_status":"open","ping_status":"open","sticky":false,"template":"","format":"standard","meta":{"_monsterinsights_skip_tracking":false,"_monsterinsights_sitenote_active":false,"_monsterinsights_sitenote_note":"","_monsterinsights_sitenote_category":0,"footnotes":""},"categories":[11622,25512],"tags":[47840,54579,43674],"class_list":["post-584907","post","type-post","status-publish","format-standard","has-post-thumbnail","hentry","category-jose-luis-montanez-aguilar","category-nacional-nacional","tag-derecho-de-replica","tag-jose-luis-montanez","tag-opinion"],"_links":{"self":[{"href":"https:\/\/www.diarioimagen.net\/index.php?rest_route=\/wp\/v2\/posts\/584907","targetHints":{"allow":["GET"]}}],"collection":[{"href":"https:\/\/www.diarioimagen.net\/index.php?rest_route=\/wp\/v2\/posts"}],"about":[{"href":"https:\/\/www.diarioimagen.net\/index.php?rest_route=\/wp\/v2\/types\/post"}],"author":[{"embeddable":true,"href":"https:\/\/www.diarioimagen.net\/index.php?rest_route=\/wp\/v2\/users\/3"}],"replies":[{"embeddable":true,"href":"https:\/\/www.diarioimagen.net\/index.php?rest_route=%2Fwp%2Fv2%2Fcomments&post=584907"}],"version-history":[{"count":0,"href":"https:\/\/www.diarioimagen.net\/index.php?rest_route=\/wp\/v2\/posts\/584907\/revisions"}],"wp:featuredmedia":[{"embeddable":true,"href":"https:\/\/www.diarioimagen.net\/index.php?rest_route=\/wp\/v2\/media\/584971"}],"wp:attachment":[{"href":"https:\/\/www.diarioimagen.net\/index.php?rest_route=%2Fwp%2Fv2%2Fmedia&parent=584907"}],"wp:term":[{"taxonomy":"category","embeddable":true,"href":"https:\/\/www.diarioimagen.net\/index.php?rest_route=%2Fwp%2Fv2%2Fcategories&post=584907"},{"taxonomy":"post_tag","embeddable":true,"href":"https:\/\/www.diarioimagen.net\/index.php?rest_route=%2Fwp%2Fv2%2Ftags&post=584907"}],"curies":[{"name":"wp","href":"https:\/\/api.w.org\/{rel}","templated":true}]}}