{"id":584911,"date":"2023-05-25T00:02:01","date_gmt":"2023-05-25T06:02:01","guid":{"rendered":"https:\/\/www.diarioimagen.net\/?p=584911"},"modified":"2023-05-24T22:22:42","modified_gmt":"2023-05-25T04:22:42","slug":"lopez-obrador-acelera-compra-de-voto-para-elecciones-en-edomex-coahuila-y-las-de-2024","status":"publish","type":"post","link":"https:\/\/www.diarioimagen.net\/?p=584911","title":{"rendered":"L\u00f3pez Obrador acelera compra de voto para elecciones en Edomex, Coahuila y las de 2024"},"content":{"rendered":"<h2>La Retaguardia<\/h2>\n<h5>Adriana Moreno Cordero<\/h5>\n<p>&nbsp;<\/p>\n<ul>\n<li><em><strong>Alejandro Encinas sale corriendo de Palacio Nacional<\/strong><\/em><\/li>\n<\/ul>\n<p>&nbsp;<\/p>\n<p>No debe sorprender a nadie que el presidente <strong>Andr\u00e9s Manuel L\u00f3pez Obrador<\/strong> hubiera convocado a Palacio Nacional a los gobernadores emanados de Morena y r\u00e9moras que lo acompa\u00f1an para tomarse la correspondiente selfie, pero tambi\u00e9n, para tirarles \u201cl\u00ednea\u201d, sobre todo de cara a los comicios que tendr\u00e1n lugar en el Estado de M\u00e9xico y Coahuila el pr\u00f3ximo 4 de junio.<\/p>\n<p>Y como lo del inquilino de Palacio Nacional es la compra de votos, pues desde luego, en dicho encuentro se hizo \u00e9nfasis en la entrega de programas sociales y en este sentido, a no bajar el ritmo, porque eso podr\u00eda tener un costo pol\u00edtico importante.<\/p>\n<p>No es la primera vez que en esta errada y llamada Cuarta Transformaci\u00f3n se ve a los llamados servidores de la naci\u00f3n, recorrer las calles de las diferentes ciudades que hay a lo largo y ancho del pa\u00eds, para reconvenir a que los beneficiarios de estos tan llevados y tra\u00eddos programas sociales, voten por Morena, porque en caso de no hacerlo, perder\u00e1n estos beneficios. A esta pr\u00e1ctica se le llama \u201ctirar el anzuelo\u201d.<\/p>\n<p>Por eso la preocupaci\u00f3n del tabasque\u00f1o, a pr\u00e1cticamente dos semanas de que se realicen dichos comicios, lo que resulta contrastante porque apenas hace unos d\u00edas, en su gustad\u00edsimo \u201cstand-up\u201d ma\u00f1anero, presumi\u00f3 que en la encuesta de un importante peri\u00f3dico, siguiera contando con buena calificaci\u00f3n. \u00bfSer\u00e1?<\/p>\n<p>Lo obvio, es que los mandatarios estatales morenistas, en la reuni\u00f3n que tuvieron con su jefe que dur\u00f3 alrededor de hora y media, hicieron una exhaustiva revisi\u00f3n de los programas sociales que otorga el lopezobradorismo y la manera en que estos podr\u00edan incrementarse porque viene la madre de todas las elecciones, la de 2024, en la cual, el Presidente ans\u00eda obtener la mayor\u00eda absoluta en el Congreso de la Uni\u00f3n para poder sacar adelante sus recientes ocurrencias como aquella de acabar\u00a0 tanto con el Instituto Nacional de Acceso a la Informaci\u00f3n, (INAI) y la Suprema Corte de Justicia de la Naci\u00f3n.<\/p>\n<p>Uno de los asistentes que no pod\u00eda faltar a dicho encuentro, fue ni m\u00e1s\u00a0 ni menos que <strong>Alejandro Encinas<\/strong>, subsecretario de Derechos Humanos, de la Secretar\u00eda de Gobernaci\u00f3n y no dej\u00f3 de llamar la atenci\u00f3n que el funcionario saliera de Palacio Nacional corriendo para evitar hablar con la prensa sobre el espionaje del que fue objeto por parte del Ej\u00e9rcito, vali\u00e9ndose del programa Pegasus, informaci\u00f3n que trascendi\u00f3 las fronteras nacionales .<\/p>\n<p>En un art\u00edculo del peri\u00f3dico <em>The New York Times<\/em>, se report\u00f3 que \u201cEl espionaje en M\u00e9xico cobra una nueva v\u00edctima: un aliado del Presidente\u201d, que fue objeto de esta pr\u00e1ctica mientras investigaba el caso del asesinato de los 43 estudiantes normalistas de Ayotzinapa.<\/p>\n<p><em>The New York Times<\/em> agrega que: \u201cPor mucho tiempo, M\u00e9xico ha estado plagado de esc\u00e1ndalos de espionaje. Pero este es el primer caso confirmado en que un integrante de alto rango de un gobierno\u00a0 -y alguien tan cercano al Presidente-, ha sido vigilado por Pegasus en los m\u00e1s de diez a\u00f1os en los que la herramienta de espionaje se ha empleado en el pa\u00eds\u201d.<\/p>\n<p>Con raz\u00f3n tanto pleito de Alejando Encinas con la c\u00fapula militar y como se ven las cosas, es harto dif\u00edcil que el presidente L\u00f3pez Obrador vaya a poner por encima del Ej\u00e9rcito, a quienes les ha dado todo y m\u00e1s, la amistad con quien consideran su viejo aliado.<\/p>\n<p style=\"text-align: center;\"><strong>Municiones<\/strong><\/p>\n<p>*** No dej\u00f3 de\u00a0 llamar poderosamente la atenci\u00f3n que el presidente de la Junta de Coordinaci\u00f3n Pol\u00edtica del Senado de la Rep\u00fablica, <strong>Ricardo Monreal<\/strong>, se reuniera, en el marco de un evento sobre \u201cAgenda Verde\u201d, con el PVEM. Esto, porque hay que tener en consideraci\u00f3n como que el evento se da a unos d\u00edas de que el senador <strong>Manuel Velasco<\/strong> se hubiera destapado como aspirante presidencial para 2024 y un d\u00eda despu\u00e9s de que el secretario de Relaciones Exteriores, <strong>Marcelo Ebrard<\/strong>, hubiera anunciado tener algo as\u00ed como la \u201cf\u00f3rmula m\u00e1gica\u201d para que en la carrera presidencial de Morena, haya por fin \u201cpiso parejo\u201d y todo mundo quede conforme. \u00bfSer\u00e1?, porque muy sonriente el canciller dijo que lo anunciar\u00e1 el lunes 5 de junio, justo despu\u00e9s de los comicios a celebrarse en el Estado de M\u00e9xico y Coahuila. El caso es que en ese mismo evento se placear\u00e1 el mism\u00edsimo titular de la SRE, la flamante jefa de Gobierno de la CDMX, <strong>Claudia Sheinbaum,<\/strong> y el secretario de Gobernaci\u00f3n, <strong>Ad\u00e1n Augusto L\u00f3pez Hern\u00e1ndez<\/strong>, quien a ver si no se lleva la senda rechifla que le propinaron los ganaderos.<\/p>\n<p>*** Por cierto, el senador Monreal descart\u00f3 que exista una alianza de Morena con Movimiento Ciudadano e igualmente rechaz\u00f3 que se vaya a romper la alianza entre Morena y el Partido Verde, sin embargo acot\u00f3, \u201c\u2026 recuerdo en el Estado de M\u00e9xico, precisamente hace seis a\u00f1os, que el Presidente de la Rep\u00fablica siendo dirigente nacional de Morena o precandidato, tambi\u00e9n coment\u00f3 algo sobre que era momento de definici\u00f3n, dirigido al Verde; m\u00e1s bien a Convergencia, en ese momento Movimiento Ciudadano y el PT, y el \u00fanico que acep\u00f3 fue el PT\u201d.\u00a0Asimismo, el legislador zacatecano insisti\u00f3 en que el partido del tuc\u00e1n debe permanecer con Morena<\/p>\n<p>*** Y el diputado de Movimiento Ciudadano, <strong>Jorge \u00c1lvarez M\u00e1ynez<\/strong>, sigui\u00f3 insistiendo en la campa\u00f1a en contra del PRI. Esta vez, el diputado ex priista, por cierto aprovech\u00f3 la tribuna de la sesi\u00f3n de la Comisi\u00f3n Permanente, para seguir arremetiendo en contra de su expartido y del dirigente, <strong>Alejandro Moreno C\u00e1rdenas<\/strong>, quien respondi\u00f3 que \u00c1lvarez M\u00e1ynez es un lacayo de Dante Delgado, que tienen como \u00fanico objetivo, romper la coalici\u00f3n.<\/p>\n<p>*** La Comisi\u00f3n Permanente del Congreso de la Uni\u00f3n realiz\u00f3 ayer la declaratoria de aprobaci\u00f3n de la reforma a los art\u00edculos 38 y 102 de la Constituci\u00f3n Pol\u00edtica, conocida como \u201cLey 3 de 3\u201d contra la violencia, luego de que 23 Congresos estatales respaldaran los cambios. La Secretar\u00eda de la Mesa Directiva inform\u00f3 que se recibieron los votos aprobatorios de los congresos de Baja California, Baja California Sur, Campeche, Coahuila, Colima, Chiapas, Chihuahua, Durango, Guanajuato, Guerrero, Estado de M\u00e9xico, Morelos, Nayarit, Puebla, Quintana Roo, Sinaloa, Tabasco, Tamaulipas, Tlaxcala, Veracruz, Yucat\u00e1n, Zacatecas y de la Ciudad de M\u00e9xico. Buena medida, sin duda, porque esto impedir\u00e1 a quienes no cumplen\u00a0 con la manutenci\u00f3n de sus hijos, puedan aspirar a ser candidatos por un cargo de elecci\u00f3n popular, y casos en M\u00e9xico, desafortunadamente, se han visto muchos.<\/p>\n<p><u><a href=\"mailto:morcora@gmail.com\" target=\"_blank\" rel=\"noopener noreferrer\"><em>morcora@gmail.com<\/em><\/a><\/u><\/p>\n","protected":false},"excerpt":{"rendered":"<p><span style=\"color: #005497;\"><strong>Adriana Moreno Cordero<\/strong><\/span><\/p>\n","protected":false},"author":3,"featured_media":0,"comment_status":"open","ping_status":"open","sticky":false,"template":"","format":"standard","meta":{"_monsterinsights_skip_tracking":false,"_monsterinsights_sitenote_active":false,"_monsterinsights_sitenote_note":"","_monsterinsights_sitenote_category":0,"footnotes":""},"categories":[69370],"tags":[69369,69368,43674],"class_list":["post-584911","post","type-post","status-publish","format-standard","hentry","category-adriana-moreno-cordero","tag-adriana-moreno-cordero","tag-la-retaguardia","tag-opinion"],"_links":{"self":[{"href":"https:\/\/www.diarioimagen.net\/index.php?rest_route=\/wp\/v2\/posts\/584911","targetHints":{"allow":["GET"]}}],"collection":[{"href":"https:\/\/www.diarioimagen.net\/index.php?rest_route=\/wp\/v2\/posts"}],"about":[{"href":"https:\/\/www.diarioimagen.net\/index.php?rest_route=\/wp\/v2\/types\/post"}],"author":[{"embeddable":true,"href":"https:\/\/www.diarioimagen.net\/index.php?rest_route=\/wp\/v2\/users\/3"}],"replies":[{"embeddable":true,"href":"https:\/\/www.diarioimagen.net\/index.php?rest_route=%2Fwp%2Fv2%2Fcomments&post=584911"}],"version-history":[{"count":0,"href":"https:\/\/www.diarioimagen.net\/index.php?rest_route=\/wp\/v2\/posts\/584911\/revisions"}],"wp:attachment":[{"href":"https:\/\/www.diarioimagen.net\/index.php?rest_route=%2Fwp%2Fv2%2Fmedia&parent=584911"}],"wp:term":[{"taxonomy":"category","embeddable":true,"href":"https:\/\/www.diarioimagen.net\/index.php?rest_route=%2Fwp%2Fv2%2Fcategories&post=584911"},{"taxonomy":"post_tag","embeddable":true,"href":"https:\/\/www.diarioimagen.net\/index.php?rest_route=%2Fwp%2Fv2%2Ftags&post=584911"}],"curies":[{"name":"wp","href":"https:\/\/api.w.org\/{rel}","templated":true}]}}