{"id":584914,"date":"2023-05-25T00:04:44","date_gmt":"2023-05-25T06:04:44","guid":{"rendered":"https:\/\/www.diarioimagen.net\/?p=584914"},"modified":"2023-05-24T22:25:38","modified_gmt":"2023-05-25T04:25:38","slug":"acuerdo-con-ferrosur","status":"publish","type":"post","link":"https:\/\/www.diarioimagen.net\/?p=584914","title":{"rendered":"Acuerdo con Ferrosur"},"content":{"rendered":"<h2>Desde el portal<\/h2>\n<h5>\u00c1ngel Soriano<\/h5>\n<p>&nbsp;<\/p>\n<p>De 9,500 mdp que ped\u00eda originalmente el magnate Germ\u00e1n Larrea por la ocupaci\u00f3n temporal de Ferrosur y luego que el presidente Andr\u00e9s Manuel L\u00f3pez Obrador considerar\u00e1 la suma \u201ccomo un abuso\u201d, parece ser que todo quedar\u00e1 en 7 mdp a efecto de tranquilizar las aguas que eran movidas por \u201cexpertos\u201d en Derecho que llamaron \u201cexpropiaci\u00f3n\u201d a una recuperaci\u00f3n de una concesi\u00f3n.<\/p>\n<p>No se puede incurrir en un despojo o en \u201cun robo\u201d \u2014como lo dijo la iletrada senadora Lilly T\u00e9llez que a base de esc\u00e1ndalos pretende ganar la Presidencia de M\u00e9xico\u2014, de los bienes que son propiedad de la Naci\u00f3n. Antes s\u00ed, los magnates dispon\u00edan hasta del patrimonio cultural de M\u00e9xico y lo vend\u00edan al extranjero como joyas de su propiedad.<\/p>\n<p>El acuerdo entre el poderoso empresario y el gobierno de M\u00e9xico permite aclarar versiones sin sustento que alimentaron los que opinan de todo sin base, con estridencia y poco nacionalismo, que defienden intereses de los explotadores de M\u00e9xico y con ello se asumen de su clase, en completo desprecio a la clase trabajadora, los ind\u00edgenas y los sectores vulnerables.<\/p>\n<p>Desde luego que una expropiaci\u00f3n de esa naturaleza pudo provocar un esc\u00e1ndalo may\u00fasculo y una mala proyecci\u00f3n de nuestro pa\u00eds en el exterior y en el interior del pa\u00eds, pero se cuidaron las formas y a pesar de que fue una recuperaci\u00f3n leg\u00edtima para la Naci\u00f3n una concesi\u00f3n que imped\u00eda la continuaci\u00f3n de las obras del Tren Trans\u00edstmico, finalmente -se espera se confirme-, a un acuerdo.<\/p>\n<p style=\"text-align: center;\"><strong>TURBULENCIAS<br \/>\nEngallados, los ministros del Poder Judicial<\/strong><\/p>\n<p>El ministro Alberto P\u00e9rez Day\u00e1n, quien ech\u00f3 abajo el \u201cplan \u201cB\u201d de la reforma electoral al opinar sobre el enfrentamiento con el Ejecutivo federal, dijo que si despu\u00e9s de todo lo que suceda se va a ir a vender tamales, ah\u00ed les mandar\u00e9 el men\u00fa. Durante la presentaci\u00f3n del libro de Isidro E. Mu\u00f1oz \u201cLa defensa y la remediaci\u00f3n de los Derechos sociales\u201d, P\u00e9rez Day\u00e1n dijo que mientras la ley y las normas plasmadas en la Constituci\u00f3n dicten las tareas que han guiado desde siempre a los magistrados de la Suprema Corte, no habr\u00e1 duda sobre lo que se tiene que hacer: Se lo he dicho a todos, el d\u00eda que la Constituci\u00f3n cambie y diga otras cosas, ya haremos que esas otras cosas se cumplan, pero mientras no est\u00e9n haremos que se cumplan las que est\u00e1n a costa de lo que sea\u2026 La presentaci\u00f3n del Plan Estatal de Desarrollo del gobernador Salom\u00f3n Jara fue apocado por el estrangulamiento de la ciudad por parte de activistas de la secci\u00f3n XXII del SNTE, adem\u00e1s del bloqueo a la terminal de ADO y al aeropuerto internacional, que caus\u00f3 grandes molestias a turistas nacionales y extranjeros, as\u00ed como a pasajeros que durante horas no pudieron abandonar las instalaciones con grandes molestias. Se ignora cu\u00e1l es la intenci\u00f3n de los maestros de afectar a personas ajenas a sus demandas y m\u00e1s cuando se trata de familias o viajeros con el tiempo debidamente programado para sus actividades. El gobernador fij\u00f3 dos mesas de negociaci\u00f3n para lunes y martes, pero resulta que el martes por la noche quemaron llantas frente a Palacio de Gobierno y en el z\u00f3calo, por lo que intervino la polic\u00eda y se origin\u00f3 un enfrentamiento con saldo de heridos y detenidos\u2026 El senador Ricardo Monreal, presidente de la Jucopo del Senado, inform\u00f3 que la Comisi\u00f3n Permanente emitir\u00eda la declaratoria de constitucionalidad de la Ley 3 de 3 contra la violencia de ni\u00f1as, ni\u00f1os y mujeres, luego de que fue aprobada por m\u00e1s de 16 congresos locales. \u201cPor fin la letra de la reforma a los art\u00edculos 38 y 102 de la Constituci\u00f3n Pol\u00edtica ser\u00e1 una realidad\u201d, indic\u00f3.<\/p>\n<p><u><a href=\"mailto:asorianocarrasco@yahoo.com\" target=\"_blank\" rel=\"noopener noreferrer\"><em>asorianocarrasco@yahoo.com<\/em><\/a><br \/>\n<em><a href=\"https:\/\/revistabrecha.com\" target=\"_blank\" rel=\"noopener noreferrer\">www.revistabrecha.com<\/a><br \/>\n<\/em><\/u><em>facebook oficial <a href=\"https:\/\/es-la.facebook.com\/RevistaBrecha.Oficial\" target=\"_blank\" rel=\"noopener\">@BrechaRevista<\/a><\/em><\/p>\n","protected":false},"excerpt":{"rendered":"<p><span style=\"color: #005497;\"><strong>\u00c1ngel Soriano<\/strong><\/span><\/p>\n","protected":false},"author":3,"featured_media":0,"comment_status":"open","ping_status":"open","sticky":false,"template":"","format":"standard","meta":{"_monsterinsights_skip_tracking":false,"_monsterinsights_sitenote_active":false,"_monsterinsights_sitenote_note":"","_monsterinsights_sitenote_category":0,"footnotes":""},"categories":[135],"tags":[85,86,43674],"class_list":["post-584914","post","type-post","status-publish","format-standard","hentry","category-angel-soriano-opinion","tag-angel-soriano","tag-desde-el-portal","tag-opinion"],"_links":{"self":[{"href":"https:\/\/www.diarioimagen.net\/index.php?rest_route=\/wp\/v2\/posts\/584914","targetHints":{"allow":["GET"]}}],"collection":[{"href":"https:\/\/www.diarioimagen.net\/index.php?rest_route=\/wp\/v2\/posts"}],"about":[{"href":"https:\/\/www.diarioimagen.net\/index.php?rest_route=\/wp\/v2\/types\/post"}],"author":[{"embeddable":true,"href":"https:\/\/www.diarioimagen.net\/index.php?rest_route=\/wp\/v2\/users\/3"}],"replies":[{"embeddable":true,"href":"https:\/\/www.diarioimagen.net\/index.php?rest_route=%2Fwp%2Fv2%2Fcomments&post=584914"}],"version-history":[{"count":0,"href":"https:\/\/www.diarioimagen.net\/index.php?rest_route=\/wp\/v2\/posts\/584914\/revisions"}],"wp:attachment":[{"href":"https:\/\/www.diarioimagen.net\/index.php?rest_route=%2Fwp%2Fv2%2Fmedia&parent=584914"}],"wp:term":[{"taxonomy":"category","embeddable":true,"href":"https:\/\/www.diarioimagen.net\/index.php?rest_route=%2Fwp%2Fv2%2Fcategories&post=584914"},{"taxonomy":"post_tag","embeddable":true,"href":"https:\/\/www.diarioimagen.net\/index.php?rest_route=%2Fwp%2Fv2%2Ftags&post=584914"}],"curies":[{"name":"wp","href":"https:\/\/api.w.org\/{rel}","templated":true}]}}