{"id":584999,"date":"2023-05-26T00:06:38","date_gmt":"2023-05-26T06:06:38","guid":{"rendered":"https:\/\/www.diarioimagen.net\/?p=584999"},"modified":"2023-05-29T01:00:57","modified_gmt":"2023-05-29T07:00:57","slug":"divulgar-la-ciencia-es-un-acto-democratizador-del-conocimiento-jose-daniel-edelstein-en-la-uaemex","status":"publish","type":"post","link":"https:\/\/www.diarioimagen.net\/?p=584999","title":{"rendered":"\u201cDivulgar la ciencia es un acto democratizador del conocimiento\u201d: Jos\u00e9 Daniel Edelstein en la UAEM\u00e9x"},"content":{"rendered":"<p>&nbsp;<\/p>\n<ul>\n<li><strong><em>Como parte de las Jornadas de la Ciencia 2023, el te\u00f3rico y f\u00edsico argentino imparti\u00f3 la conferencia magistral \u201cEl universo de Albert y Stephen\u201d<\/em><\/strong><\/li>\n<\/ul>\n<p>&nbsp;<\/p>\n<div id=\"attachment_585149\" style=\"width: 470px\" class=\"wp-caption aligncenter\"><a href=\"https:\/\/www.diarioimagen.net\/?attachment_id=585149\" rel=\"attachment wp-att-585149\"><img loading=\"lazy\" decoding=\"async\" aria-describedby=\"caption-attachment-585149\" class=\"size-full wp-image-585149\" src=\"https:\/\/www.diarioimagen.net\/wp-content\/uploads\/2023\/05\/uaem-divulgar-ciencia.jpg\" alt=\"\" width=\"460\" height=\"270\" \/><\/a><p id=\"caption-attachment-585149\" class=\"wp-caption-text\">Jos\u00e9 Daniel Edelstein, quien fue cercano al te\u00f3rico Stephen Hawking, explic\u00f3 a la audiencia algunas de las aportaciones del tambi\u00e9n cient\u00edfico ingl\u00e9s.<\/p><\/div>\n<p>&nbsp;<\/p>\n<p><strong>Toluca, Estado de M\u00e9xico.\u2013<\/strong> Con la ponencia magistral \u201cEl universo de Albert y Stephen\u201d, impartida por el f\u00edsico, te\u00f3rico y divulgador de la ciencia, Jos\u00e9 Daniel Edelstein, iniciaron en la Universidad Aut\u00f3noma del Estado de M\u00e9xico (UAEM\u00e9x) las Jornadas de la Ciencia 2023, evento que encabez\u00f3 la secretaria de Investigaci\u00f3n y Estudios Avanzados, Martha Patricia Zarza Delgado.<\/p>\n<p>En la Sala \u201cGustavo Baz Prada\u201d del Edificio de Rector\u00eda, Zarza Delgado refiri\u00f3 que acercar a la sociedad los avances cient\u00edficos y tecnol\u00f3gicos de una forma accesible y comprensible para una audiencia no necesariamente especializada en el tema es una labor que resulta particularmente relevante cuando se trata de interesar a la ni\u00f1ez y a la juventud para que siga el camino de la ciencia.<\/p>\n<p>En ese sentido, indic\u00f3 que las Jornadas de la Ciencia 2023 es una actividad que le permite a la UAEM\u00e9x cumplir con la funci\u00f3n de acercar y divulgar la ciencia, tanto entre la comunidad universitaria como la poblaci\u00f3n en general.<\/p>\n<p>\u201cLa Universidad Aut\u00f3noma del Estado de M\u00e9xico, a trav\u00e9s de la Secretar\u00eda de Investigaci\u00f3n y Estudios Avanzados, promueve espacios de divulgaci\u00f3n cient\u00edfica con dimensi\u00f3n humana. Por tal raz\u00f3n, nos alegramos de ofrecer estas Jornadas de la Ciencia\u201d, dijo.<\/p>\n<p>En tanto, Edelstein hizo un recorrido hist\u00f3rico sobre la importancia de las aportaciones de diferentes cient\u00edficos y te\u00f3ricos del siglo XX y XXI como Albert Einstein y Stephen Hawking para conocer el origen del universo y la existencia e importancia de los agujeros negros.<\/p>\n<p>Asimismo, el te\u00f3rico argentino afirm\u00f3 que la divulgaci\u00f3n de la ciencia es un acto democratizador del conocimiento que permite comprender el mundo que habitamos y tomar, desde esa perspectiva, decisiones.<\/p>\n<p>Edelstein es f\u00edsico te\u00f3rico, doctorado en la Universidad de la Plata, donde fue docente. Hizo algunas estancias posdoctorales en las universidades de Compostela, Harvard y el Instituto Superior T\u00e9cnico de Lisboa. Actualmente es profesor en el Departamento de F\u00edsica de Part\u00edculas de la Universidad Compostelana. Eldestein, quien fue cercano al te\u00f3rico Stephen Hawking, tambi\u00e9n es divulgador de la ciencia y ha publicado m\u00e1s de medio centenar de art\u00edculos cient\u00edficos en las principales revistas cient\u00edficas internacionales.<\/p>\n<p>Durante la conferencia magistral estuvieron presentes la directora para la Internacionalizaci\u00f3n de la Secretar\u00eda de Investigaci\u00f3n y Estudios Avanzados de la UAEM\u00e9x, Mariana Ortiz Reynoso, y la investigadora de la Facultad de Ciencias, Susana Vald\u00e9s Alvarado, as\u00ed como investigadores y comunidad estudiantil universitaria.<\/p>\n","protected":false},"excerpt":{"rendered":"<p>Con la ponencia magistral \u201cEl universo de Albert y Stephen\u201d, impartida por el f\u00edsico, te\u00f3rico y divulgador de la ciencia, Jos\u00e9 Daniel Edelstein, iniciaron en la Universidad Aut\u00f3noma del Estado de M\u00e9xico (UAEM\u00e9x) las Jornadas de la Ciencia 2023, evento que encabez\u00f3 la secretaria de Investigaci\u00f3n y Estudios Avanzados, Martha Patricia Zarza Delgado.<\/p>\n","protected":false},"author":3,"featured_media":585149,"comment_status":"open","ping_status":"open","sticky":false,"template":"","format":"standard","meta":{"_monsterinsights_skip_tracking":false,"_monsterinsights_sitenote_active":false,"_monsterinsights_sitenote_note":"","_monsterinsights_sitenote_category":0,"footnotes":""},"categories":[5],"tags":[97948,43675,452,67878],"class_list":["post-584999","post","type-post","status-publish","format-standard","has-post-thumbnail","hentry","category-estado-de-mexico","tag-democratizador","tag-estado-de-mexico","tag-toluca","tag-uaemex"],"_links":{"self":[{"href":"https:\/\/www.diarioimagen.net\/index.php?rest_route=\/wp\/v2\/posts\/584999","targetHints":{"allow":["GET"]}}],"collection":[{"href":"https:\/\/www.diarioimagen.net\/index.php?rest_route=\/wp\/v2\/posts"}],"about":[{"href":"https:\/\/www.diarioimagen.net\/index.php?rest_route=\/wp\/v2\/types\/post"}],"author":[{"embeddable":true,"href":"https:\/\/www.diarioimagen.net\/index.php?rest_route=\/wp\/v2\/users\/3"}],"replies":[{"embeddable":true,"href":"https:\/\/www.diarioimagen.net\/index.php?rest_route=%2Fwp%2Fv2%2Fcomments&post=584999"}],"version-history":[{"count":0,"href":"https:\/\/www.diarioimagen.net\/index.php?rest_route=\/wp\/v2\/posts\/584999\/revisions"}],"wp:featuredmedia":[{"embeddable":true,"href":"https:\/\/www.diarioimagen.net\/index.php?rest_route=\/wp\/v2\/media\/585149"}],"wp:attachment":[{"href":"https:\/\/www.diarioimagen.net\/index.php?rest_route=%2Fwp%2Fv2%2Fmedia&parent=584999"}],"wp:term":[{"taxonomy":"category","embeddable":true,"href":"https:\/\/www.diarioimagen.net\/index.php?rest_route=%2Fwp%2Fv2%2Fcategories&post=584999"},{"taxonomy":"post_tag","embeddable":true,"href":"https:\/\/www.diarioimagen.net\/index.php?rest_route=%2Fwp%2Fv2%2Ftags&post=584999"}],"curies":[{"name":"wp","href":"https:\/\/api.w.org\/{rel}","templated":true}]}}