{"id":585003,"date":"2023-05-26T00:05:26","date_gmt":"2023-05-26T06:05:26","guid":{"rendered":"https:\/\/www.diarioimagen.net\/?p=585003"},"modified":"2023-05-29T01:01:20","modified_gmt":"2023-05-29T07:01:20","slug":"indiscutible-desarrollo-de-la-enfermeria-durante-las-ultimas-dos-decadas","status":"publish","type":"post","link":"https:\/\/www.diarioimagen.net\/?p=585003","title":{"rendered":"Indiscutible, desarrollo de la enfermer\u00eda durante las \u00faltimas dos d\u00e9cadas"},"content":{"rendered":"<p>&nbsp;<\/p>\n<div id=\"attachment_585147\" style=\"width: 470px\" class=\"wp-caption aligncenter\"><a href=\"https:\/\/www.diarioimagen.net\/?attachment_id=585147\" rel=\"attachment wp-att-585147\"><img loading=\"lazy\" decoding=\"async\" aria-describedby=\"caption-attachment-585147\" class=\"size-full wp-image-585147\" src=\"https:\/\/www.diarioimagen.net\/wp-content\/uploads\/2023\/05\/Uaem-indiscutible.jpg\" alt=\"\" width=\"460\" height=\"270\" \/><\/a><p id=\"caption-attachment-585147\" class=\"wp-caption-text\">El Centro Universitario Zumpango de la UAEM\u00e9x llev\u00f3 a cabo la Segunda Jornada Acad\u00e9mica por el D\u00eda Internacional de la Enfermer\u00eda.<\/p><\/div>\n<p>&nbsp;<\/p>\n<p><strong>Zumpango, Estado de M\u00e9xico.\u2013<\/strong> El Centro Universitario Zumpango de la Universidad Aut\u00f3noma del Estado de M\u00e9xico (UAEM\u00e9x) llev\u00f3 a cabo la Segunda Jornada Acad\u00e9mica por el D\u00eda Internacional de la Enfermer\u00eda, en la que participaron autoridades de instituciones hospitalarias, docentes, pasantes, egresados y estudiantes de la Licenciatura en Enfermer\u00eda que ofrece este espacio universitario.<\/p>\n<p>En el inicio del programa de actividades de esta jornada acad\u00e9mica, en representaci\u00f3n del rector Carlos Eduardo Barrera D\u00edaz, el secretario de Docencia de la Aut\u00f3noma mexiquense, Jos\u00e9 Raymundo Marcial Romero, afirm\u00f3 que, con fundamento en el conocimiento cient\u00edfico, la enfermer\u00eda es una disciplina noble, cuyos profesionales tienen como prop\u00f3sito la b\u00fasqueda del bienestar individual y colectivo, por lo que gozan del respeto y reconocimiento de toda la sociedad.<\/p>\n<p>Ante el encargado del despacho de la direcci\u00f3n del Centro Universitario Zumpango, Guillermo Palem\u00f3n Hern\u00e1ndez Bastida, y la directora de Estudios Profesionales de la Aut\u00f3noma mexiquense, Sandra Luz Mart\u00ednez Vargas, la coordinadora acad\u00e9mica de la Licenciatura en Enfermer\u00eda, Nidia Guadalupe Hern\u00e1ndez Y\u00e1\u00f1ez, sostuvo que la lucha de las y los enfermeros por conquistar un mejor estatus social, laboral y econ\u00f3mico ha costado mucho trabajo a lo largo de los a\u00f1os y apenas hace dos d\u00e9cadas la profesi\u00f3n evolucion\u00f3 de forma considerable como disciplina cient\u00edfica.<\/p>\n<p>\u201cEl desarrollo de la enfermer\u00eda como disciplina ha sido innegable y ello se debe fundamentalmente al ingreso de enfermeras y enfermeros a los estudios de posgrado como maestr\u00eda y doctorado, que han promovido el inter\u00e9s por el desarrollo de conocimiento y la investigaci\u00f3n\u201d, dijo.<\/p>\n<p>Finalmente, asegur\u00f3 Hern\u00e1ndez Y\u00e1\u00f1ez, estamos empoderados en nuestro trabajo asistencial diario, en nuestra toma de decisiones, en el liderazgo, en la gesti\u00f3n de equipos y en nuestras relaciones con otras profesiones y con nuestros propios pacientes.<\/p>\n<p>Cabe destacar que en este marco, la supervisora de Enfermer\u00eda del Hospital General \u201cLa Perla\u201d del ISEM, Viviana Mendoza Pineda, dict\u00f3 la Conferencia Magistral \u201cEnfermer\u00eda, una visi\u00f3n hacia el futuro\u201d.<\/p>\n","protected":false},"excerpt":{"rendered":"<p>El Centro Universitario Zumpango de la Universidad Aut\u00f3noma del Estado de M\u00e9xico (UAEM\u00e9x) llev\u00f3 a cabo la Segunda Jornada Acad\u00e9mica por el D\u00eda Internacional de la Enfermer\u00eda, en la que participaron autoridades de instituciones hospitalarias, docentes, pasantes, egresados y estudiantes de la Licenciatura en Enfermer\u00eda que ofrece este espacio universitario.<\/p>\n","protected":false},"author":3,"featured_media":585147,"comment_status":"open","ping_status":"open","sticky":false,"template":"","format":"standard","meta":{"_monsterinsights_skip_tracking":false,"_monsterinsights_sitenote_active":false,"_monsterinsights_sitenote_note":"","_monsterinsights_sitenote_category":0,"footnotes":""},"categories":[5],"tags":[43675,446],"class_list":["post-585003","post","type-post","status-publish","format-standard","has-post-thumbnail","hentry","category-estado-de-mexico","tag-estado-de-mexico","tag-zumpango"],"_links":{"self":[{"href":"https:\/\/www.diarioimagen.net\/index.php?rest_route=\/wp\/v2\/posts\/585003","targetHints":{"allow":["GET"]}}],"collection":[{"href":"https:\/\/www.diarioimagen.net\/index.php?rest_route=\/wp\/v2\/posts"}],"about":[{"href":"https:\/\/www.diarioimagen.net\/index.php?rest_route=\/wp\/v2\/types\/post"}],"author":[{"embeddable":true,"href":"https:\/\/www.diarioimagen.net\/index.php?rest_route=\/wp\/v2\/users\/3"}],"replies":[{"embeddable":true,"href":"https:\/\/www.diarioimagen.net\/index.php?rest_route=%2Fwp%2Fv2%2Fcomments&post=585003"}],"version-history":[{"count":0,"href":"https:\/\/www.diarioimagen.net\/index.php?rest_route=\/wp\/v2\/posts\/585003\/revisions"}],"wp:featuredmedia":[{"embeddable":true,"href":"https:\/\/www.diarioimagen.net\/index.php?rest_route=\/wp\/v2\/media\/585147"}],"wp:attachment":[{"href":"https:\/\/www.diarioimagen.net\/index.php?rest_route=%2Fwp%2Fv2%2Fmedia&parent=585003"}],"wp:term":[{"taxonomy":"category","embeddable":true,"href":"https:\/\/www.diarioimagen.net\/index.php?rest_route=%2Fwp%2Fv2%2Fcategories&post=585003"},{"taxonomy":"post_tag","embeddable":true,"href":"https:\/\/www.diarioimagen.net\/index.php?rest_route=%2Fwp%2Fv2%2Ftags&post=585003"}],"curies":[{"name":"wp","href":"https:\/\/api.w.org\/{rel}","templated":true}]}}