{"id":585005,"date":"2023-05-26T00:01:33","date_gmt":"2023-05-26T06:01:33","guid":{"rendered":"https:\/\/www.diarioimagen.net\/?p=585005"},"modified":"2023-05-29T01:01:05","modified_gmt":"2023-05-29T07:01:05","slug":"amlo-se-mofa-de-la-propuesta-del-pan-para-definir-presidenciables-mediante-encuesta","status":"publish","type":"post","link":"https:\/\/www.diarioimagen.net\/?p=585005","title":{"rendered":"AMLO se mofa de la propuesta del PAN para definir presidenciables mediante encuesta"},"content":{"rendered":"<p><strong>\u00a0<\/strong><\/p>\n<h3 style=\"text-align: center;\">\u201cEs muy brillante la idea\u201d<\/h3>\n<p>&nbsp;<\/p>\n<ul>\n<li><strong><em>Duda que muchos de los aspirantes puedan lograr reunir el mill\u00f3n de firmas; \u201ca lo mejor unos 10 o cinco\u201d, dice<\/em><\/strong><\/li>\n<\/ul>\n<p>&nbsp;<\/p>\n<div id=\"attachment_585131\" style=\"width: 470px\" class=\"wp-caption aligncenter\"><a href=\"https:\/\/www.diarioimagen.net\/?attachment_id=585131\" rel=\"attachment wp-att-585131\"><img loading=\"lazy\" decoding=\"async\" aria-describedby=\"caption-attachment-585131\" class=\"size-full wp-image-585131\" src=\"https:\/\/www.diarioimagen.net\/wp-content\/uploads\/2023\/05\/amlo-12.jpg\" alt=\"\" width=\"460\" height=\"270\" \/><\/a><p id=\"caption-attachment-585131\" class=\"wp-caption-text\">Andr\u00e9s Manuel L\u00f3pez Obrador se burl\u00f3 de la propuesta del PAN para elegir candidatos presidenciales.<\/p><\/div>\n<p>&nbsp;<\/p>\n<p>El presidente Andr\u00e9s Manuel L\u00f3pez Obrador se mof\u00f3 de la propuesta de Marko Cort\u00e9s, l\u00edder nacional del Partido Acci\u00f3n Nacional (PAN), a sus hom\u00f3logos del PRI y PRD, para que sea mediante una encuesta como se elija al candidato presidencial de la alianza Va por M\u00e9xico.<\/p>\n<p>En su conferencia ma\u00f1anera de este jueves, el primer mandatario explic\u00f3 que dicho modelo se lo est\u00e1 plagiando la oposici\u00f3n de cuando lo instaur\u00f3 hace varios a\u00f1os en Morena.<\/p>\n<p>\u201cLos conozco muy bien, por eso hasta ahora que decidieron c\u00f3mo van, ya les voy a cobrar derechos de autor, porque me est\u00e1n plagiando, ya estoy viendo que van a terminar haciendo encuestas \u00bfverdad? Para all\u00e1 van.<\/p>\n<p>\u201cEst\u00e1n pidiendo firmas, 1 mill\u00f3n de firmas, hay que tener cuidado, porque las falsifican \u00bfeh? Y no hablo al tanteo, tengo pruebas, ah\u00ed se los dejo de tarea, para que vean qu\u00e9 si falsifican firmas. Pero bueno, es muy interesante todo esto, bordar, bordar, bordar alrededor de los temas, porque se le da contexto\u201d, expuso.<\/p>\n<p>\u201cPero s\u00ed ya, es la definici\u00f3n del m\u00e9todo, van a tener que reunir 1 mill\u00f3n de firmas, si lo logran, pero no muchos, porque hay como 60, como 100, \u00bfcu\u00e1ntos lograr\u00e1n contar 1 mill\u00f3n de firmas, de ellos? A lo mejor unos 10 o cinco y le tienen que meter.<\/p>\n<p>\u201cTienen que hacer trabajo, es muy buena la propuesta, brillante, porque cuando menos van est\u00e1n entretenidos, trabajando y para que ya nos dejen un tiempo\u201d, coment\u00f3 L\u00f3pez Obrador.<\/p>\n<p style=\"text-align: center;\"><strong>Se dio \u201cmanga ancha\u201d a jueces para<br \/>\nque liberen a narcos, acusa AMLO<\/strong><\/p>\n<p>En otro tema, el presidente L\u00f3pez Obrador dijo que la ministra presidenta de la Suprema Corte de Justicia de la Naci\u00f3n (SCJN), Norma Pi\u00f1a, empoder\u00f3 a los jueces al decir, en una de sus primeras declaraciones, que son aut\u00f3nomos y eso fue darles \u201cmanga ancha\u201d para poder liberar a narcotraficantes y violadores<\/p>\n<p>En su conferencia ma\u00f1anera de este jueves, L\u00f3pez Obrador manifest\u00f3 que los jueces tienen que actuar con autonom\u00eda, pero con apego a la ley.<\/p>\n<p>\u201cSale un violador, un narcotraficante, (dicen) `el gobierno\u00b4, no, no, es un juez que pertenece al Poder Judicial. Y como ahora la presidenta del Poder Judicial, la presidenta de la Suprema Corte, lo primero que declar\u00f3 fue `los jueces son aut\u00f3nomos\u00b4, entonces los empoder\u00f3 con ese argumento y s\u00ed, desde luego que un juez tiene que actuar con autonom\u00eda, pero con apego a la ley, pero fue darles manga ancha\u201d, dijo.<\/p>\n<p>\u201cYo sostengo que el Poder Judicial est\u00e1 podrido, echado a perder, a lo mejor hay excepciones y son honrosas excepciones, pero es eso, la excepci\u00f3n, no la regla general\u201d, indic\u00f3 el mandatario federal.<\/p>\n<p>Tras insistir que durante d\u00e9cadas hubo una simulaci\u00f3n con un gatopardismo para mostrar que hab\u00eda una divisi\u00f3n de poderes, pero en el fondo era el Ejecutivo federal el que \u201cpon\u00eda quitaba, diputados, senadores, gobernadores, magistrados, ministros\u201d, se\u00f1al\u00f3 que ahora es distinto.<\/p>\n<p style=\"text-align: center;\"><strong>L\u00f3pez Obrador llama a latinos a no votar por<br \/>\nDeSantis, aspirante a la presidencia de EU<\/strong><\/p>\n<p>Por otra parte, el presidente L\u00f3pez Obrador pidi\u00f3 a la comunidad de hispanos en Estados Unidos no votar por ning\u00fan candidato que tenga como objetivo perseguir a los migrantes y criminalizarlos.<\/p>\n<p>El primer mandatario tron\u00f3 contra el gobernador de Florida, Ron DeSantis, quien el mi\u00e9rcoles lanz\u00f3 su precandidatura presidencial en Estados Unidos por el partido Republicano, por lo que llam\u00f3 a todos los latinos a no votar por \u00e9l por sus pol\u00edticas anti inmigrantes.<\/p>\n<p>\u201cQuiere ser el candidato del partido Republicano entonces ya se destap\u00f3 y lo mismo lo que ya aplic\u00f3 en Florida, una pol\u00edtica anti inmigrante -ojal\u00e1 y los hispanos de Florida despierten y no le den ni un voto- que no se vote por los que persiguen a migrantes, los que no respetan a migrantes.<\/p>\n<p>\u201cPorque el migrante, como se dice en la Biblia, merece respeto, hay que respetar, dice, la Biblia al forastero, no maltratarlo\u201d, se\u00f1al\u00f3.<\/p>\n<p>En ese sentido, L\u00f3pez Obrador cuestion\u00f3 los se\u00f1alamientos del gobernador de Florida respecto al trasiego de fentanilo desde M\u00e9xico y plante\u00f3 que quiz\u00e1 esta sustancia pueda ser desembarcada en este estado desde Asia.<\/p>\n<p>\u201cTambi\u00e9n preguntarle a DeSantis, porque una de esas como son muy hip\u00f3critas, puede ser que tenga migrantes trabajando a su servicio, y luego sac\u00f3 tambi\u00e9n lo mismo, lo del fentanilo pensando que con eso va a este a obtener votos.<\/p>\n<p>\u201cQue empiece a ver, porque en una de esas el fentanilo est\u00e1 llegando por Florida, porque s\u00ed llega a Estados Unidos desde Asia, eso est\u00e1 probado, para que no nos est\u00e9n culpando a nosotros. Primero que hagan una investigaci\u00f3n porque en una de esas la droga entra por Florida\u201d, acus\u00f3.<\/p>\n","protected":false},"excerpt":{"rendered":"<p>El presidente Andr\u00e9s Manuel L\u00f3pez Obrador se mof\u00f3 de la propuesta de Marko Cort\u00e9s, l\u00edder nacional del Partido Acci\u00f3n Nacional (PAN), a sus hom\u00f3logos del PRI y PRD, para que sea mediante una encuesta como se elija al candidato presidencial de la alianza Va por M\u00e9xico.<\/p>\n","protected":false},"author":3,"featured_media":585131,"comment_status":"open","ping_status":"open","sticky":false,"template":"","format":"standard","meta":{"_monsterinsights_skip_tracking":false,"_monsterinsights_sitenote_active":false,"_monsterinsights_sitenote_note":"","_monsterinsights_sitenote_category":0,"footnotes":""},"categories":[3],"tags":[2545,67990,43673,91],"class_list":["post-585005","post","type-post","status-publish","format-standard","has-post-thumbnail","hentry","category-nacional","tag-amlo","tag-encuesta","tag-nacional","tag-pan"],"_links":{"self":[{"href":"https:\/\/www.diarioimagen.net\/index.php?rest_route=\/wp\/v2\/posts\/585005","targetHints":{"allow":["GET"]}}],"collection":[{"href":"https:\/\/www.diarioimagen.net\/index.php?rest_route=\/wp\/v2\/posts"}],"about":[{"href":"https:\/\/www.diarioimagen.net\/index.php?rest_route=\/wp\/v2\/types\/post"}],"author":[{"embeddable":true,"href":"https:\/\/www.diarioimagen.net\/index.php?rest_route=\/wp\/v2\/users\/3"}],"replies":[{"embeddable":true,"href":"https:\/\/www.diarioimagen.net\/index.php?rest_route=%2Fwp%2Fv2%2Fcomments&post=585005"}],"version-history":[{"count":0,"href":"https:\/\/www.diarioimagen.net\/index.php?rest_route=\/wp\/v2\/posts\/585005\/revisions"}],"wp:featuredmedia":[{"embeddable":true,"href":"https:\/\/www.diarioimagen.net\/index.php?rest_route=\/wp\/v2\/media\/585131"}],"wp:attachment":[{"href":"https:\/\/www.diarioimagen.net\/index.php?rest_route=%2Fwp%2Fv2%2Fmedia&parent=585005"}],"wp:term":[{"taxonomy":"category","embeddable":true,"href":"https:\/\/www.diarioimagen.net\/index.php?rest_route=%2Fwp%2Fv2%2Fcategories&post=585005"},{"taxonomy":"post_tag","embeddable":true,"href":"https:\/\/www.diarioimagen.net\/index.php?rest_route=%2Fwp%2Fv2%2Ftags&post=585005"}],"curies":[{"name":"wp","href":"https:\/\/api.w.org\/{rel}","templated":true}]}}