{"id":585022,"date":"2023-05-26T00:03:13","date_gmt":"2023-05-26T06:03:13","guid":{"rendered":"https:\/\/www.diarioimagen.net\/?p=585022"},"modified":"2023-05-26T01:23:32","modified_gmt":"2023-05-26T07:23:32","slug":"estamos-unidos-y-fuertes-dice-el-pt-rumbo-a-la-eleccion","status":"publish","type":"post","link":"https:\/\/www.diarioimagen.net\/?p=585022","title":{"rendered":"Estamos unidos y fuertes, dice el PT, rumbo a la elecci\u00f3n"},"content":{"rendered":"<p>&nbsp;<\/p>\n<p><a href=\"https:\/\/www.diarioimagen.net\/?attachment_id=585125\" rel=\"attachment wp-att-585125\"><img loading=\"lazy\" decoding=\"async\" class=\"aligncenter size-full wp-image-585125\" src=\"https:\/\/www.diarioimagen.net\/wp-content\/uploads\/2023\/05\/estamos-unidos.jpg\" alt=\"\" width=\"460\" height=\"270\" \/><\/a><\/p>\n<p>&nbsp;<\/p>\n<p><strong>Valle de M\u00e9xico.\u2014 <\/strong>El dirigente estatal del Partido del Trabajo (PT), \u00d3scar Gonz\u00e1lez Y\u00e1\u00f1ez, ense\u00f1\u00f3 c\u00f3mo votar por el cambio verdadero que representa la maestra Delfina G\u00f3mez \u00c1lvarez, candidata a gobernadora del Estado de M\u00e9xico por Morena, PT y PVEM, durante el mitin de campa\u00f1a celebrado en Atlacomulco.<\/p>\n<p>Marcando con una cruz el recuadro con el nombre de la maestra Delfina G\u00f3mez, quien encabeza la candidatura com\u00fan Juntos Hacemos Historia en el Estado de M\u00e9xico, \u00d3scar Gonz\u00e1lez indic\u00f3 que este 4 de junio \u201cas\u00ed se vota por la esperanza, la dignidad y la libertad del Estado de M\u00e9xico\u201d.<\/p>\n","protected":false},"excerpt":{"rendered":"<p>El dirigente estatal del Partido del Trabajo (PT), \u00d3scar Gonz\u00e1lez Y\u00e1\u00f1ez, ense\u00f1\u00f3 c\u00f3mo votar por el cambio verdadero que representa la maestra Delfina G\u00f3mez \u00c1lvarez, candidata a gobernadora del Estado de M\u00e9xico por Morena, PT y PVEM, durante el mitin de campa\u00f1a celebrado en Atlacomulco.<\/p>\n","protected":false},"author":3,"featured_media":585125,"comment_status":"open","ping_status":"open","sticky":false,"template":"","format":"standard","meta":{"_monsterinsights_skip_tracking":false,"_monsterinsights_sitenote_active":false,"_monsterinsights_sitenote_note":"","_monsterinsights_sitenote_category":0,"footnotes":""},"categories":[5],"tags":[71756,366],"class_list":["post-585022","post","type-post","status-publish","format-standard","has-post-thumbnail","hentry","category-estado-de-mexico","tag-oscar-gonzalez-yanez","tag-pt"],"_links":{"self":[{"href":"https:\/\/www.diarioimagen.net\/index.php?rest_route=\/wp\/v2\/posts\/585022","targetHints":{"allow":["GET"]}}],"collection":[{"href":"https:\/\/www.diarioimagen.net\/index.php?rest_route=\/wp\/v2\/posts"}],"about":[{"href":"https:\/\/www.diarioimagen.net\/index.php?rest_route=\/wp\/v2\/types\/post"}],"author":[{"embeddable":true,"href":"https:\/\/www.diarioimagen.net\/index.php?rest_route=\/wp\/v2\/users\/3"}],"replies":[{"embeddable":true,"href":"https:\/\/www.diarioimagen.net\/index.php?rest_route=%2Fwp%2Fv2%2Fcomments&post=585022"}],"version-history":[{"count":0,"href":"https:\/\/www.diarioimagen.net\/index.php?rest_route=\/wp\/v2\/posts\/585022\/revisions"}],"wp:featuredmedia":[{"embeddable":true,"href":"https:\/\/www.diarioimagen.net\/index.php?rest_route=\/wp\/v2\/media\/585125"}],"wp:attachment":[{"href":"https:\/\/www.diarioimagen.net\/index.php?rest_route=%2Fwp%2Fv2%2Fmedia&parent=585022"}],"wp:term":[{"taxonomy":"category","embeddable":true,"href":"https:\/\/www.diarioimagen.net\/index.php?rest_route=%2Fwp%2Fv2%2Fcategories&post=585022"},{"taxonomy":"post_tag","embeddable":true,"href":"https:\/\/www.diarioimagen.net\/index.php?rest_route=%2Fwp%2Fv2%2Ftags&post=585022"}],"curies":[{"name":"wp","href":"https:\/\/api.w.org\/{rel}","templated":true}]}}