{"id":585047,"date":"2023-05-26T00:01:32","date_gmt":"2023-05-26T06:01:32","guid":{"rendered":"https:\/\/www.diarioimagen.net\/?p=585047"},"modified":"2023-05-25T23:06:07","modified_gmt":"2023-05-26T05:06:07","slug":"de-vida-o-muerte","status":"publish","type":"post","link":"https:\/\/www.diarioimagen.net\/?p=585047","title":{"rendered":"De vida o muerte"},"content":{"rendered":"<h2>De pe a pa<\/h2>\n<h5>Alberto Vieyra G.<\/h5>\n<p>&nbsp;<\/p>\n<p>Las elecciones para gobernador en el Estado de M\u00e9xico se convirtieron en un asunto de vida o muerte para AMLO y la coalici\u00f3n Va por M\u00e9xico.<\/p>\n<p>El Edomex, con un padr\u00f3n electoral de 12 millones 705 mil 859 ciudadanos, ser\u00e1 disputados rabiosamente por Morena y la coalici\u00f3n integrada por PRI, PAN y PRD el pr\u00f3ximo 4 de junio. El ganador de esa contienda avanzar\u00e1 a la antesala de la Presidencia de la Rep\u00fablica para 2024, s\u00f3lo le faltar\u00e1 obtener mayor\u00eda en la capital del pa\u00eds con un padr\u00f3n de 7 millones 713 mil 298 electores. Juntas, ambas entidades contabilizan 20 millones 419 mil 157 electores, entre ellos casi 3 millones de nuevos ciudadanos que votar\u00e1n por primera vez en una elecci\u00f3n estatal y federal. En total poco m\u00e1s de 6 millones de j\u00f3venes en M\u00e9xico, ya cumplieron 18 a\u00f1os y se estrenar\u00e1n votando en la presidencial del a\u00f1o venidero. Hasta hoy, el Padr\u00f3n Electoral Federal es de 97 millones 232 mil 962 ciudadanos con credencial de elector. Conquistado los bastiones de la Ciudad de M\u00e9xico, el Edomex y lo que se acumule en el resto de las entidades de la Rep\u00fablica, la silla presidencial quedar\u00e1 amarrada para quien logre esa mayor\u00eda de vida o muerte.<\/p>\n<p>El gobierno de Claudia Sheinbaum y su jefe AMLO entraron ya en una etapa de creciente nerviosismo, ya que no cuentan con un \u201cgallo\u201d o \u201cgallina\u201d de arrastre en la capital del pa\u00eds, donde perdieron la mayor\u00eda de las alcald\u00edas en las pasadas elecciones federales de 2021.<\/p>\n<p>Ricardo Monreal, cuyos bonos pol\u00edticos han venido a menos por su deplorable papel como l\u00edder en el Senado de la Rep\u00fablica, sigue so\u00f1ando con la silla presidencial, pero en realidad su sue\u00f1o dorado es conseguir la candidatura morenista para el gobierno de la Ciudad de M\u00e9xico, pero ah\u00ed topar\u00eda con dos panistas que tienen el gran arrastre para vencer a Morena: Santiago Taboada y la senadora X\u00f3chitl G\u00e1lvez. Actualmente, Taboada es combatido rabiosamente por Claudia Sheinbaum, quien le ha hecho una aureola de maloso ladr\u00f3n. Do\u00f1a Claudia apuesta al exterminio pol\u00edtico por la v\u00eda jur\u00eddica.<\/p>\n<p>Por lo que hace a las elecciones mexiquenses, en los altos c\u00edrculos del poder pol\u00edtico de M\u00e9xico hay tambi\u00e9n nerviosismo porque su candidata en el Edomex no logr\u00f3 emocionar ni a su familia y su actitud de vedette asumida durante los dos debates organizados por el \u00e1rbitro electoral del Edomex, la exhibieron con un sello de corrupci\u00f3n por los moches que recibi\u00f3 en el gobierno municipal de Texcoco y con un magro perfil cultural. Todos esos factores evitar\u00e1n necesariamente que do\u00f1a Delfina G\u00f3mez arrase en el Edomex y en cambio la contienda se espera sumamente re\u00f1ida, merced a las buenas propuestas de la priista Alejandra Del Moral, quien ha prometido devolverles a los mexiquenses el Seguro Popular, desaparecido por AMLO, que representar\u00eda miles de votos.<\/p>\n<p>Y en efecto, poco m\u00e1s de 6 millones de nuevos electores podr\u00edan hacer la diferencia, tanto en las elecciones de gobernador en el Edomex como en las presidenciales del a\u00f1o que viene. Adem\u00e1s, Morena y AMLO cosechar\u00edan el voto en contra de alrededor de 44 millones de votantes que conforman la llamada clase media, a la que AMLO le ha cargado la mano, tach\u00e1ndola de \u201cconservadora\u201d y \u201caspiracionista\u201d.<\/p>\n<p>S\u00ed, L\u00f3pez Obrador es enemigo de que la gente aspire a una carrera, a emprender negocios que le permitan salir de perico a perro y sin faltar est\u00e1n las mujeres de M\u00e9xico a las que agravia d\u00eda con d\u00eda y jam\u00e1s es emp\u00e1tico ante la barbarie que padecen las mujeres, pues en promedio se registran cada d\u00eda una docena de feminicidios.<\/p>\n<p>Por lo que hace al conservadurismo, es muy dif\u00edcil que AMLO y Morena vuelvan a conseguir votos en esos n\u00facleos poblacionales que son ya para AMLO y su partido asunto de vida o muerte.<\/p>\n<p><em><a href=\"mailto:info@agenciamn.com\" target=\"_blank\" rel=\"noopener noreferrer\">info@agenciamn.com<\/a><\/em><\/p>\n","protected":false},"excerpt":{"rendered":"<p><span style=\"color: #005497;\"><strong>Alberto Vieyra G.<\/strong><\/span><\/p>\n","protected":false},"author":3,"featured_media":0,"comment_status":"open","ping_status":"open","sticky":false,"template":"","format":"standard","meta":{"_monsterinsights_skip_tracking":false,"_monsterinsights_sitenote_active":false,"_monsterinsights_sitenote_note":"","_monsterinsights_sitenote_category":0,"footnotes":""},"categories":[4596],"tags":[43697,4597,43674],"class_list":["post-585047","post","type-post","status-publish","format-standard","hentry","category-alberto-vieyra-g","tag-alberto-vieyra-g","tag-de-pe-a-pa","tag-opinion"],"_links":{"self":[{"href":"https:\/\/www.diarioimagen.net\/index.php?rest_route=\/wp\/v2\/posts\/585047","targetHints":{"allow":["GET"]}}],"collection":[{"href":"https:\/\/www.diarioimagen.net\/index.php?rest_route=\/wp\/v2\/posts"}],"about":[{"href":"https:\/\/www.diarioimagen.net\/index.php?rest_route=\/wp\/v2\/types\/post"}],"author":[{"embeddable":true,"href":"https:\/\/www.diarioimagen.net\/index.php?rest_route=\/wp\/v2\/users\/3"}],"replies":[{"embeddable":true,"href":"https:\/\/www.diarioimagen.net\/index.php?rest_route=%2Fwp%2Fv2%2Fcomments&post=585047"}],"version-history":[{"count":0,"href":"https:\/\/www.diarioimagen.net\/index.php?rest_route=\/wp\/v2\/posts\/585047\/revisions"}],"wp:attachment":[{"href":"https:\/\/www.diarioimagen.net\/index.php?rest_route=%2Fwp%2Fv2%2Fmedia&parent=585047"}],"wp:term":[{"taxonomy":"category","embeddable":true,"href":"https:\/\/www.diarioimagen.net\/index.php?rest_route=%2Fwp%2Fv2%2Fcategories&post=585047"},{"taxonomy":"post_tag","embeddable":true,"href":"https:\/\/www.diarioimagen.net\/index.php?rest_route=%2Fwp%2Fv2%2Ftags&post=585047"}],"curies":[{"name":"wp","href":"https:\/\/api.w.org\/{rel}","templated":true}]}}