{"id":585050,"date":"2023-05-26T00:04:06","date_gmt":"2023-05-26T06:04:06","guid":{"rendered":"https:\/\/www.diarioimagen.net\/?p=585050"},"modified":"2023-05-25T23:11:56","modified_gmt":"2023-05-26T05:11:56","slug":"larrea-sin-concesion-ni-banco-ni-paga","status":"publish","type":"post","link":"https:\/\/www.diarioimagen.net\/?p=585050","title":{"rendered":"Larrea, sin concesi\u00f3n, ni banco, ni paga"},"content":{"rendered":"<h2>Desde el portal<\/h2>\n<h5>\u00c1ngel Soriano<\/h5>\n<p>&nbsp;<\/p>\n<p>Luego de pedir 9,500 millones de pesos por la devoluci\u00f3n de una concesi\u00f3n propiedad de la Naci\u00f3n, el poderoso empresario Germ\u00e1n Larrea se qued\u00f3 sin la paga, la concesi\u00f3n y Banamex, al retirarse de la negociaci\u00f3n Citigroup, ante la falta de garant\u00edas, por lo cual hay la posibilidad de que sea adquirida por el Estado mexicano.<\/p>\n<p>Lo anterior fue anunciado por el presidente Andr\u00e9s Manuel L\u00f3pez Obrador quien dijo se revisa los t\u00e9rminos de la concesi\u00f3n, su vencimiento, revocaci\u00f3n o renovaci\u00f3n, pero dinero no habr\u00e1; y Banamex s\u00ed interesa al gobierno de M\u00e9xico, pues maneja billones de pesos no s\u00f3lo en el cobro de impuestos que tambi\u00e9n realizan 22 bancos, sino el pago de n\u00f3minas.<\/p>\n<p>Esto demuestra el poder del Estado mexicano, lo que en el pasado se confund\u00eda: se pensaba que los due\u00f1os del pa\u00eds eran los hombres m\u00e1s poderosos que ten\u00edan en sus manos el manejo de los cuantiosos recursos naturales, minerales, energ\u00e9ticos, humanos y financieros y que pon\u00eda contra la pared a la clase gobernante por la colosal fortuna que manejaban.<\/p>\n<p>Sin embargo, los mexicanos desinformados e incluso sin tener intereses con la clase pudiente, se oponen al ejercicio democr\u00e1tico del poder: recuperar para M\u00e9xico sus riquezas, mismas que ni siquiera son utilizadas para el desarrollo nacional, sino las llevan a otros pa\u00edses al considerar que aqu\u00ed \u201cno hay garant\u00edas\u201d: La realidad demostrar\u00e1 todo lo contrario.<\/p>\n<p style=\"text-align: center;\"><strong>TURBULENCIAS<br \/>\nAMLO y la lucha magisterial<\/strong><\/p>\n<p>Este fin de semana, el presidente Andr\u00e9s Manuel L\u00f3pez Obrador visita el Istmo de Tehuantepec para supervisar las obras del canal interoce\u00e1nico, mientras en la capital del estado se radicalizan las acciones de protesta de estudiantes normalistas que han atentado contra el mismo Palacio de Gobierno al lanzar petardos a la polic\u00eda que custodia el valioso inmueble; tambi\u00e9n se da en un contexto de lucha pol\u00edtica toda vez que el poder pol\u00edtico de la entidad se ha definido claramente por la jefa de Gobierno, Claudia Sheinbaum, con quien se consolidan relaciones institucionales para el aprovechamiento de pol\u00edticas p\u00fablicas exitosas\u2026 La puja electoral entre Delfina G\u00f3mez, candidata de Morena, y Alejandra Del Moral, de la coalici\u00f3n PRI-PAN-PRD, definir\u00e1 la suerte de las dos fuerzas electorales en el Estado de M\u00e9xico que habr\u00e1 de proyectarse hacia el 2024. Se afirma que la coalici\u00f3n esta unida en torno a Del Moral y la maestra Delfina enfrenta una dura campa\u00f1a de desprestigio que bien puede debilitar su candidatura la cual es sostenida por quien manda en este pa\u00eds y podr\u00eda llevarla al Palacio de Gobierno de Toluca a alto precio, pero se trata de la consolidaci\u00f3n o debilitamiento de un proyecto pol\u00edtico en marcha\u2026 Y mientras la misma coalici\u00f3n pide un mill\u00f3n de firmas para el aspirante presidencial mejor posicionado que abandere su causa, s\u00f3lo se ven dos candidatos con posibilidades de lograrlo: El senador Ricardo Monreal, que ha reiterado que no abandonar\u00e1 Morena, y el experimentado diputado Santiago Creel, que tambi\u00e9n enfrenta los ataques de sus mismos compa\u00f1eros. Se ve dif\u00edcil que alguien lo logre, en tanto corre el tiempo sin haber definici\u00f3n y candidato fuerte alguno con capacidad de enfrentar al se\u00f1alado para continuar la transformaci\u00f3n del pa\u00eds\u2026 Las \u00faltimas decisiones federales han polarizado m\u00e1s al pa\u00eds al mejor que se tenga una estrategia de reconciliaci\u00f3n que haga volver las aguas al r\u00edo; hasta ahora, el canciller Marcelo Ebrard y la jefa de Gobierno de la CDMX, Claudia Sheinbaum, son los m\u00e1s perfilados, pero no se descarta a Ad\u00e1n Augusto, que ya multiplic\u00f3 su propaganda por el pa\u00eds.<\/p>\n<p><u><a href=\"mailto:asorianocarrasco@yahoo.com\" target=\"_blank\" rel=\"noopener noreferrer\"><em>asorianocarrasco@yahoo.com<\/em><\/a><br \/>\n<em><a href=\"https:\/\/revistabrecha.com\" target=\"_blank\" rel=\"noopener noreferrer\">www.revistabrecha.com<\/a><br \/>\n<\/em><\/u><em>facebook oficial <a href=\"https:\/\/es-la.facebook.com\/RevistaBrecha.Oficial\" target=\"_blank\" rel=\"noopener\">@BrechaRevista<\/a><\/em><\/p>\n","protected":false},"excerpt":{"rendered":"<p><span style=\"color: #005497;\"><strong>\u00c1ngel Soriano<\/strong><\/span><\/p>\n","protected":false},"author":3,"featured_media":0,"comment_status":"open","ping_status":"open","sticky":false,"template":"","format":"standard","meta":{"_monsterinsights_skip_tracking":false,"_monsterinsights_sitenote_active":false,"_monsterinsights_sitenote_note":"","_monsterinsights_sitenote_category":0,"footnotes":""},"categories":[135],"tags":[85,86,43674],"class_list":["post-585050","post","type-post","status-publish","format-standard","hentry","category-angel-soriano-opinion","tag-angel-soriano","tag-desde-el-portal","tag-opinion"],"_links":{"self":[{"href":"https:\/\/www.diarioimagen.net\/index.php?rest_route=\/wp\/v2\/posts\/585050","targetHints":{"allow":["GET"]}}],"collection":[{"href":"https:\/\/www.diarioimagen.net\/index.php?rest_route=\/wp\/v2\/posts"}],"about":[{"href":"https:\/\/www.diarioimagen.net\/index.php?rest_route=\/wp\/v2\/types\/post"}],"author":[{"embeddable":true,"href":"https:\/\/www.diarioimagen.net\/index.php?rest_route=\/wp\/v2\/users\/3"}],"replies":[{"embeddable":true,"href":"https:\/\/www.diarioimagen.net\/index.php?rest_route=%2Fwp%2Fv2%2Fcomments&post=585050"}],"version-history":[{"count":0,"href":"https:\/\/www.diarioimagen.net\/index.php?rest_route=\/wp\/v2\/posts\/585050\/revisions"}],"wp:attachment":[{"href":"https:\/\/www.diarioimagen.net\/index.php?rest_route=%2Fwp%2Fv2%2Fmedia&parent=585050"}],"wp:term":[{"taxonomy":"category","embeddable":true,"href":"https:\/\/www.diarioimagen.net\/index.php?rest_route=%2Fwp%2Fv2%2Fcategories&post=585050"},{"taxonomy":"post_tag","embeddable":true,"href":"https:\/\/www.diarioimagen.net\/index.php?rest_route=%2Fwp%2Fv2%2Ftags&post=585050"}],"curies":[{"name":"wp","href":"https:\/\/api.w.org\/{rel}","templated":true}]}}