{"id":585052,"date":"2023-05-26T00:05:09","date_gmt":"2023-05-26T06:05:09","guid":{"rendered":"https:\/\/www.diarioimagen.net\/?p=585052"},"modified":"2023-05-25T23:13:14","modified_gmt":"2023-05-26T05:13:14","slug":"estoicamente-la-corte-de-pie","status":"publish","type":"post","link":"https:\/\/www.diarioimagen.net\/?p=585052","title":{"rendered":"Estoicamente, la Corte de pie"},"content":{"rendered":"<h2>Perfil de M\u00e9xico<\/h2>\n<h5>Armando R\u00edos Ruiz<\/h5>\n<p>&nbsp;<\/p>\n<p>La poblaci\u00f3n consciente de M\u00e9xico ha expresado su repudio y volver\u00e1 a expresarlo en las calles, a la acometida sin freno iniciada desde la m\u00e1s alta esfera del poder pol\u00edtico, que se concentra en el Presidente de la Rep\u00fablica, en contra de la Suprema Corte, que, gracias a Dios, encontr\u00f3 en la ministra Norma Pi\u00f1a y en otros ministros, la decisi\u00f3n f\u00e9rrea de defender ese monumento al derecho y a la defensa de todos los actos ilegales que hoy est\u00e1n convertidos en delirio supremo por imponer la destrucci\u00f3n de las instituciones, mediante el pisoteo de las leyes.<\/p>\n<p>La idea del m\u00e1ximo mandatario era sustituir al presidente de esa instituci\u00f3n, con la ministra Yasm\u00edn Esquivel, esposa de su constructor de cabecera, Jos\u00e9 Mar\u00eda Riob\u00f3o, a quien hoy tendr\u00eda comiendo de su mano y aprobando cuantas trapazas discurriera. No pudo imaginar, como nadie tampoco, que alguien tendr\u00eda la ocurrencia de investigarla, para descubrir que no llena los requisitos para desempe\u00f1ar el cargo que ostenta, por haber plagiado la tesis de su licenciatura y tambi\u00e9n la de su doctorado.<\/p>\n<p>En otros tiempos, como antes, ya hubiera sido destituida con toda la raz\u00f3n. Inclusive, suspendida mientras se dilucidara su situaci\u00f3n. Hoy cuenta con el mejor puntal que pudo encontrar: con la fuerza presidencial que ha decidido dejarla en calidad de muestra para la verg\u00fcenza. Es precisamente de lo que carece. Alguien con tantito pudor hubiera renunciado de inmediato. Ante estos hechos, su protector no encontr\u00f3 espacio para decir: \u201cyo conf\u00edo en ella\u201d.<\/p>\n<p>Desde los primeros veredictos de la Corte a las iniciativas presidenciales, en contra, como la ilegalidad del plan B de reforma electoral, plagada de fallas obvias a la Constituci\u00f3n, los m\u00edtines frente a la sede e inclusive adentro de la misma, con enviados de la presidencia que gritaban \u00a1mueras! A la presidente de ese organismo, hoy m\u00e1s valioso que nunca, se han repetido en forma grotesca y lo peor, no hay quien no le haya encontrado autor intelectual.<\/p>\n<p>La presencia en la Ciudad de M\u00e9xico del peor gobernador de todo el pa\u00eds Cuitl\u00e1huac Garc\u00eda, ni siquiera superado por el de Morelos, Cuauht\u00e9moc Blanco, fue un espect\u00e1culo de veras deprimente. Tiene en su entidad todos los problemas de delincuencia, adem\u00e1s de otros y se ha atrevido a decir que ese rubro ya est\u00e1 saneado. Hoy todos tienen que mentir en cuanto a los resultados inexistentes. Principalmente en la falta de vigilancia en el pa\u00eds entero.<\/p>\n<p>Pero dej\u00f3 su estado para venir a protestar frente a la Suprema Corte y a exhibir una procesi\u00f3n de ata\u00fades de cart\u00f3n, para amedrentar a los juristas, por la decisi\u00f3n de \u00e9stos de desaprobar la acci\u00f3n de los legisladores morenistas, que aprobaron en cuesti\u00f3n de horas, 20 iniciativas presidenciales. El ministro Alberto P\u00e9rez Day\u00e1n observ\u00f3 este hecho y lo tom\u00f3 en cuenta para la sentencia.<\/p>\n<p>El Presidente de M\u00e9xico dijo tambi\u00e9n, inmediatamente despu\u00e9s del repudio a la acci\u00f3n del lacayo veracruzano, que era muy buen gobernador. Obviamente, todos los que act\u00faan de acuerdo con su sentir son\u00a0 los mejores.<\/p>\n<p>La Suprema Corte no puede ser buena, porque no permite que haga pedazos las leyes e insista en hacer pedazos a todo el pa\u00eds. Se nota que desea, con todo su coraz\u00f3n, el poder absoluto para hacer lo que le venga en gana, sin importar el atropello a los habitantes. Sin que importe m\u00e1s que la imposici\u00f3n de su voluntad contra cualquier acto valido, con estricta observancia de las leyes.<\/p>\n<p>Ha llegado a la descabezada idea de emplear al pueblo sabio, que debe saber mucho de leyes, para que en M\u00e9xico sean elegidos los ministros de la Corte por elecci\u00f3n popular. Algunos \u201cdiputadillos\u201d han sido inclusive aleccionados en esta posibilidad y han expuesto el catecismo. Pero no han movido un m\u00fasculo para investigar que eso no es posible. Como siempre, s\u00f3lo obedecen.<\/p>\n<p>La defensa popular a la Suprema Corte es inminente y necesaria. La ciudadan\u00eda consciente debe tambi\u00e9n actuar en contra del abusador que no es capaz de soportar la desobediencia de sus s\u00fabditos. La Corte no lo es y ah\u00ed est\u00e1 de pie. \u201cEstamos fuertes. Nada nos doblar\u00e1\u201d, dijo precisamente P\u00e9rez Day\u00e1n.<\/p>\n<p><a href=\"mailto:ariosruiz@gmail.com\" target=\"_blank\" rel=\"noopener noreferrer\"><em>ariosruiz@gmail.com<\/em><\/a><\/p>\n","protected":false},"excerpt":{"rendered":"<p><span style=\"color: #005497;\"><strong>Armando R\u00edos Ruiz<\/strong><\/span><\/p>\n","protected":false},"author":3,"featured_media":0,"comment_status":"open","ping_status":"open","sticky":false,"template":"","format":"standard","meta":{"_monsterinsights_skip_tracking":false,"_monsterinsights_sitenote_active":false,"_monsterinsights_sitenote_note":"","_monsterinsights_sitenote_category":0,"footnotes":""},"categories":[88405],"tags":[88407,43674,91193],"class_list":["post-585052","post","type-post","status-publish","format-standard","hentry","category-armando-rios-ruiz","tag-armando-rios-ruiz","tag-opinion","tag-perfil-de-mexico"],"_links":{"self":[{"href":"https:\/\/www.diarioimagen.net\/index.php?rest_route=\/wp\/v2\/posts\/585052","targetHints":{"allow":["GET"]}}],"collection":[{"href":"https:\/\/www.diarioimagen.net\/index.php?rest_route=\/wp\/v2\/posts"}],"about":[{"href":"https:\/\/www.diarioimagen.net\/index.php?rest_route=\/wp\/v2\/types\/post"}],"author":[{"embeddable":true,"href":"https:\/\/www.diarioimagen.net\/index.php?rest_route=\/wp\/v2\/users\/3"}],"replies":[{"embeddable":true,"href":"https:\/\/www.diarioimagen.net\/index.php?rest_route=%2Fwp%2Fv2%2Fcomments&post=585052"}],"version-history":[{"count":0,"href":"https:\/\/www.diarioimagen.net\/index.php?rest_route=\/wp\/v2\/posts\/585052\/revisions"}],"wp:attachment":[{"href":"https:\/\/www.diarioimagen.net\/index.php?rest_route=%2Fwp%2Fv2%2Fmedia&parent=585052"}],"wp:term":[{"taxonomy":"category","embeddable":true,"href":"https:\/\/www.diarioimagen.net\/index.php?rest_route=%2Fwp%2Fv2%2Fcategories&post=585052"},{"taxonomy":"post_tag","embeddable":true,"href":"https:\/\/www.diarioimagen.net\/index.php?rest_route=%2Fwp%2Fv2%2Ftags&post=585052"}],"curies":[{"name":"wp","href":"https:\/\/api.w.org\/{rel}","templated":true}]}}