{"id":585083,"date":"2023-05-26T00:01:32","date_gmt":"2023-05-26T06:01:32","guid":{"rendered":"https:\/\/www.diarioimagen.net\/?p=585083"},"modified":"2023-05-26T01:10:03","modified_gmt":"2023-05-26T07:10:03","slug":"promueven-en-la-ciudad-de-mexico-los-atractivos-de-provence-alpes-cote-dazur-meeting-in-america-2023","status":"publish","type":"post","link":"https:\/\/www.diarioimagen.net\/?p=585083","title":{"rendered":"Promueven en la Ciudad de M\u00e9xico los atractivos de Provence-Alpes-C\u00f4te d\u2019Azur Meeting in America 2023"},"content":{"rendered":"<h2>De cinco estrellas<\/h2>\n<h5>Victoria Gonz\u00e1lez Prado<\/h5>\n<p>&nbsp;<\/p>\n<ul>\n<li><strong><em>Pasajeros escogen a LATAM como la aerol\u00ednea con mejor <\/em>Seat Comfort<em> y <\/em>Catering<em> de Sudam\u00e9rica<\/em><\/strong><\/li>\n<\/ul>\n<p>&nbsp;<\/p>\n<div id=\"attachment_585109\" style=\"width: 470px\" class=\"wp-caption aligncenter\"><a href=\"https:\/\/www.diarioimagen.net\/?attachment_id=585109\" rel=\"attachment wp-att-585109\"><img loading=\"lazy\" decoding=\"async\" aria-describedby=\"caption-attachment-585109\" class=\"size-full wp-image-585109\" src=\"https:\/\/www.diarioimagen.net\/wp-content\/uploads\/2023\/05\/turismo-9.jpg\" alt=\"\" width=\"460\" height=\"243\" \/><\/a><p id=\"caption-attachment-585109\" class=\"wp-caption-text\">Todos ellos provenientes la regi\u00f3n de Provence-Alpes-C\u00f4te d\u2019Azur.<\/p><\/div>\n<p>&nbsp;<\/p>\n<p>De la regi\u00f3n de Provence-Alpes-C\u00f4te d\u2019Azur, llegaron a la Ciudad de M\u00e9xico 30 profesionales quienes presentaron la riqueza del territorio y las distintas ofertas que ofrecen con la intenci\u00f3n de favorecer el turismo durante todo el a\u00f1o y no s\u00f3lo en verano. La reuni\u00f3n denominada <em>\u201cMeeting in America 2023\u201d<\/em>, exhibi\u00f3 sus tres marcas que se adaptan a todos los gustos y para todas las edades.<\/p>\n<p>As\u00ed, la parte de la Provenza, invita a descubrir pueblos pintorescos y ciudades de arte y cultura como Aix-en-Provence, Arles, Avi\u00f1\u00f3n o Marsella.<\/p>\n<p>Del 26 al 28 de abril 2023, 30 touroperadores de Canad\u00e1, Estados Unidos y M\u00e9xico se reunieron en la capital del pa\u00eds con 30 representantes de la oferta tur\u00edstica de Provence-Alpes-C\u00f4te d\u2019Azur para descubrir las bondades del sureste de Francia y experimentar una inmersi\u00f3n en su <em>\u201cart de vivre\u201d<\/em>.<\/p>\n<p>La Costa Azul, adem\u00e1s de sus playas de ensue\u00f1o y el glamour del <em>jet set,<\/em> es una puerta de entrada ideal gracias al aeropuerto internacional de Niza, segundo m\u00e1s importante de Francia con excelente conectividad con las capitales europeas y el mundo.<\/p>\n<p>Niza, adem\u00e1s, fue nombrada Patrimonio Mundial por la Unesco como la ciudad invernal de vacaciones de la Costa Azul, raz\u00f3n de m\u00e1s para descubrir su agradable clima, arquitectura y numerosos museos todo el a\u00f1o.<\/p>\n<p>La regi\u00f3n tambi\u00e9n cuenta con territorios ubicados en los Alpes del Sur para amantes de la naturaleza y los deportes <em>outdoor.<\/em><\/p>\n<p>La zona de Provence-Alpes-C\u00f4te d\u2019Azur tiene todo, para todos los gustos y todo el a\u00f1o. La diversidad de sus paisajes es tan completa e interesante que se ha convertido en locaci\u00f3n para la filmaci\u00f3n de pel\u00edculas y series. Pronto descubrir\u00e1n m\u00e1s de la regi\u00f3n en las pantallas.<\/p>\n<p><strong>Loic Chovelon<\/strong>, director general del Comit\u00e9 Regional de Turismo <em>R\u00e9gion Sud<\/em>, asegur\u00f3 que Provence-Alpes-C\u00f4te d\u2019Azur, en 2022, fue la regi\u00f3n tur\u00edstica m\u00e1s importante de Francia despu\u00e9s de Par\u00eds, y la \u00fanica zona que rebas\u00f3 ese a\u00f1o los niveles prepandemia, tanto en n\u00famero de visitantes como en ingresos tur\u00edsticos.<\/p>\n<p>Los resultados \u2014dijo\u2014 se deben en gran parte, a la resiliencia de los viajeros norteamericanos que retomaron, en cuanto se levantan las restricciones sanitarias, sus viajes. El mercado estadounidense ha jugado un papel muy importane en la reactivaci\u00f3n. Sin embargo, tambi\u00e9n se nota la presencia cada vez mayor de viajeros latinoamericanos que llegan desde Brasil y M\u00e9xico y que brindan la oportunidad a los profesionales de la regi\u00f3n para diversificar su clientela.<\/p>\n<p>Otro punto que resalta <strong>Loic Chovelon<\/strong>, es la temporalidad en la que viajan los norteamericanos incluyendo los mexicanos. Por tener periodos vacacionales diferentes a los de Francia, como la Semana Santa para los mexicanos, empiezan a viajar a la Provence desde la primavera y hasta el oto\u00f1o, dejando una derrama econ\u00f3mica, en temporada baja, muy significativa.<\/p>\n<p>En el marco del evento, los profesionales tur\u00edsticos concretaron citas de negocios con hoteles, receptivos y oficinas de turismo de la regi\u00f3n francesa. La experiencia no ser\u00eda completa sin poder probar y conocer lo que caracteriza al arte de vivir provenzal, por ello, el Comit\u00e9 Regional de Turismo junto con <em>Atout France<\/em>, organizaron actividades de <em>Team Building<\/em> como cata de vinos a ciegas, degustaci\u00f3n de <em>genepi <\/em>(licor de los Alpes del sur), taller de aromas para educar el olfato y reconocer qu\u00e9 elementos destacan en el vino.<\/p>\n<p>No pod\u00eda faltar el torneo de petanca, deporte nacional franc\u00e9s pero sobre todo provenzal. Consiste en lanzar bolas met\u00e1licas de mediano tama\u00f1o lo m\u00e1s cerca posible de una peque\u00f1a bola de madera que sirve de referencia, lanzada anteriormente por otro jugador. El jugador que deje la bola m\u00e1s cerca de la bola de madera gana un punto y normalmente gana la partida el primero que llegue a 13 puntos.<\/p>\n<p>La gastronom\u00eda y las bebidas son tambi\u00e9n muy importantes, por lo que los concurrentes probaron platillos frescos a base de pescados elaborados por el chef franc\u00e9s <strong>Dominique Fr\u00e9rard<\/strong> de la <em>Villa des Chefs,<\/em> acompa\u00f1ados por una deliciosa degustaci\u00f3n de vinos rosados de Provence y el t\u00edpico aperitivo <em>Ricard.<\/em><\/p>\n<p>\u2730\u2730\u2730\u2730\u2730 Por segundo a\u00f1o consecutivo los usuarios de Grupo LATAM votaron y, distinguidos por sus propios clientes obtuvieron reconocimientos en las categor\u00edas \u201cMejor <em>Seat Comfort<\/em> de Sudam\u00e9rica\u201d (Best Seat Comfort) y \u201cMejor <em>Catering <\/em>de Sudam\u00e9rica\u201d <em>(Best Food &amp; Beverage). <\/em>Los premios fueron entregados en el marco de los <em>APEX Passenger Choice Awards 2023<\/em>.<\/p>\n<p><strong>Estela Espinoza<\/strong>, gerente Senior Experiencia de Viaje dijo: \u201cEn <em>LATAM Airlines Group<\/em> estamos muy contentos de recibir estos premios, resultado del esfuerzo y dedicaci\u00f3n de nuestros equipos preocupados a diario de mejorar la experiencia de viaje de nuestros clientes y nos compromete a seguir mejorando nuestro servicio y elevar la experiencia en cada uno de nuestros vuelos\u201d.<\/p>\n<p>APEX reuni\u00f3 opiniones an\u00f3nimas de pasajeros basadas en comentarios neutrales de terceros. Para los premios 2023, casi un mill\u00f3n de vuelos fueron valorados por pasajeros de m\u00e1s de 600 aerol\u00edneas de todo el mundo utilizando una escala de hasta cinco estrellas. Los pasajeros realizaron valoraciones an\u00f3nimas en cinco subcategor\u00edas: <em>Seat Comfort,<\/em> Servicio de Cabina, <em>Catering,<\/em> Entretenimiento a bordo y wifi\u201d.<\/p>\n<p>Con la mirada puesta en el cliente, los equipos de LATAM trabajan para ofrecer una experiencia a bordo cuidada y consistente durante todo el proceso de interacci\u00f3n con la marca, desde la elecci\u00f3n del vuelo hasta el retiro de equipaje.<\/p>\n<p>En el caso de la comodidad a bordo, el grupo ha invertido a la fecha m\u00e1s de 500 millones en un extenso proyecto de renovaci\u00f3n de cabinas, que incluye la instalaci\u00f3n de asientos totalmente nuevos. Estos son seleccionados a trav\u00e9s de un riguroso proceso para lograr el mayor confort, destacando caracter\u00edsticas especiales tales como reclinaci\u00f3n adicional y reposacabezas con movimientos en seis ejes, entre otras.<\/p>\n<p>En la cabina <em>Premium Business,<\/em> se incorporaron nuevos asientos que tienen atributos como: camas de 180 grados a\u00fan m\u00e1s largas, autonom\u00eda para salir al pasillo, m\u00e1s espacio para guardar los elementos personales y mayor privacidad, asegurando la mejor experiencia durante el vuelo.<\/p>\n<p>En <em>Catering,<\/em> se llev\u00f3 a cabo una renovaci\u00f3n progresiva de los men\u00fas en cabinas <em>Economy<\/em> y <em>Premium Business,<\/em> incorporando ingredientes que resaltan la versatilidad de la cocina latinoamericana, con mayor variedad de opciones y amplio protagonismo de los productos locales. Tambi\u00e9n se incorporaron algunas de las recetas \u00edcono de cocineras emergentes de toda la regi\u00f3n, con el fin de mostrar su trabajo y el impacto que tienen en sus lugares de origen.<\/p>\n<p>&nbsp;<\/p>\n<blockquote>\n<p style=\"text-align: right;\">\u201c<strong>El<\/strong> <strong>\u00e1ngel de la fama tiene sus alas hechas de papel&#8230; peri\u00f3dico\u201d.<br \/>\n<\/strong><\/p>\n<\/blockquote>\n<p>&nbsp;<\/p>\n<p><em><span class=\"Apple-converted-space\"><a href=\"mailto:victoriagprado@gmail.com\" target=\"_blank\" rel=\"noopener noreferrer\">victoriagprado@gmail.com<\/a><br \/>\nTwitter: <a href=\"https:\/\/twitter.com\/victoriagprado\" target=\"_blank\" rel=\"noopener noreferrer\">@victoriagprado<\/a><\/span><\/em><\/p>\n","protected":false},"excerpt":{"rendered":"<p>De la regi\u00f3n de Provence-Alpes-C\u00f4te d\u2019Azur, llegaron a la Ciudad de M\u00e9xico 30 profesionales quienes presentaron la riqueza del territorio y las distintas ofertas que ofrecen con la intenci\u00f3n de favorecer el turismo durante todo el a\u00f1o y no s\u00f3lo en verano. La reuni\u00f3n denominada <em>\u201cMeeting in America 2023\u201d<\/em>, exhibi\u00f3 sus tres marcas que se adaptan a todos los gustos y para todas las edades.<\/p>\n","protected":false},"author":3,"featured_media":585111,"comment_status":"open","ping_status":"open","sticky":false,"template":"","format":"standard","meta":{"_monsterinsights_skip_tracking":false,"_monsterinsights_sitenote_active":false,"_monsterinsights_sitenote_note":"","_monsterinsights_sitenote_category":0,"footnotes":""},"categories":[11],"tags":[107,43674,43681,106],"class_list":["post-585083","post","type-post","status-publish","format-standard","has-post-thumbnail","hentry","category-turismo","tag-de-cinco-estrellas","tag-opinion","tag-turismo","tag-victoria-gonzalez-prado"],"_links":{"self":[{"href":"https:\/\/www.diarioimagen.net\/index.php?rest_route=\/wp\/v2\/posts\/585083","targetHints":{"allow":["GET"]}}],"collection":[{"href":"https:\/\/www.diarioimagen.net\/index.php?rest_route=\/wp\/v2\/posts"}],"about":[{"href":"https:\/\/www.diarioimagen.net\/index.php?rest_route=\/wp\/v2\/types\/post"}],"author":[{"embeddable":true,"href":"https:\/\/www.diarioimagen.net\/index.php?rest_route=\/wp\/v2\/users\/3"}],"replies":[{"embeddable":true,"href":"https:\/\/www.diarioimagen.net\/index.php?rest_route=%2Fwp%2Fv2%2Fcomments&post=585083"}],"version-history":[{"count":0,"href":"https:\/\/www.diarioimagen.net\/index.php?rest_route=\/wp\/v2\/posts\/585083\/revisions"}],"wp:featuredmedia":[{"embeddable":true,"href":"https:\/\/www.diarioimagen.net\/index.php?rest_route=\/wp\/v2\/media\/585111"}],"wp:attachment":[{"href":"https:\/\/www.diarioimagen.net\/index.php?rest_route=%2Fwp%2Fv2%2Fmedia&parent=585083"}],"wp:term":[{"taxonomy":"category","embeddable":true,"href":"https:\/\/www.diarioimagen.net\/index.php?rest_route=%2Fwp%2Fv2%2Fcategories&post=585083"},{"taxonomy":"post_tag","embeddable":true,"href":"https:\/\/www.diarioimagen.net\/index.php?rest_route=%2Fwp%2Fv2%2Ftags&post=585083"}],"curies":[{"name":"wp","href":"https:\/\/api.w.org\/{rel}","templated":true}]}}