{"id":585217,"date":"2023-05-29T00:02:28","date_gmt":"2023-05-29T06:02:28","guid":{"rendered":"https:\/\/www.diarioimagen.net\/?p=585217"},"modified":"2023-05-29T02:46:21","modified_gmt":"2023-05-29T08:46:21","slug":"iata-organiza-el-woca-2023-a-realizarse-los-dias-27-y-28-de-junio-en-la-cdmx","status":"publish","type":"post","link":"https:\/\/www.diarioimagen.net\/?p=585217","title":{"rendered":"IATA organiza el WOCA 2023 a realizarse los d\u00edas 27 y 28 de junio en la CDMX"},"content":{"rendered":"<h2>De cinco estrellas<\/h2>\n<h5>Victoria Gonz\u00e1lez Prado<\/h5>\n<p>&nbsp;<\/p>\n<ul>\n<li><strong><em>Es la tercera aerol\u00ednea m\u00e1s puntual del mundo seg\u00fan Cirium: Avianca<\/em><\/strong><\/li>\n<li><strong><em>Los premios <\/em>Customer Excellence Awards 2022<em> para seis hotels RIU<\/em><\/strong><\/li>\n<\/ul>\n<p>&nbsp;<\/p>\n<div id=\"attachment_585301\" style=\"width: 470px\" class=\"wp-caption aligncenter\"><a href=\"https:\/\/www.diarioimagen.net\/?attachment_id=585301\" rel=\"attachment wp-att-585301\"><img loading=\"lazy\" decoding=\"async\" aria-describedby=\"caption-attachment-585301\" class=\"size-full wp-image-585301\" src=\"https:\/\/www.diarioimagen.net\/wp-content\/uploads\/2023\/05\/turismo-10.jpg\" alt=\"\" width=\"460\" height=\"270\" \/><\/a><p id=\"caption-attachment-585301\" class=\"wp-caption-text\">Participar\u00e1n importantes directivos de distitntas aerol\u00edneas.<\/p><\/div>\n<p>&nbsp;<\/p>\n<p>Bajo el lema \u201cFomentando la aviaci\u00f3n en apoyo a la recuperaci\u00f3n socioecon\u00f3mica\u201d, es la reuni\u00f3n organizada por la Asociaci\u00f3n de Transporte A\u00e9reo Internacional (IATA por sus siglas en ingl\u00e9s) que se llevar\u00e1 a cabo durante el <em>Wings of Change Americas<\/em> (<em>WOCA<\/em>) en la Ciudad de M\u00e9xico los d\u00edas 27 y 28 de junio pr\u00f3ximo.<\/p>\n<p>El objetivo es crear un marco de encuentro y di\u00e1logo entre la industria a\u00e9rea, el estado, el turismo y todos los sectores relacionados a la aviaci\u00f3n, para analizar y acordar acciones futuras que permitan desarrollar su papel fundamental en la regi\u00f3n, como socio estrat\u00e9gico que facilita la conexi\u00f3n social y ser\u00e1 motor de desarrollo de los pa\u00edses, a\u00fan en medio de panorama econ\u00f3mico y pol\u00edtico desafiante.<\/p>\n<p>La sede de la reuni\u00f3n ser\u00e1 el <em>Hotel Hyatt Regency<\/em>, donde se reunir\u00e1n los principales ejecutivos del sector, junto a expertos, reguladores, autoridades de aviaci\u00f3n civil y de gobierno, asociaciones regionales y locales, fabricantes, as\u00ed como otros importantes miembros y proveedores de la cadena de valor de la aviaci\u00f3n, mismos que analizar\u00e1n los desaf\u00edos y oportunidades m\u00e1s significativas en el mercado mexicano y en las Am\u00e9ricas, para generar nuevas relaciones, medidas que impulsen la conectividad a\u00e9rea, el turismo, comercio e inversi\u00f3n y estrategias que permitan utilizar mejor este medio de transporte esencial.<\/p>\n<p>Entre las personalidades que han confirmado su participaci\u00f3n en WOCA 2023 destacan, <strong>Jorge Nu\u00f1o Lara<\/strong>, secretario de Transportes y Comunicaciones de M\u00e9xico; <strong>Andr\u00e9s Conesa<\/strong>, CEO Aerom\u00e9xico; <strong>Enrique Beltranena<\/strong>, CEO Volaris; <strong>Pedro Heilbron<\/strong>, CEO Copa Airlines; <strong>Adrian Neuhauser<\/strong>, CEO <em>Avianca Holdings Group<\/em>; <strong>Julio Gamero<\/strong>, CEO, <em>Tag Airlines; <\/em><strong>Luis Sierra<\/strong>, CEO <em>Mas Air<\/em>; <strong>Juan Carlos Zuazua<\/strong>, CEO Viva Aerobus; <strong>Diana Olivares<\/strong>, directora general en M\u00e9xico de <em>LATAM Airlines Group <\/em>y presidente de la Canaero.<\/p>\n<p><strong>Mar\u00eda Jes\u00fas L\u00f3pez Sol\u00e1s<\/strong>, directora Comercial de Iberia; <strong>Jos\u00e9 Freig<\/strong>, vicepresidente de Operaciones y Comercial para M\u00e9xico, el Caribe y Am\u00e9rica Latina (MCLA) en <em>American Airlines<\/em>; <strong>Ricardo Catanant<\/strong>, director de Agencia Nacional de Aviaci\u00f3n Civil Brasil (ANAC); <strong>Alfonso Arroyo<\/strong>, representante para Latinoam\u00e9rica y el Caribe de la <em>European Union Aviation Safety Agency<\/em> (EASA); <strong>Guillaume Gressin<\/strong>, vicepresidente Internacional, Estrategia y Operaciones Comerciales <em>Airbus <\/em>Latinoam\u00e9rica y Caribe; <strong>Gabriela Fr\u00edas<\/strong>, periodista, presentadora de negocios de <em>CNN <\/em>en Espa\u00f1ol y, <strong>Peter Cerd\u00e1<\/strong>, vicepresidente Regional de IATA para las Am\u00e9ricas.<\/p>\n<p>Del programa destacan los siguientes puntos: Previsiones econ\u00f3micas de la regi\u00f3n, Perspectivas del futuro del transporte a\u00e9reo en la regi\u00f3n, Retos y oportunidades normativas, Transici\u00f3n de la aviaci\u00f3n hacia combustibles sostenibles: retos y oportunidades, Hoja de ruta para modernizar la venta minorista de las aerol\u00edneas en la regi\u00f3n, La importancia de M\u00e9xico y la regi\u00f3n para una aerol\u00ednea global, La futura experiencia del pasajero a trav\u00e9s de la biometr\u00eda, Necesidades de la infraestructura de la regi\u00f3n. Viajes y turismo de Latinoam\u00e9rica y la importancia de la conectividad a\u00e9rea.<\/p>\n<p>\u2730\u2730\u2730\u2730\u2730 Luego de consolidarse como la sexta aerol\u00ednea m\u00e1s puntual del mundo en 2022, Avianca fue reconocida como la tercera l\u00ednea a\u00e9rea m\u00e1s puntual a nivel global, seg\u00fan el Ranking de febrero de 2023 publicado por <em>Cirium,<\/em> la firma de datos de aviaci\u00f3n m\u00e1s grande a nivel global, categor\u00eda que mide a las aerol\u00edneas que tienen operaciones en varios pa\u00edses del mundo.<\/p>\n<p>En medio de entorno desafiante para la aviaci\u00f3n, no solamente en Colombia sino tambi\u00e9n en Am\u00e9rica Latina y el mundo, la compa\u00f1\u00eda registr\u00f3 un indicador de puntualidad (<em>On Time Performance<\/em> \u2014OTP\u2014) de 87.89 por ciento que demuestra su disciplina operacional, y que es el resultado de las diferentes iniciativas de eficiencia implementadas y del trabajo de los equipos que est\u00e1n detr\u00e1s de la salida y llegada de cada vuelo.<\/p>\n<p><strong>Frederico Pedreira<\/strong>, <em>Chief Operating Officer <\/em>de <em>Avianca <\/em>asegura: \u201cnos sentimos muy orgullosos de representar a Colombia en ranking internacional de la talla de <em>Cirium<\/em>, a la vez que fortalecemos nuestros indicadores operacionales para ser la aerol\u00ednea que nuestros viajeros quieren: a tiempo, con sus maletas en destino y a precios cada vez m\u00e1s competitivos.<\/p>\n<p>\u201cEste es el resultado del trabajo de nuestro equipo y en particular queremos reconocer tambi\u00e9n el trabajo de gesti\u00f3n de tr\u00e1fico a\u00e9reo que est\u00e1 permitiendo una operaci\u00f3n m\u00e1s eficiente en los cielos colombianos\u201d.<\/p>\n<p>\u2730\u2730\u2730\u2730\u2730 Uno de los principales tour operadores tur\u00edsticos del Reino Unido, <em>British Airways Holidays<strong>,<\/strong><\/em> concedi\u00f3 los premios <em>Customer Excellence Awards 2022<\/em> a seis hoteles de RIU Hotels &amp; Resorts ubicados en Dub\u00e1i, Maldivas, Estados Unidos y Espa\u00f1a. El operador recopil\u00f3 m\u00e1s de 67 mil opiniones independientes en 2022 y concede un total de 540 <em>Customer Excellence Awards 2022<\/em> en todo el mundo para reconocer a los hoteles mejor valorados por los clientes.<\/p>\n<p>Los seis hoteles de RIU galardonados son: el hotel Riu Dubai (puntuaci\u00f3n global de 4.5), el Riu Palace Maldivas (puntuaci\u00f3n global de 4.5), el Riu Atoll (puntuaci\u00f3n global de 4.6), Riu Plaza New York Times Square (puntuaci\u00f3n global de 4.5), el Riu Plaza Manhattan Times Square (puntuaci\u00f3n global de 4.6) y el Riu Plaza Espa\u00f1a (puntuaci\u00f3n global de 4.7), la base es 5 de puntos. Los galardones se entregan gracias a la opini\u00f3n imparcial de los clientes que visitan sus hoteles.<\/p>\n<p>El tour operador recopila estas opiniones a trav\u00e9s de <em>Feefo <\/em>(<em>www.ba.com\/reviews<\/em>), plataforma independiente en la que los clientes dejan valoraciones de su experiencia en los hoteles visitados y punt\u00faan su estancia en base a la ubicaci\u00f3n, servicio, limpieza de las instalaciones y calidad del sue\u00f1o, y otorgan puntuaci\u00f3n global sobre cinco estrellas<\/p>\n<p>Para RIU estos premios son muy relevantes ya que reconocen el esfuerzo conjunto que realizan todos los trabajadores de los hoteles de la cadena para ofrecer cada d\u00eda el mejor servicio.<\/p>\n<p>&nbsp;<\/p>\n<blockquote>\n<p style=\"text-align: right;\">\u201c<strong>El<\/strong> <strong>\u00e1ngel de la fama tiene sus alas hechas de papel&#8230; peri\u00f3dico\u201d.<br \/>\n<\/strong><\/p>\n<\/blockquote>\n<p>&nbsp;<\/p>\n<p><em><span class=\"Apple-converted-space\"><a href=\"mailto:victoriagprado@gmail.com\" target=\"_blank\" rel=\"noopener noreferrer\">victoriagprado@gmail.com<\/a><br \/>\nTwitter: <a href=\"https:\/\/twitter.com\/victoriagprado\" target=\"_blank\" rel=\"noopener noreferrer\">@victoriagprado<\/a><\/span><\/em><\/p>\n","protected":false},"excerpt":{"rendered":"<p>Bajo el lema \u201cFomentando la aviaci\u00f3n en apoyo a la recuperaci\u00f3n socioecon\u00f3mica\u201d, es la reuni\u00f3n organizada por la Asociaci\u00f3n de Transporte A\u00e9reo Internacional (IATA por sus siglas en ingl\u00e9s) que se llevar\u00e1 a cabo durante el <em>Wings of Change Americas<\/em> (<em>WOCA<\/em>) en la Ciudad de M\u00e9xico los d\u00edas 27 y 28 de junio pr\u00f3ximo.<\/p>\n","protected":false},"author":3,"featured_media":585301,"comment_status":"open","ping_status":"open","sticky":false,"template":"","format":"standard","meta":{"_monsterinsights_skip_tracking":false,"_monsterinsights_sitenote_active":false,"_monsterinsights_sitenote_note":"","_monsterinsights_sitenote_category":0,"footnotes":""},"categories":[11],"tags":[107,43674,43681,106],"class_list":["post-585217","post","type-post","status-publish","format-standard","has-post-thumbnail","hentry","category-turismo","tag-de-cinco-estrellas","tag-opinion","tag-turismo","tag-victoria-gonzalez-prado"],"_links":{"self":[{"href":"https:\/\/www.diarioimagen.net\/index.php?rest_route=\/wp\/v2\/posts\/585217","targetHints":{"allow":["GET"]}}],"collection":[{"href":"https:\/\/www.diarioimagen.net\/index.php?rest_route=\/wp\/v2\/posts"}],"about":[{"href":"https:\/\/www.diarioimagen.net\/index.php?rest_route=\/wp\/v2\/types\/post"}],"author":[{"embeddable":true,"href":"https:\/\/www.diarioimagen.net\/index.php?rest_route=\/wp\/v2\/users\/3"}],"replies":[{"embeddable":true,"href":"https:\/\/www.diarioimagen.net\/index.php?rest_route=%2Fwp%2Fv2%2Fcomments&post=585217"}],"version-history":[{"count":0,"href":"https:\/\/www.diarioimagen.net\/index.php?rest_route=\/wp\/v2\/posts\/585217\/revisions"}],"wp:featuredmedia":[{"embeddable":true,"href":"https:\/\/www.diarioimagen.net\/index.php?rest_route=\/wp\/v2\/media\/585301"}],"wp:attachment":[{"href":"https:\/\/www.diarioimagen.net\/index.php?rest_route=%2Fwp%2Fv2%2Fmedia&parent=585217"}],"wp:term":[{"taxonomy":"category","embeddable":true,"href":"https:\/\/www.diarioimagen.net\/index.php?rest_route=%2Fwp%2Fv2%2Fcategories&post=585217"},{"taxonomy":"post_tag","embeddable":true,"href":"https:\/\/www.diarioimagen.net\/index.php?rest_route=%2Fwp%2Fv2%2Ftags&post=585217"}],"curies":[{"name":"wp","href":"https:\/\/api.w.org\/{rel}","templated":true}]}}