{"id":585231,"date":"2023-05-29T00:05:43","date_gmt":"2023-05-29T06:05:43","guid":{"rendered":"https:\/\/www.diarioimagen.net\/?p=585231"},"modified":"2023-05-28T23:40:53","modified_gmt":"2023-05-29T05:40:53","slug":"incapaz-de-ver-la-viga-en-su-ojo","status":"publish","type":"post","link":"https:\/\/www.diarioimagen.net\/?p=585231","title":{"rendered":"Incapaz de ver la viga en su ojo"},"content":{"rendered":"<h2>Perfil de M\u00e9xico<\/h2>\n<h5>Armando R\u00edos Ruiz<\/h5>\n<p><strong>\u00a0<\/strong><\/p>\n<p>Muchos psic\u00f3logos han dado en estudiar la personalidad del Presidente y todos han coincidido en que padece un sinf\u00edn de deficiencias, que van de los distintivos paranoicos a los narcisistas, pasando por los antisociales, la megaloman\u00eda, el egocentrismo, la arrogancia agresiva y muchas m\u00e1s.\u00daltimamente se ha ocupado en llamar injerencistas a otros pa\u00edses, cuando \u00e9l mismo ejercita ese fen\u00f3meno, dentro y fuera de M\u00e9xico. Hoy, en su propio pa\u00eds se entrometi\u00f3 en la venta de Banamex, que por cierto ech\u00f3 a perder cuando ya hab\u00eda aparecido el presunto comprador, el empresario minero Germ\u00e1n Larrea.<\/p>\n<p>\u00bfQu\u00e9 ten\u00eda que ver el Primer Mandatario en una operaci\u00f3n entre dos particulares? \u00a1Nada! Pero se entrometi\u00f3 y dio su consentimiento. La transacci\u00f3n generar\u00eda un pago al gobierno, por concepto de impuesto, de casi dos mil millones de d\u00f3lares La expropiaci\u00f3n de un tramo de v\u00edas a Larrea, caus\u00f3 el arrepentimiento por la compra y la decisi\u00f3n de los due\u00f1os de Banamex, de no vender sino hasta 2025, o cuando el actual Presidente deje de serlo.<\/p>\n<p>Hace poco, tambi\u00e9n fustig\u00f3 que el gobierno de Per\u00fa autorizara, seg\u00fan \u00e9l, la llegada de 700 soldados estadunidenses, a petici\u00f3n, seg\u00fan \u00e9l, del gobierno ileg\u00edtimo del pa\u00eds sudamericano, con el consentimiento, seg\u00fan \u00e9l, del congreso, para entrenar, seg\u00fan \u00e9l, al ej\u00e9rcito y a la polic\u00eda de ese pa\u00eds.<\/p>\n<p>Se adorn\u00f3 en una ma\u00f1anera cuando hizo un llamado de atenci\u00f3n al gobierno de Estados Unidos y a quienes permiten ese acto \u201cinjerencista, que en nada ayuda a buscar la hermandad entre los pueblos del Continente Americano. Es prepotencia. No tiene nada que ver con la pol\u00edtica de buena vecindad del Presidente Roosevelt\u201d (<em>sic<\/em>).<\/p>\n<p>\u00bfQui\u00e9n no ayuda y busca pleitos ajenos? Que alguien me diga c\u00f3mo puede calificarse la actitud del mandatario, si es que no se trata de injerencista, o mejor dicho como aqu\u00ed se estila, de meterse en lo que no le importa.Tambi\u00e9n hace apenas unos d\u00edas, conmin\u00f3 a los connacionales en Estados Unidos a no dar un solo voto a Ron DeSantis, gobernador de Florida por el Partido Republicano y quien acaba de lanzar su candidatura a la Presidencia de la Uni\u00f3n Americana, con la bandera de limitar la migraci\u00f3n por nuestra frontera.<\/p>\n<p>Lo anterior se ha convertido en un verdadero problema para M\u00e9xico, por haber aceptado la devoluci\u00f3n de 30 mil migrantes por mes, cuando no existen las condiciones para asistirlos y eso los convierte en v\u00edctimas de la delincuencia. Desde la de los centros migratorios, hasta de la que est\u00e1 afuera. Al acecho.<\/p>\n<p>Por lo que vemos con claridad, el Presidente tabasque\u00f1o est\u00e1 a gusto de recibir migrantes de donde vengan, sin importar que aqu\u00ed se carezca de capacidad para asistirlos y de que se conviertan en presas del crimen organizado, que busca afanosamente mano de obra para empu\u00f1ar armas de alto calibre a precio c\u00f3modo. Acaba de anunciar la aceptaci\u00f3n de migrantes para que se incorporen en las faenas de construcci\u00f3n del Ten Maya y de otras obras.<\/p>\n<p>\u00bfSu actitud frente al pa\u00eds del norte, al pedir que no voten, de ser requeridos, no es una actitud injerencista? \u00bfLos que pueden votar en esa naci\u00f3n, no tienen motivos suficientes para contribuir en la elecci\u00f3n de quien consideren mejor, toda vez que huyen de un pa\u00eds que no se aplica en la soluci\u00f3n del gran problema de pobreza que padecemos, por m\u00e1s que presuma que es la principal preocupaci\u00f3n?<\/p>\n<p>Lo anterior es reflejo de que sus programas sociales, no son m\u00e1s que paliativos para algunos, raz\u00f3n por la cual, nuestros paisanos buscan mejores condiciones de vida en donde existen, olvidados del consejo presidencial de que no necesitan m\u00e1s que un par de zapatos y un carro viejo.<\/p>\n<p>\u00a1El colmo! Llam\u00f3 injerencista al secretario de Estado, Antony Blinken, por su preocupaci\u00f3n por los periodistas asesinados en M\u00e9xico. \u201cEst\u00e1 mal informado\u201d sentenci\u00f3. Pero aqu\u00ed y afuera todos sabemos del inmenso desprecio del Presidente al gremio, al que un d\u00eda s\u00ed y otro tambi\u00e9n se\u00f1ala y condena a muerte.<\/p>\n<p><a href=\"mailto:ariosruiz@gmail.com\" target=\"_blank\" rel=\"noopener noreferrer\"><em>ariosruiz@gmail.com<\/em><\/a><\/p>\n","protected":false},"excerpt":{"rendered":"<p><span style=\"color: #005497;\"><strong>Armando R\u00edos Ruiz<\/strong><\/span><\/p>\n","protected":false},"author":3,"featured_media":0,"comment_status":"open","ping_status":"open","sticky":false,"template":"","format":"standard","meta":{"_monsterinsights_skip_tracking":false,"_monsterinsights_sitenote_active":false,"_monsterinsights_sitenote_note":"","_monsterinsights_sitenote_category":0,"footnotes":""},"categories":[88405],"tags":[88407,43674,91193],"class_list":["post-585231","post","type-post","status-publish","format-standard","hentry","category-armando-rios-ruiz","tag-armando-rios-ruiz","tag-opinion","tag-perfil-de-mexico"],"_links":{"self":[{"href":"https:\/\/www.diarioimagen.net\/index.php?rest_route=\/wp\/v2\/posts\/585231","targetHints":{"allow":["GET"]}}],"collection":[{"href":"https:\/\/www.diarioimagen.net\/index.php?rest_route=\/wp\/v2\/posts"}],"about":[{"href":"https:\/\/www.diarioimagen.net\/index.php?rest_route=\/wp\/v2\/types\/post"}],"author":[{"embeddable":true,"href":"https:\/\/www.diarioimagen.net\/index.php?rest_route=\/wp\/v2\/users\/3"}],"replies":[{"embeddable":true,"href":"https:\/\/www.diarioimagen.net\/index.php?rest_route=%2Fwp%2Fv2%2Fcomments&post=585231"}],"version-history":[{"count":0,"href":"https:\/\/www.diarioimagen.net\/index.php?rest_route=\/wp\/v2\/posts\/585231\/revisions"}],"wp:attachment":[{"href":"https:\/\/www.diarioimagen.net\/index.php?rest_route=%2Fwp%2Fv2%2Fmedia&parent=585231"}],"wp:term":[{"taxonomy":"category","embeddable":true,"href":"https:\/\/www.diarioimagen.net\/index.php?rest_route=%2Fwp%2Fv2%2Fcategories&post=585231"},{"taxonomy":"post_tag","embeddable":true,"href":"https:\/\/www.diarioimagen.net\/index.php?rest_route=%2Fwp%2Fv2%2Ftags&post=585231"}],"curies":[{"name":"wp","href":"https:\/\/api.w.org\/{rel}","templated":true}]}}