{"id":585235,"date":"2023-05-29T00:03:57","date_gmt":"2023-05-29T06:03:57","guid":{"rendered":"https:\/\/www.diarioimagen.net\/?p=585235"},"modified":"2023-05-28T23:44:38","modified_gmt":"2023-05-29T05:44:38","slug":"aristegui-amlo-peru-edomex","status":"publish","type":"post","link":"https:\/\/www.diarioimagen.net\/?p=585235","title":{"rendered":"Aristegui, AMLO-Per\u00fa. Edomex"},"content":{"rendered":"<h2>Espacio Electoral<\/h2>\n<h5>Eleazar Flores<\/h5>\n<p>&nbsp;<\/p>\n<p><strong>RECONOCIMIENTO-.<\/strong> La otrora consentida de Obrador, Carmelita Aristegui, hoy enemiga n\u00famero \u201cn\u201d de su lista interminable de \u201camigos\u201d de los medios, recibi\u00f3 un reconocimiento internacional por su innegable labor como periodista, algo inexplicablemente poco difundido en nuestro pa\u00eds.<\/p>\n<p>Ser\u00e1 consecuencia del divisionismo que hasta entre nosotros ha sembrado ya saben qui\u00e9n, lo que no deber\u00eda ser, pues el premio lo da el International Press Institute, IPI, con sede en El Salvador, pero con representantes en todos los pa\u00edses latinoamericanos.<\/p>\n<p>\u201cEn M\u00e9xico, el periodismo vive un momento dif\u00edcil\u201d, dijo Aristegui,\u00a0 en tanto que Carlos Dada, director de el peri\u00f3dico <em>El Faro,<\/em> de El Salvador, ratific\u00f3 lo dicho por la homenajeada, a\u00f1adiendo que si el gobierno pone nombre y apellido al periodismo denunciante, \u201cM\u00e9xico se convierte en el pa\u00eds m\u00e1s peligroso para ejercerlo\u201d, a\u00f1adiendo cifras de v\u00edctimas que todos conocemos.<\/p>\n<p><strong>PER\u00da VS AMLO-.<\/strong> A la frase de que Per\u00fa es \u201cmucho pueblo para tan poco gobierno\u201d, pronunciada por el presidente Andr\u00e9s Manuel L\u00f3pez Obrador, la presidenta del pa\u00eds andino, Dina Boluarte, respondi\u00f3 de inmediato: \u201cMucha ignorancia para tanta inteligencia del pueblo mexicano\u201d, y sin cegarnos de nacionalismo, aceptemos sin apasionamiento qui\u00e9n de los dos tiene raz\u00f3n.<\/p>\n<p>El atacante presume no meterse en asuntos internos de otros pa\u00edses, pero a diario o muchas veces al d\u00eda est\u00e1 opinando de algo que ni le incumbe, pero eso s\u00ed, retiene la PRESIDENCIA PRO TEMPORE, que lleva ya meses ostentando el cargo y mejor lo dar\u00e1 al mandatario de Chile que a la peruana.<\/p>\n<p><strong>EDOMEX-.<\/strong> En tierras mexiquenses pasa de todo a 72 horas de que concluyan las campa\u00f1as pol\u00edticas y que en el \u00faltimo fin de semana no se aguantaron las ganas y hablaron en m\u00edtines masivos el coordinador de MORENA, Horacio Duarte, y el guardaespaldas n\u00famero uno, Higinio Mart\u00ednez, en tanto\u00a0 que la candidata Delfina G\u00f3mez observaba con atenci\u00f3n C\u00d3MO SE HABLA EN P\u00daBLICO.<\/p>\n<p>Con m\u00edtines numerosos, o no tanto, la maestra se la pasa platicando y presumiendo en cada concentraci\u00f3n que \u201cVAMOS REQUETEBI\u00c9N\u201d, para agregar de inmediato \u201cno vamos a ganar, vamos a arrasar\u201d. Sus comparsas de PT y PVEM se limitan a escuchar.<\/p>\n<p><strong>OPOSICI\u00d3N-.<\/strong> En la tienda de enfrente, y en su cierre de campa\u00f1a en Toluca, Alejandra del Moral, de los partidos PRI-PAN-PRD-Panal,\u00a0 tambi\u00e9n recurre a sus frases reiteradas en el sentido de que \u201cAqu\u00ed empezar\u00e1 la derrota de Morena\u201d, a\u00f1adiendo que la siguiente ser\u00e1 la de 2024, cuando se renueven cargos m\u00e1s importantes como la Presidencia de la Rep\u00fablica, senado y C\u00e1mara baja.<\/p>\n<p>De hoy al mi\u00e9rcoles podr\u00e1n salir encuestas de firmas m\u00e1s cre\u00edbles en las que \u201cvamos ganando\u201d presume Delfina y Alejandra aclara: \u201cLas encuestas no votan\u201d, as\u00ed que a esperar.<\/p>\n<p><em><a href=\"mailto:elefa44@gmail.com\" target=\"_blank\" rel=\"noopener noreferrer\">elefa44@gmail.com<\/a><\/em><\/p>\n","protected":false},"excerpt":{"rendered":"<p><span style=\"color: #005497;\"><strong>Eleazar Flores<\/strong><\/span><\/p>\n","protected":false},"author":3,"featured_media":0,"comment_status":"open","ping_status":"open","sticky":false,"template":"","format":"standard","meta":{"_monsterinsights_skip_tracking":false,"_monsterinsights_sitenote_active":false,"_monsterinsights_sitenote_note":"","_monsterinsights_sitenote_category":0,"footnotes":""},"categories":[81743],"tags":[81744,81776,43674],"class_list":["post-585235","post","type-post","status-publish","format-standard","hentry","category-eleazar-flores","tag-eleazar-flores","tag-espacio-electoral","tag-opinion"],"_links":{"self":[{"href":"https:\/\/www.diarioimagen.net\/index.php?rest_route=\/wp\/v2\/posts\/585235","targetHints":{"allow":["GET"]}}],"collection":[{"href":"https:\/\/www.diarioimagen.net\/index.php?rest_route=\/wp\/v2\/posts"}],"about":[{"href":"https:\/\/www.diarioimagen.net\/index.php?rest_route=\/wp\/v2\/types\/post"}],"author":[{"embeddable":true,"href":"https:\/\/www.diarioimagen.net\/index.php?rest_route=\/wp\/v2\/users\/3"}],"replies":[{"embeddable":true,"href":"https:\/\/www.diarioimagen.net\/index.php?rest_route=%2Fwp%2Fv2%2Fcomments&post=585235"}],"version-history":[{"count":0,"href":"https:\/\/www.diarioimagen.net\/index.php?rest_route=\/wp\/v2\/posts\/585235\/revisions"}],"wp:attachment":[{"href":"https:\/\/www.diarioimagen.net\/index.php?rest_route=%2Fwp%2Fv2%2Fmedia&parent=585235"}],"wp:term":[{"taxonomy":"category","embeddable":true,"href":"https:\/\/www.diarioimagen.net\/index.php?rest_route=%2Fwp%2Fv2%2Fcategories&post=585235"},{"taxonomy":"post_tag","embeddable":true,"href":"https:\/\/www.diarioimagen.net\/index.php?rest_route=%2Fwp%2Fv2%2Ftags&post=585235"}],"curies":[{"name":"wp","href":"https:\/\/api.w.org\/{rel}","templated":true}]}}