{"id":585394,"date":"2023-05-30T00:17:04","date_gmt":"2023-05-30T06:17:04","guid":{"rendered":"https:\/\/www.diarioimagen.net\/?p=585394"},"modified":"2023-06-05T23:52:58","modified_gmt":"2023-06-06T05:52:58","slug":"el-poder-del-voto-femenino-en-mexico","status":"publish","type":"post","link":"https:\/\/www.diarioimagen.net\/?p=585394","title":{"rendered":"El poder del voto femenino en M\u00e9xico"},"content":{"rendered":"<h2>Caleidoscopio<\/h2>\n<h5>Guillermina G\u00f3mora Ord\u00f3\u00f1ez<\/h5>\n<p>&nbsp;<\/p>\n<p>A unos d\u00edas de que se lleven a cabo las elecciones para las gubernaturas en <strong>Coahuila<\/strong> y el <strong>Estado de M\u00e9xico<\/strong>, el <strong>Secretariado Ejecutivo del Sistema Nacional de Seguridad P\u00fablica<\/strong> (SESNSP), inform\u00f3 que 900 mujeres fueron asesinadas en lo que va del a\u00f1o en el pa\u00eds. Sin embargo, no es un tema prioritario en la agenda pol\u00edtica.<\/p>\n<p>Prueba de ello, es cuando el gobierno de la <strong><em>#4Transformaci\u00f3n<\/em><\/strong>, intent\u00f3 imponer a <strong>F\u00e9lix Salgado Macedonio<\/strong>, acusado de violencia sexual, como candidato de Morena a la gubernatura de Guerrero en 2021.\u00a0 Entonces, el <strong>prAndr\u00e9s Manuel L\u00f3pez Obrador<\/strong> justific\u00f3 las denuncias de las afectadas como: \u201cson acusaciones de temporada\u201d.<\/p>\n<p>Salgado Macedonio sali\u00f3 de la contienda, pero \u201ccasualmente\u201d su hija gan\u00f3 la encuesta de Morena. <strong>Evelyn Salgado<\/strong>, <strong>\u201cLa Torita\u201d<\/strong>, fue una candidata-heredera a la sombra de su padre y gan\u00f3 las elecciones en Guerrero, donde se dice que gobierna de la mano de su pap\u00e1.<\/p>\n<p>No es el primer caso de relevos pol\u00edticos. En 2009, <strong>Rafael Acosta \u00c1ngeles<\/strong>, conocido como <strong>\u201cJuanito\u201d,<\/strong> compiti\u00f3 por la alcald\u00eda Iztapalapa y luego de ganar renunci\u00f3 para dejarle su lugar a <strong>Clara Brugada<\/strong>, por petici\u00f3n de L\u00f3pez Obrador. As\u00ed naci\u00f3, el t\u00e9rmino \u201cJuanitas\u201d o \u201cJuanitos\u201d para quienes compiten por alg\u00fan cargo y luego lo \u201cceden\u201d a otros.<\/p>\n<p>Para las elecciones del pr\u00f3ximo domingo, se replican los usos y costumbres de la partidocracia mexicana. En la boleta de <strong>Coahuila<\/strong> para elegir gobernador s\u00f3lo habr\u00e1 hombres y en territorio mexiquense dos mujeres: <strong>Alejandra del Moral y Delfina G\u00f3mez, <\/strong>buscan la gubernatura.<\/p>\n<p>La representante de <strong>Morena<\/strong>, la maestra <strong>Delfina G\u00f3mez<\/strong>, goza del apoyo presidencial (al m\u00e1s puro estilo del partido hegem\u00f3nico como cuando gobernaba el PRI) y su campa\u00f1a la manejan sus dos ex contrincantes: <strong>Horacio Duarte e Higinio Ch\u00e1vez<\/strong>. Quienes deciden lo que hace y lo que dice. Otra mujer a la sombra de sus padrinos pol\u00edticos.<\/p>\n<p>Una situaci\u00f3n realmente penosa, pues todo indica que <strong>Alejandra Del Moral<\/strong>, candidata de la alianza <strong>Va por el Estado de M\u00e9xico<\/strong>, compite contra tres hombres y no contra una mujer. <strong>Delfina G\u00f3mez<\/strong> se sumar\u00eda al caso de <strong>Evelyn Salgado<\/strong>, donde las mujeres son utilizadas como carnada para fines pol\u00edticos.<\/p>\n<p>Lamentable, porque por primera vez en la historia de M\u00e9xico, hay nueve mujeres gobernadoras que atienden a m\u00e1s de 26 millones de mexicanos. Deplorable, porque Delfina respalda la violencia simb\u00f3lica que afianza el patriarcado, en una campa\u00f1a donde no hay registro de propuestas concretas sobre pol\u00edticas p\u00fablicas para prevenir, atender y erradicar la agresi\u00f3n de g\u00e9nero. La impunidad es la constante en el d\u00eda a d\u00eda de millones de mexicanas.<\/p>\n<p>Afortunadamente, el pasado 24 de mayo, la Comisi\u00f3n Permanente del Congreso de la Uni\u00f3n elev\u00f3 a rango constitucional la <strong>Ley 3 de 3<\/strong> que impide a los agresores sexuales, deudores alimentarios o culpables de violencia de g\u00e9nero competir por cargos de elecci\u00f3n popular o participar en el servicio p\u00fablico. Esta reforma se aplicar\u00e1 para el proceso electoral de 2024.<\/p>\n<p>En M\u00e9xico, las mujeres representan un poco m\u00e1s de la mitad de la poblaci\u00f3n, con un 52 por ciento (66.2 millones), ciudadanas con los mismos derechos y obligaciones que los hombres. En el padr\u00f3n electoral son el 51 por ciento, de los 97,232,962 mexicanos registrados, las mujeres suman 50, 459, 362. Adem\u00e1s, son las que m\u00e1s votan; en 2018, se calcula que del 63.1% del electorado que acudi\u00f3 a las urnas, 34.8% fue voto de mujeres y 28.3 de hombres.<\/p>\n<p>Un bot\u00edn pol\u00edtico nada despreciable para los partidos y el gobierno de la #4Transformaci\u00f3n, que ha ignorado y estigmatizado el movimiento feminista a grado tal que a\u00fan resuena la pregunta hecha al <strong>presidente L\u00f3pez Obrador<\/strong> a las puertas de Palacio Nacional: <strong>\u00bfCu\u00e1nto vale el cachito de la justicia?<\/strong><\/p>\n<p>As\u00ed las cosas, en materia de elecciones, nosotras tenemos la \u00faltima palabra para elegir a nuestros gobernantes y generar mejores condiciones de vida. Salgamos a votar este 4 de junio.<\/p>\n<p style=\"text-align: center;\"><strong>VERICUENTOS<\/strong><\/p>\n<p style=\"text-align: center;\"><strong>Crece violencia,<\/strong><strong>\u00a0fracasan los abrazos<\/strong><\/p>\n<p>Con m\u00e1s de 156 mil 136 asesinatos registrados en el periodo de diciembre de 2018 al 24 de mayo de 2023, ser\u00e1 muy interesante e importante la reuni\u00f3n de la comisi\u00f3n bicameral del Congreso mexicano que da seguimiento a los trabajos en seguridad p\u00fablica, de las fuerzas armadas permanentes y la guardia nacional con los integrantes del gabinete de seguridad federal. <strong>Ricardo Monreal,<\/strong> presidente de la Jucopo en el Senado, confirm\u00f3 que ser\u00e1 privada. \u00bfSer\u00e1 por qu\u00e9 se duda que asistan: <strong>Luis Cresencio Sandoval, de Sedena<\/strong>; <strong>Rafael Ojeda, de Marina <\/strong>y <strong>Rosa Icela Rodr\u00edguez, de Seguridad P\u00fablica<\/strong>? o \u00bfSer\u00e1 por qu\u00e9 la estrategia \u201cAbrazos, no Balazos\u201d, de la <strong><em>#4T <\/em><\/strong>no funciona? <strong>\u00a1Sopas!<\/strong><\/p>\n<p style=\"text-align: center;\"><strong>\u00bfVotar o no votar?<\/strong><\/p>\n<p>Una vez m\u00e1s, surge el exhorto para acudir a las urnas. La <strong>Coparmex<\/strong> revel\u00f3 que el 48% de los 93 millones de mexicanos no votaron en las elecciones intermedias de 2021. Advierte que si el abstencionismo fuese un partido arrasar\u00eda, ya que en el 87% de las casillas son m\u00e1s los que no votan. Los empresarios preguntan a los ciudadanos: \u00bfEres de los que se informan y ejerces tu derecho a votar o de los que dejan que otros elijan por ti, pese a que eso puede afectarte? <strong>\u00a1\u00d3rale!<\/strong><\/p>\n<p><a href=\"https:\/\/twitter.com\/guillegomora?lang=es\" target=\"_blank\" rel=\"noopener\"><em>@guillegomora<\/em><\/a><\/p>\n","protected":false},"excerpt":{"rendered":"<p><span style=\"color: #005497;\"><strong>Guillermina G\u00f3mora Ord\u00f3\u00f1ez<\/strong><\/span<\/span><\/p>\n","protected":false},"author":3,"featured_media":0,"comment_status":"open","ping_status":"open","sticky":false,"template":"","format":"standard","meta":{"_monsterinsights_skip_tracking":false,"_monsterinsights_sitenote_active":false,"_monsterinsights_sitenote_note":"","_monsterinsights_sitenote_category":0,"footnotes":""},"categories":[58361],"tags":[58362,58363,43674],"class_list":["post-585394","post","type-post","status-publish","format-standard","hentry","category-guillermina-gomora-ordonez","tag-caleidoscopio","tag-guillermina-gomora-ordonez","tag-opinion"],"_links":{"self":[{"href":"https:\/\/www.diarioimagen.net\/index.php?rest_route=\/wp\/v2\/posts\/585394","targetHints":{"allow":["GET"]}}],"collection":[{"href":"https:\/\/www.diarioimagen.net\/index.php?rest_route=\/wp\/v2\/posts"}],"about":[{"href":"https:\/\/www.diarioimagen.net\/index.php?rest_route=\/wp\/v2\/types\/post"}],"author":[{"embeddable":true,"href":"https:\/\/www.diarioimagen.net\/index.php?rest_route=\/wp\/v2\/users\/3"}],"replies":[{"embeddable":true,"href":"https:\/\/www.diarioimagen.net\/index.php?rest_route=%2Fwp%2Fv2%2Fcomments&post=585394"}],"version-history":[{"count":0,"href":"https:\/\/www.diarioimagen.net\/index.php?rest_route=\/wp\/v2\/posts\/585394\/revisions"}],"wp:attachment":[{"href":"https:\/\/www.diarioimagen.net\/index.php?rest_route=%2Fwp%2Fv2%2Fmedia&parent=585394"}],"wp:term":[{"taxonomy":"category","embeddable":true,"href":"https:\/\/www.diarioimagen.net\/index.php?rest_route=%2Fwp%2Fv2%2Fcategories&post=585394"},{"taxonomy":"post_tag","embeddable":true,"href":"https:\/\/www.diarioimagen.net\/index.php?rest_route=%2Fwp%2Fv2%2Ftags&post=585394"}],"curies":[{"name":"wp","href":"https:\/\/api.w.org\/{rel}","templated":true}]}}