{"id":585403,"date":"2023-05-30T00:10:35","date_gmt":"2023-05-30T06:10:35","guid":{"rendered":"https:\/\/www.diarioimagen.net\/?p=585403"},"modified":"2023-05-29T23:28:10","modified_gmt":"2023-05-30T05:28:10","slug":"y-pario-la-abuela","status":"publish","type":"post","link":"https:\/\/www.diarioimagen.net\/?p=585403","title":{"rendered":"Y pari\u00f3 la abuela"},"content":{"rendered":"<h2>De frente y de perfil<\/h2>\n<h5>Ram\u00f3n Zurita Sahag\u00fan<\/h5>\n<p>&nbsp;<\/p>\n<p>\u00c9ramos muchos y pari\u00f3 la abuela, sentencia el viejo refr\u00e1n popular que se aplica a la creciente lista de \u201ccorcholatas\u201d de Morena, misma que ya hab\u00eda sido depurada y ahora se incrementa por las negociaciones realizadas con el PVEM.<\/p>\n<p>Primero fue una abundante lista de nombres la delineada por el presidente L\u00f3pez Obrador, la que fue reducida dr\u00e1sticamente a solamente tres \u201ccorcholatas\u201d, a la que se sum\u00f3 otra m\u00e1s (aceptada con reservas), m\u00e1s adelante un diputado de un partido aliado pidi\u00f3 ser considerado y ahora un senador incrementa el abultado listado.<\/p>\n<p>Cuando el Ejecutivo federal decidi\u00f3 destapara el tema de las \u201ccorcholatas\u201d, determin\u00f3 incluir en ellas a medio gabinete, a efecto de depurarlo y dejarlo en solamente tres personas (Claudia Sheinbaum, Marcelo Ebrard y Ad\u00e1n Augusto L\u00f3pez) y al no ser considerado dentro del restringido grupo, Ricardo Monreal, coordinador de los senadores de Morena decidi\u00f3 subirse a la palestra, siendo ignorado por largo tiempo, hasta que el Presidente decidi\u00f3 incluirlo. Gerardo Fern\u00e1ndez, diputado del PT anunci\u00f3 que se sumaba a dicha lista y se consinti\u00f3 en que sea evaluado en las encuestas que habr\u00e1n de levantarse para definir al abanderado de Morena y sus aliados. Ahora resulta (al cuarto para las doce) que Manuel Velasco el coordinador de los senadores del Verde es subido a la contienda presidencial, sin que tenga ninguna oportunidad de competir, pero logr\u00f3 el ascenso a cambio de que su candidato al gobierno de Coahuila (Lenin P\u00e9rez) se bajara de la contienda, lo que convinieron los dirigentes del Partido Verde, con la negativa del candidato.<\/p>\n<p>La negociaci\u00f3n pol\u00edtica tuvo su efecto, pues Velasco puede ser considerado como una nueva \u201ccorcholata\u201d, sin opci\u00f3n alguna para figurar.<\/p>\n<p>La contienda interna de los aspirantes de Morena se encuentra casi resuelta y solamente la jefa de Gobierno de la CDMX, Claudia Sheinbaum, y Marcelo Ebrard, secretario de Relaciones Exteriores se enfilan a la disputa final. Ad\u00e1n no ha crecido, Monreal se baj\u00f3 solo, ya que no le interesa participar si el escrutinio es por encuesta y Fern\u00e1ndez y Velasco, son simples payasos de la comparsa.<\/p>\n<p>Dentro de Morena se busca mantener la alianza con PT y PVEM y por eso Mario Delgado recibi\u00f3 \u00f3rdenes de aceptar a los supuestos candidatos de esos partidos, pero solamente como m\u00fasica de acompa\u00f1amiento, pero sin tomarlos muy en serio.<\/p>\n<p>Ellos, Gerardo Fern\u00e1ndez y Manuel Velasco se encuentran felices de estar en el compacto grupo de \u201ccorcholatas\u201d, para efectos de un posicionamiento que jam\u00e1s han tenido.<\/p>\n<p>Mientras que ellos se conforman con ser tomados en cuenta, Marcelo advierte como sus bonos van a la baja y Claudia aumenta su distancia en las preferencias, por lo que el secretario de Relaciones Exteriores dar\u00e1 a conocer el pr\u00f3ximo lunes su propuesta para que Morena defina el m\u00e9todo para elegir candidato o candidata presidencial, una propuesta que no ser\u00e1 considerada, ya que Movimiento de Regeneraci\u00f3n Nacional ya defini\u00f3 que ser\u00e1 por el sistema de encuestas, decisi\u00f3n avalada por el propio Ejecutivo federal.<\/p>\n<p>En este juego, donde el Presidente cuenta con las cartas de la suerte, incluidos los comodines, poco es lo que podr\u00eda cambiar de lo ya que est\u00e1 definido con anterioridad.<\/p>\n<p style=\"text-align: center;\"><strong>******<\/strong><\/p>\n<p>De nada parece haber servido la negociaci\u00f3n realizada por las dirigencias nacionales de Morena y del Partido Verde, pues Lenin P\u00e9rez asegura que \u00e9l sigue siendo el candidato del PVEM, ya que no ha renunciado a la nominaci\u00f3n y Ricardo Mej\u00eda se sostiene hasta lo \u00faltimo como abanderado del PT. Armando Guadiana se advierte perdido, sin opciones de triunfo. En el Estado de M\u00e9xico reaparecen las encuestas y contin\u00faan situando a Delfina G\u00f3mez como la posible triunfadora al llevar entre 14 y 18 puntos de ventaja a Alejandra Del Moral.<\/p>\n<p><a href=\"mailto:ramonzurita44@hotmail.com\" target=\"_blank\" rel=\"noopener noreferrer\"><em>ramonzurita44@hotmail.com<\/em><\/a><\/p>\n","protected":false},"excerpt":{"rendered":"<p><span style=\"color: #005497;\"><strong>Ram\u00f3n Zurita Sahag\u00fan<\/strong><\/span><\/p>\n","protected":false},"author":3,"featured_media":0,"comment_status":"open","ping_status":"open","sticky":false,"template":"","format":"standard","meta":{"_monsterinsights_skip_tracking":false,"_monsterinsights_sitenote_active":false,"_monsterinsights_sitenote_note":"","_monsterinsights_sitenote_category":0,"footnotes":""},"categories":[234],"tags":[304,43674,43687],"class_list":["post-585403","post","type-post","status-publish","format-standard","hentry","category-ramon-zurita-sahagun","tag-de-frente-y-de-perfil","tag-opinion","tag-ramon-zurita-sahagun"],"_links":{"self":[{"href":"https:\/\/www.diarioimagen.net\/index.php?rest_route=\/wp\/v2\/posts\/585403","targetHints":{"allow":["GET"]}}],"collection":[{"href":"https:\/\/www.diarioimagen.net\/index.php?rest_route=\/wp\/v2\/posts"}],"about":[{"href":"https:\/\/www.diarioimagen.net\/index.php?rest_route=\/wp\/v2\/types\/post"}],"author":[{"embeddable":true,"href":"https:\/\/www.diarioimagen.net\/index.php?rest_route=\/wp\/v2\/users\/3"}],"replies":[{"embeddable":true,"href":"https:\/\/www.diarioimagen.net\/index.php?rest_route=%2Fwp%2Fv2%2Fcomments&post=585403"}],"version-history":[{"count":0,"href":"https:\/\/www.diarioimagen.net\/index.php?rest_route=\/wp\/v2\/posts\/585403\/revisions"}],"wp:attachment":[{"href":"https:\/\/www.diarioimagen.net\/index.php?rest_route=%2Fwp%2Fv2%2Fmedia&parent=585403"}],"wp:term":[{"taxonomy":"category","embeddable":true,"href":"https:\/\/www.diarioimagen.net\/index.php?rest_route=%2Fwp%2Fv2%2Fcategories&post=585403"},{"taxonomy":"post_tag","embeddable":true,"href":"https:\/\/www.diarioimagen.net\/index.php?rest_route=%2Fwp%2Fv2%2Ftags&post=585403"}],"curies":[{"name":"wp","href":"https:\/\/api.w.org\/{rel}","templated":true}]}}