{"id":585503,"date":"2023-05-31T00:02:01","date_gmt":"2023-05-31T06:02:01","guid":{"rendered":"https:\/\/www.diarioimagen.net\/?p=585503"},"modified":"2023-05-31T22:55:44","modified_gmt":"2023-06-01T04:55:44","slug":"otorgan-jueces-mas-de-5-mil-medidas-de-proteccion-a-mujeres-victimas-de-violencia","status":"publish","type":"post","link":"https:\/\/www.diarioimagen.net\/?p=585503","title":{"rendered":"Otorgan jueces m\u00e1s de 5 mil medidas de protecci\u00f3n a mujeres v\u00edctimas de violencia"},"content":{"rendered":"<p>&nbsp;<\/p>\n<ul>\n<li><strong><em>Esto, en el periodo del 1 de enero al 22 de mayo pasado, inform\u00f3 la consejera de la Judicatura de la Ciudad de M\u00e9xico, Emma Campos Burgos<\/em><\/strong><\/li>\n<li><strong><em>Subray\u00f3 que la instituci\u00f3n comparte la visi\u00f3n de lograr que las mujeres vivan en plenitud sus derechos en condiciones de igualdad y sin violencia<\/em><\/strong><\/li>\n<\/ul>\n<p>&nbsp;<\/p>\n<div id=\"attachment_585608\" style=\"width: 470px\" class=\"wp-caption aligncenter\"><a href=\"https:\/\/www.diarioimagen.net\/?attachment_id=585608\" rel=\"attachment wp-att-585608\"><img loading=\"lazy\" decoding=\"async\" aria-describedby=\"caption-attachment-585608\" class=\"wp-image-585608\" src=\"https:\/\/www.diarioimagen.net\/wp-content\/uploads\/2023\/05\/tribunal-otorgan-jueces.jpg\" alt=\"\" width=\"460\" height=\"270\" \/><\/a><p id=\"caption-attachment-585608\" class=\"wp-caption-text\">Presidente del PJCDMX, magistrado Rafael Guerra \u00c1lvarez.\u00a0 \/ Consejera Emma Campos Burgos.<\/p><\/div>\n<p>&nbsp;<\/p>\n<p>Impartidores de justicia del Poder Judicial de la Ciudad de M\u00e9xico (PJCDMX), que preside el magistrado Rafael Guerra \u00c1lvarez, emitieron a mujeres v\u00edctimas de violencia 5,480 medidas de protecci\u00f3n a su favor en el periodo comprendido entre el 1 de enero al 22 de mayo pasado.<\/p>\n<p>Con la representaci\u00f3n del magistrado Guerra \u00c1lvarez, as\u00ed lo inform\u00f3 la consejera de la Judicatura de la Ciudad de M\u00e9xico, Emma Campos Burgos, quien subray\u00f3 que la instituci\u00f3n comparte la visi\u00f3n de lograr que las mujeres vivan en plenitud sus derechos en condiciones de igualdad y sin violencia.<\/p>\n<p>En la presentaci\u00f3n del informe mensual de la Alerta por Violencia contra las Mujeres de la Ciudad de M\u00e9xico, record\u00f3 que los estereotipos y la educaci\u00f3n patriarcal han hecho pensar de manera colectiva que el g\u00e9nero masculino es superior a cualquier otro, lo que ha provocado que la persona que no figure dentro de \u00e9ste sea tratada como inferior y sujeta a alguna expresi\u00f3n de violencia, la cual se ha considerado como justificada o normal.<\/p>\n<p>Campos Burgos mencion\u00f3 que las medidas de protecci\u00f3n concedidas por las juezas y jueces del \u00f3rgano judicial capitalino est\u00e1n enmarcadas en la Ley de Acceso de las Mujeres a una Vida Libre de Violencia de la Ciudad de M\u00e9xico y en el C\u00f3digo Nacional de Procedimientos Penales, y precis\u00f3 que, respecto a la primera, se emitieron en el periodo se\u00f1alado 4,757, en tanto que, en relaci\u00f3n al segundo ordenamiento legal, 723.<\/p>\n<p>Abund\u00f3 que, de las previstas en Ley de Acceso de las Mujeres a una Vida Libre de Violencia de la Ciudad de M\u00e9xico, la que m\u00e1s emitieron los jueces fue la prohibici\u00f3n a la persona agresora de intimidar o molestar por s\u00ed o por cualquier medio a aquella en situaci\u00f3n de violencia, a sus hijas e hijos u otras v\u00edctimas indirectas o testigos con 1,292.<\/p>\n<p>Por otra parte, de las previstas en el C\u00f3digo Nacional de Procedimientos Penales, la que m\u00e1s se emiti\u00f3, con 329, fue la prohibici\u00f3n de acercarse o comunicarse con la v\u00edctima u ofendido.<\/p>\n<p>La consejera de la Judicatura subray\u00f3 que, en el \u00f3rgano judicial capitalino, asimismo, se trabaja a favor de que los impartidores de justicia tengan la visi\u00f3n de una aplicaci\u00f3n de la justicia desde la perspectiva de g\u00e9nero, orientaci\u00f3n sexual, identidad y expresi\u00f3n de g\u00e9nero y caracter\u00edsticas sexuales.<\/p>\n<p>Todo, agreg\u00f3, con un enfoque de interseccionalidad en todos los casos que involucren mujeres y ni\u00f1as, as\u00ed como la importancia de tomar medidas para poner fin a la violencia contra ese sector de la poblaci\u00f3n en todos los \u00e1mbitos y espacios.<\/p>\n","protected":false},"excerpt":{"rendered":"<p>Impartidores de justicia del Poder Judicial de la Ciudad de M\u00e9xico (PJCDMX), que preside el magistrado Rafael Guerra \u00c1lvarez, emitieron a mujeres v\u00edctimas de violencia 5,480 medidas de protecci\u00f3n a su favor en el periodo comprendido entre el 1 de enero al 22 de mayo pasado.<\/p>\n","protected":false},"author":3,"featured_media":585608,"comment_status":"open","ping_status":"open","sticky":false,"template":"","format":"standard","meta":{"_monsterinsights_skip_tracking":false,"_monsterinsights_sitenote_active":false,"_monsterinsights_sitenote_note":"","_monsterinsights_sitenote_category":0,"footnotes":""},"categories":[6],"tags":[87379,22495],"class_list":["post-585503","post","type-post","status-publish","format-standard","has-post-thumbnail","hentry","category-cd-de-mexico","tag-pjcdmx","tag-proteccion"],"_links":{"self":[{"href":"https:\/\/www.diarioimagen.net\/index.php?rest_route=\/wp\/v2\/posts\/585503","targetHints":{"allow":["GET"]}}],"collection":[{"href":"https:\/\/www.diarioimagen.net\/index.php?rest_route=\/wp\/v2\/posts"}],"about":[{"href":"https:\/\/www.diarioimagen.net\/index.php?rest_route=\/wp\/v2\/types\/post"}],"author":[{"embeddable":true,"href":"https:\/\/www.diarioimagen.net\/index.php?rest_route=\/wp\/v2\/users\/3"}],"replies":[{"embeddable":true,"href":"https:\/\/www.diarioimagen.net\/index.php?rest_route=%2Fwp%2Fv2%2Fcomments&post=585503"}],"version-history":[{"count":0,"href":"https:\/\/www.diarioimagen.net\/index.php?rest_route=\/wp\/v2\/posts\/585503\/revisions"}],"wp:featuredmedia":[{"embeddable":true,"href":"https:\/\/www.diarioimagen.net\/index.php?rest_route=\/wp\/v2\/media\/585608"}],"wp:attachment":[{"href":"https:\/\/www.diarioimagen.net\/index.php?rest_route=%2Fwp%2Fv2%2Fmedia&parent=585503"}],"wp:term":[{"taxonomy":"category","embeddable":true,"href":"https:\/\/www.diarioimagen.net\/index.php?rest_route=%2Fwp%2Fv2%2Fcategories&post=585503"},{"taxonomy":"post_tag","embeddable":true,"href":"https:\/\/www.diarioimagen.net\/index.php?rest_route=%2Fwp%2Fv2%2Ftags&post=585503"}],"curies":[{"name":"wp","href":"https:\/\/api.w.org\/{rel}","templated":true}]}}