{"id":585517,"date":"2023-05-31T00:04:05","date_gmt":"2023-05-31T06:04:05","guid":{"rendered":"https:\/\/www.diarioimagen.net\/?p=585517"},"modified":"2023-05-31T01:25:00","modified_gmt":"2023-05-31T07:25:00","slug":"llego-la-hora-de-ver-quien-es-quien-en-las-urnas-afirma-la-aliancista-alejandra-del-moral","status":"publish","type":"post","link":"https:\/\/www.diarioimagen.net\/?p=585517","title":{"rendered":"Lleg\u00f3 la hora de ver qui\u00e9n es qui\u00e9n en las urnas, afirma la aliancista Alejandra Del Moral"},"content":{"rendered":"<p>&nbsp;<\/p>\n<ul>\n<li><em><strong>Conf\u00eda en una tendencia ganadora<\/strong><\/em><\/li>\n<\/ul>\n<p><strong>\u00a0<\/strong><\/p>\n<h6>Arturo Baena<\/h6>\n<p>&nbsp;<\/p>\n<div id=\"attachment_585623\" style=\"width: 470px\" class=\"wp-caption aligncenter\"><a href=\"https:\/\/www.diarioimagen.net\/?attachment_id=585623\" rel=\"attachment wp-att-585623\"><img loading=\"lazy\" decoding=\"async\" aria-describedby=\"caption-attachment-585623\" class=\"size-full wp-image-585623\" src=\"https:\/\/www.diarioimagen.net\/wp-content\/uploads\/2023\/05\/llego-la-hora.jpg\" alt=\"\" width=\"460\" height=\"270\" \/><\/a><p id=\"caption-attachment-585623\" class=\"wp-caption-text\">Luego de recorrer los 125 municipios del Estado de M\u00e9xico, Alejandra Del Moral asegur\u00f3 que se tiene una tendencia ganadora en toda la entidad.<\/p><\/div>\n<p>&nbsp;<\/p>\n<p><strong>Valle de M\u00e9xico.\u2014<\/strong> De cara a la elecci\u00f3n del pr\u00f3ximo domingo, Alejandra Del Moral Vela, candidata de la coalici\u00f3n Va por el Estado de M\u00e9xico, asegur\u00f3 que lleg\u00f3 la hora de la batalla final, lleg\u00f3 la hora de ver qui\u00e9n es qui\u00e9n en las urnas; \u201cVamos a ver de qu\u00e9 cuero salen m\u00e1s correas.<\/p>\n<p>En reuni\u00f3n de trabajo con militantes y simpatizantes de la alianza, la abanderada -luego de recorrer los 125 municipios del estado- asegur\u00f3 que se tiene una tendencia ganadora en toda la entidad y con el respaldo de las y los mexiquenses valientes \u201cvamos a defender nuestra patria chica\u201d.<\/p>\n<p>Ya los rebasamos y les vamos a ganar, no habr\u00e1 pretexto, no habr\u00e1 ninguna duda, obtendremos un triunfo contundente el pr\u00f3ximo domingo, anot\u00f3.<\/p>\n<p>Del Moral Vela agradeci\u00f3 a los militantes y simpatizantes de los partidos que conforman la coalici\u00f3n Va por el Estado de M\u00e9xico, quienes con su esfuerzo y convicci\u00f3n hacen que esta campa\u00f1a camine a paso firme y conquiste corazones.<\/p>\n<p>Agradeci\u00f3 tambi\u00e9n a la sociedad civil organizada, aquellos que no militan en ning\u00fan partido pol\u00edtico que durante estos d\u00edas se suman a esta gran alianza ganadora y eligen el lado correcto de la historia, agreg\u00f3.<\/p>\n<p>\u201cPriistas, panistas, perredistas y aliancistas tenemos una cita con la historia, estamos ante el reto m\u00e1s grande que hayamos tenido, esta vez depende de nosotros no s\u00f3lo el futuro de M\u00e9xico, sino el futuro de nuestro pa\u00eds.<\/p>\n<p>\u201cCon pasi\u00f3n, con convicci\u00f3n y con todo el coraz\u00f3n defenderemos en el campo de batalla como siempre lo hemos hecho, unidos como hermanos, como familia luchando fuertes, orgullosos de nuestros ideales.<\/p>\n<p>\u201cAl inicio de esta campa\u00f1a parec\u00eda imposible, arrancamos esta campa\u00f1a 20 puntos abajo y ya los alcanzamos, les vamos a ganar, les vamos a demostrar a lo que tanto temen, que somos m\u00e1s fuertes que ellos, m\u00e1s capaces, m\u00e1s valientes, defendiendo el cambio valiente que transforma, salgamos a ganar, porque esta va por nuestros hijos, nuestra tierra, por M\u00e9xico\u201d, se\u00f1al\u00f3 Del Moral Vela.<\/p>\n","protected":false},"excerpt":{"rendered":"<p>De cara a la elecci\u00f3n del pr\u00f3ximo domingo, Alejandra Del Moral Vela, candidata de la coalici\u00f3n Va por el Estado de M\u00e9xico, asegur\u00f3 que lleg\u00f3 la hora de la batalla final, lleg\u00f3 la hora de ver qui\u00e9n es qui\u00e9n en las urnas; \u201cVamos a ver de qu\u00e9 cuero salen m\u00e1s correas.<\/p>\n","protected":false},"author":3,"featured_media":585623,"comment_status":"open","ping_status":"open","sticky":false,"template":"","format":"standard","meta":{"_monsterinsights_skip_tracking":false,"_monsterinsights_sitenote_active":false,"_monsterinsights_sitenote_note":"","_monsterinsights_sitenote_category":0,"footnotes":""},"categories":[5],"tags":[2833,96260,10770,34],"class_list":["post-585517","post","type-post","status-publish","format-standard","has-post-thumbnail","hentry","category-estado-de-mexico","tag-alejandra-del-moral-vela","tag-aliancista","tag-confianza","tag-valle-de-mexico"],"_links":{"self":[{"href":"https:\/\/www.diarioimagen.net\/index.php?rest_route=\/wp\/v2\/posts\/585517","targetHints":{"allow":["GET"]}}],"collection":[{"href":"https:\/\/www.diarioimagen.net\/index.php?rest_route=\/wp\/v2\/posts"}],"about":[{"href":"https:\/\/www.diarioimagen.net\/index.php?rest_route=\/wp\/v2\/types\/post"}],"author":[{"embeddable":true,"href":"https:\/\/www.diarioimagen.net\/index.php?rest_route=\/wp\/v2\/users\/3"}],"replies":[{"embeddable":true,"href":"https:\/\/www.diarioimagen.net\/index.php?rest_route=%2Fwp%2Fv2%2Fcomments&post=585517"}],"version-history":[{"count":0,"href":"https:\/\/www.diarioimagen.net\/index.php?rest_route=\/wp\/v2\/posts\/585517\/revisions"}],"wp:featuredmedia":[{"embeddable":true,"href":"https:\/\/www.diarioimagen.net\/index.php?rest_route=\/wp\/v2\/media\/585623"}],"wp:attachment":[{"href":"https:\/\/www.diarioimagen.net\/index.php?rest_route=%2Fwp%2Fv2%2Fmedia&parent=585517"}],"wp:term":[{"taxonomy":"category","embeddable":true,"href":"https:\/\/www.diarioimagen.net\/index.php?rest_route=%2Fwp%2Fv2%2Fcategories&post=585517"},{"taxonomy":"post_tag","embeddable":true,"href":"https:\/\/www.diarioimagen.net\/index.php?rest_route=%2Fwp%2Fv2%2Ftags&post=585517"}],"curies":[{"name":"wp","href":"https:\/\/api.w.org\/{rel}","templated":true}]}}